{"id":312767,"date":"2025-08-12T00:29:13","date_gmt":"2025-08-12T00:29:13","guid":{"rendered":"https:\/\/www.europesays.com\/fr\/312767\/"},"modified":"2025-08-12T00:29:13","modified_gmt":"2025-08-12T00:29:13","slug":"les-jonas-brothers-ont-fait-une-belle-surprise-lors-dun-concert-kylie-jenner-fete-ses-28-ans","status":"publish","type":"post","link":"https:\/\/www.europesays.com\/fr\/312767\/","title":{"rendered":"Les Jonas Brothers ont fait une belle surprise lors d\u2019un concert\u2026 Kylie Jenner f\u00eate ses 28 ans\u2026"},"content":{"rendered":"<p>11\u00a0ao\u00fbt 2025<\/p>\n<p>Maluma interrompt son spectacle pour r\u00e9primander une fan venue avec son b\u00e9b\u00e9<\/p>\n<p>Le chanteur colombien n\u2019y est pas all\u00e9 par quatre chemins pour dire sa fa\u00e7on de penser \u00e0 une spectatrice venue avec <a href=\"https:\/\/www.20minutes.fr\/arts-stars\/people\/4090922-20240514-taylor-swift-concert-paris-bebe-endormi-salle-sol-fait-scandale\" target=\"_blank\" class=\"color-ultramarine c-link\" rel=\"noopener\">son enfant en bas \u00e2ge<\/a>, et sans casque, \u00e0 l\u2019un de ses concerts \u00e0 Mexico.<\/p>\n<p>\u00ab\u00a0Madame, je vais vous dire quelque chose. Ne l\u2019amenez pas ici, laissez-le l\u00e0-bas. Avec tout le respect que je vous dois, je suis parent moi aussi. Il a quoi, un an\u00a0?\u00a0\u00bb a-t-il questionn\u00e9 la maman, comme le montrent des <a href=\"https:\/\/www.tiktok.com\/@estilodf\/video\/7536852184105798930\" rel=\"nofollow noopener\" target=\"_blank\" class=\"color-ultramarine c-link\">vid\u00e9os<\/a> TikTok.<\/p>\n<p>\u00ab\u00a0Vous pensez que c\u2019est une bonne id\u00e9e d\u2019amener un b\u00e9b\u00e9 d\u2019un an \u00e0 un concert o\u00f9 les d\u00e9cibels sont tr\u00e8s forts\u00a0?\u00a0\u00bb a-t-il poursuivi. \u00ab\u00a0La prochaine fois, prot\u00e9gez ses oreilles au moins. C\u2019est vraiment irresponsable, et vous avez agit\u00e9 le b\u00e9b\u00e9 comme s\u2019il \u00e9tait un jouet. Cet enfant n\u2019a vraiment pas envie d\u2019\u00eatre l\u00e0.\u00a0\u00bb<\/p>\n<p>Le chanteur a conclu en indiquant qu\u2019il n\u2019emm\u00e8nerait pour sa part \u00ab\u00a0jamais\u00a0\u00bb son <a href=\"https:\/\/www.20minutes.fr\/tempo\/bien-etre\/4046197-20230720-concerts-bebes-vibrent-plus-musique-live-musique-enregistree\" target=\"_blank\" class=\"color-ultramarine c-link\" rel=\"noopener\">enfant de 17 mois<\/a> en concert.<\/p>\n<p>Surprise \u00e0 un concert des Jonas Brothers<\/p>\n<p>Kylie Jenner f\u00eate ses 28 ans<\/p>\n<p>La star de t\u00e9l\u00e9r\u00e9alit\u00e9 n\u2019a besoin de personne pour f\u00eater son anniversaire, ou presque. La preuve, la benjamine <a href=\"https:\/\/www.20minutes.fr\/arts-stars\/people\/4157096-20250605-espere-ca-aidera-kylie-jenner-parle-augmentation-mammaire-tabou-force-details\" target=\"_blank\" class=\"color-ultramarine c-link\" rel=\"noopener\">du clan Jenner-Kardashian<\/a> s\u2019est souhait\u00e9 un \u00ab\u00a0joyeux anniversaire \u00e0 moi\u00a0\u00bb, avec deux photos d\u2019archive post\u00e9es sur Instagram. Sur les clich\u00e9s, on voit Kylie Jenner, enfant, rayonnante pr\u00e8s d\u2019un cadeau de choix\u00a0: un v\u00e9lo aux couleurs d\u2019une c\u00e9l\u00e8bre poup\u00e9e.<\/p>\n<p>Mais comme \u00e0 plusieurs c\u2019est quand m\u00eame mieux, celle qui est <a href=\"https:\/\/www.20minutes.fr\/arts-stars\/people\/4152444-20250508-timothee-chalamet-kylie-jenner-font-premier-tapis-rouge-fille-louane-aide-promouvoir-maman\" target=\"_blank\" class=\"color-ultramarine c-link\" rel=\"noopener\">en couple avec Timoth\u00e9e Chalamet<\/a> a ensuite partag\u00e9 en story quelques images des c\u00e9l\u00e9brations 2025. Et la date semble avoir \u00e9t\u00e9 f\u00eat\u00e9e plusieurs fois. Tout d\u2019abord avec un petit d\u00e9jeuner \u00e0 <a href=\"https:\/\/www.instagram.com\/stories\/kyliejenner\/3696286578118236680\/\" rel=\"nofollow noopener\" target=\"_blank\" class=\"color-ultramarine c-link\">message<\/a> Happy Birthday, puis en famille, et en toute simplicit\u00e9 avec ses enfants Stormi et Aire autour d\u2019un <a href=\"https:\/\/www.instagram.com\/stories\/kyliejenner\/3696447484932440417\/\" rel=\"nofollow noopener\" target=\"_blank\" class=\"color-ultramarine c-link\">g\u00e2teau<\/a> multicolore, et enfin <a href=\"https:\/\/www.instagram.com\/stories\/kyliejenner\/3696548842922558142\/\" rel=\"nofollow noopener\" target=\"_blank\" class=\"color-ultramarine c-link\">avec<\/a> une magnifique table dress\u00e9e pour vingt personnes et un \u00e9norme g\u00e2teau aux framboises.<\/p>\n<p><script async src=\"\/\/www.instagram.com\/embed.js\"><\/script><script async src=\"\/\/www.tiktok.com\/embed.js\"><\/script><\/p>\n","protected":false},"excerpt":{"rendered":"11\u00a0ao\u00fbt 2025 Maluma interrompt son spectacle pour r\u00e9primander une fan venue avec son b\u00e9b\u00e9 Le chanteur colombien n\u2019y&hellip;\n","protected":false},"author":2,"featured_media":312768,"comment_status":"","ping_status":"","sticky":false,"template":"","format":"standard","meta":{"footnotes":""},"categories":[1355],"tags":[45244,520,58,59,2702,1011,27,19295,1361,873,973,133],"class_list":{"0":"post-312767","1":"post","2":"type-post","3":"status-publish","4":"format-standard","5":"has-post-thumbnail","7":"category-musique","8":"tag-demi-lovato","9":"tag-disney","10":"tag-divertissement","11":"tag-entertainment","12":"tag-fil-des-stars","13":"tag-fr","14":"tag-france","15":"tag-kylie-jenner","16":"tag-music","17":"tag-musique","18":"tag-people","19":"tag-video"},"share_on_mastodon":{"url":"https:\/\/pubeurope.com\/@fr\/115012971041292682","error":""},"_links":{"self":[{"href":"https:\/\/www.europesays.com\/fr\/wp-json\/wp\/v2\/posts\/312767","targetHints":{"allow":["GET"]}}],"collection":[{"href":"https:\/\/www.europesays.com\/fr\/wp-json\/wp\/v2\/posts"}],"about":[{"href":"https:\/\/www.europesays.com\/fr\/wp-json\/wp\/v2\/types\/post"}],"author":[{"embeddable":true,"href":"https:\/\/www.europesays.com\/fr\/wp-json\/wp\/v2\/users\/2"}],"replies":[{"embeddable":true,"href":"https:\/\/www.europesays.com\/fr\/wp-json\/wp\/v2\/comments?post=312767"}],"version-history":[{"count":0,"href":"https:\/\/www.europesays.com\/fr\/wp-json\/wp\/v2\/posts\/312767\/revisions"}],"wp:featuredmedia":[{"embeddable":true,"href":"https:\/\/www.europesays.com\/fr\/wp-json\/wp\/v2\/media\/312768"}],"wp:attachment":[{"href":"https:\/\/www.europesays.com\/fr\/wp-json\/wp\/v2\/media?parent=312767"}],"wp:term":[{"taxonomy":"category","embeddable":true,"href":"https:\/\/www.europesays.com\/fr\/wp-json\/wp\/v2\/categories?post=312767"},{"taxonomy":"post_tag","embeddable":true,"href":"https:\/\/www.europesays.com\/fr\/wp-json\/wp\/v2\/tags?post=312767"}],"curies":[{"name":"wp","href":"https:\/\/api.w.org\/{rel}","templated":true}]}}