{"id":312769,"date":"2025-08-12T00:30:33","date_gmt":"2025-08-12T00:30:33","guid":{"rendered":"https:\/\/www.europesays.com\/fr\/312769\/"},"modified":"2025-08-12T00:30:33","modified_gmt":"2025-08-12T00:30:33","slug":"le-film-lepreuve-du-feu-tourne-a-noirmoutier-avec-le-soutien-des-pays-de-la-loire-sort-en-salle-ouest-france","status":"publish","type":"post","link":"https:\/\/www.europesays.com\/fr\/312769\/","title":{"rendered":"Le film \u00abL\u2019\u00c9preuve du feu\u00bb, tourn\u00e9 \u00e0 Noirmoutier avec le soutien des Pays de la Loire, sort en salle &#8211; Ouest-France"},"content":{"rendered":"<ol>\n<li><a href=\"https:\/\/news.google.com\/rss\/articles\/CBMi-wFBVV95cUxQak0yVjhqYlRCcGswcU5IaElXZ3Q0U2ZBNm1waTRDcXRucnAyZ3ZFbjNWVW5HMVJyWVpXOC1TcFJtckVXZVlHZTg0VEQ2ckE3OW5FV2RoeTB6dWFMM29IYUluWWgzY2R0a3didUpfRWc5RnVHdzVaa2hURk80bWFCLWNoZTN1N0JaOXRDMUFVdkktVzVhRXlqVVItaXFhU2JKM2sxdFphejdMLW1rcG1GTUZhZ2Nybk5tNmtnSEVjdUVxRWxweERnSGdmWWpZeGxNeEpWQ2JTa1RUS0IyemlHYmVmVzF1VnFiZW0wZEZUQXVDbHFjMmtJQ09YYw?oc=5\" target=\"_blank\" rel=\"nofollow noopener\">Le film \u00abL\u2019\u00c9preuve du feu\u00bb, tourn\u00e9 \u00e0 Noirmoutier avec le soutien des Pays de la Loire, sort en salle<\/a>&nbsp;&nbsp;Ouest-France<\/li>\n<li><a href=\"https:\/\/news.google.com\/rss\/articles\/CBMiggJBVV95cUxPVzRYNGNtMHBtLVFMVloxcWRJaEx5a0xoY1pvQ0Z3d1NnM3lWSU9nR1RFMGVPQVlsSTIzUTlkLWFVQTVkVnREY0FrYmd0T1pOc2s4RmRlQVhRSi1zNEtXbkZMaXdEaHdDODNTMnZNVXRJTXVpc29qdHM2cVFZRVhIVC1feUo3WDRfZ2k0MHBrWUR4aldORTY4NWZqOVF4SUVFRUJvVi1VMm96dm5laVJRNm5wTDRRcDFuMDgzWTdhZWV2d0h3OU1oNGFpMUF2QnZWN2VpSmt0WndLNVMxc2dNS1QtX3pIX1BCRk43NEowREdMNXBBeUl3UVBTN3JlS0NuOXc?oc=5\" target=\"_blank\" rel=\"nofollow noopener\">Je r\u00eaverais de jouer \u00e0 Vannes \u00bb : Marie Bucas-Fran\u00e7ais, com\u00e9dienne vannetaise, est \u00e0 l\u2019affiche du film L\u2019\u00e9preuve du feu<\/a>&nbsp;&nbsp;Le T\u00e9l\u00e9gramme<\/li>\n<li><a href=\"https:\/\/news.google.com\/rss\/articles\/CBMiiwFBVV95cUxNOG1JNXBaLV8yTTNyTU5jY1UwODZtU2NSb1lQNFI1UjdCblktY2NKbk1NZFc5N3NONmdJTXZmcjVjUEx5YUVpaVU2T0x5dzU3aVN5VGpiRXFfeU9OcXNSUmFncUxvWXJzX0VXNTIycm1oR1BMVDRBUW9Ndm9relVGRU9fczdoTjFHY2Nn?oc=5\" target=\"_blank\" rel=\"nofollow noopener\">CONCOURS L&rsquo;\u00c9PREUVE DU FEU : Un lot de goodies \u00e0 gagner!!<\/a>&nbsp;&nbsp;Baz&rsquo;art : Des films, des livres&#8230;<\/li>\n<li><a href=\"https:\/\/news.google.com\/rss\/articles\/CBMiowJBVV95cUxPVGdyZTNsME9vbVZmNFdYbDdjZldEaHdDTmZiSnJKQzBDXzdMY1RrYVE5Wk5wR0RhUGI3ZDBPUG0yLWI1dndudmJtT3hVWjhFWGFudFh0R2FhNGxkZFJlX1I3ZHVCOUh6TnZreUphUkJTYnl2TU14RXFLdmpCUWdRNGU0emxrOFFQeUduZmxRUVJUVHpOVGd0dERVSDQ5QTB6bG5fazhDUWFNRzhfMnpobTVGRWdRYk81amNIVVZTOGRSeGFzTEN3UE9ZaVROa3BpREp6LXhpRnh6a0hqb3RnTmJkSVVZOTZ6RnR2QUFqcUJXeEtua25Fc1VYUE9PczdpdEl4S21COThEUk5uQ1UxSkRFa1R0YWVQSHYzci1tZE9wSm8?oc=5\" target=\"_blank\" rel=\"nofollow noopener\">\u00ab\u00a0L&rsquo;\u00c9preuve du feu\u00a0\u00bb : Aur\u00e9lien Peyre interroge l&rsquo;importance du regard des autres chez les jeunes, biberonn\u00e9s aux standards de beaut\u00e9<\/a>&nbsp;&nbsp;France Info<\/li>\n<li><a href=\"https:\/\/news.google.com\/rss\/articles\/CBMiugFBVV95cUxNSEh3ckVtVW45aUx2VGxxQkphTmhXLWZiTXBDRU5yVUNZTDlCUlJSWTZMX2JxdzcxSFlVcEhrR1h3ZWw1YWtZMW1OTWdZR3hYMGY1ejc5SE1Cd1FUR0lTQXI4cFJrdnBxWWM1d2hkMWNmY3NCS1FxZEFjQVR2YTlqaDczRi0tMkg0a2J5Mi1OWWJRYjZYM0Z3Vm1uVlNLdmM3cGRBMHlCajV3Vl9IY3BfekdkM0pMbXhyQUE?oc=5\" target=\"_blank\" rel=\"nofollow noopener\">L\u2019Epreuve du feu : un film lumineux sur la cruaut\u00e9 de l\u2019adolescence [critique]<\/a>&nbsp;&nbsp;Premi\u00e8re<\/li>\n<\/ol>\n","protected":false},"excerpt":{"rendered":"Le film \u00abL\u2019\u00c9preuve du feu\u00bb, tourn\u00e9 \u00e0 Noirmoutier avec le soutien des Pays de la Loire, sort en&hellip;\n","protected":false},"author":2,"featured_media":1445,"comment_status":"","ping_status":"","sticky":false,"template":"","format":"standard","meta":{"footnotes":""},"categories":[1354],"tags":[58,59,1346,1011,27,1360],"class_list":{"0":"post-312769","1":"post","2":"type-post","3":"status-publish","4":"format-standard","5":"has-post-thumbnail","7":"category-films","8":"tag-divertissement","9":"tag-entertainment","10":"tag-films","11":"tag-fr","12":"tag-france","13":"tag-movies"},"share_on_mastodon":{"url":"https:\/\/pubeurope.com\/@fr\/115012974974179544","error":""},"_links":{"self":[{"href":"https:\/\/www.europesays.com\/fr\/wp-json\/wp\/v2\/posts\/312769","targetHints":{"allow":["GET"]}}],"collection":[{"href":"https:\/\/www.europesays.com\/fr\/wp-json\/wp\/v2\/posts"}],"about":[{"href":"https:\/\/www.europesays.com\/fr\/wp-json\/wp\/v2\/types\/post"}],"author":[{"embeddable":true,"href":"https:\/\/www.europesays.com\/fr\/wp-json\/wp\/v2\/users\/2"}],"replies":[{"embeddable":true,"href":"https:\/\/www.europesays.com\/fr\/wp-json\/wp\/v2\/comments?post=312769"}],"version-history":[{"count":0,"href":"https:\/\/www.europesays.com\/fr\/wp-json\/wp\/v2\/posts\/312769\/revisions"}],"wp:featuredmedia":[{"embeddable":true,"href":"https:\/\/www.europesays.com\/fr\/wp-json\/wp\/v2\/media\/1445"}],"wp:attachment":[{"href":"https:\/\/www.europesays.com\/fr\/wp-json\/wp\/v2\/media?parent=312769"}],"wp:term":[{"taxonomy":"category","embeddable":true,"href":"https:\/\/www.europesays.com\/fr\/wp-json\/wp\/v2\/categories?post=312769"},{"taxonomy":"post_tag","embeddable":true,"href":"https:\/\/www.europesays.com\/fr\/wp-json\/wp\/v2\/tags?post=312769"}],"curies":[{"name":"wp","href":"https:\/\/api.w.org\/{rel}","templated":true}]}}