{"id":312770,"date":"2025-08-12T00:31:15","date_gmt":"2025-08-12T00:31:15","guid":{"rendered":"https:\/\/www.europesays.com\/fr\/312770\/"},"modified":"2025-08-12T00:31:15","modified_gmt":"2025-08-12T00:31:15","slug":"vous-avez-des-problemes-de-concentration-ces-ecouteurs-du-futur-sont-faits-pour-vous","status":"publish","type":"post","link":"https:\/\/www.europesays.com\/fr\/312770\/","title":{"rendered":"Vous avez des probl\u00e8mes de concentration? Ces \u00e9couteurs du futur sont faits pour vous"},"content":{"rendered":"<p>Depuis quelques ann\u00e9es, les casques et \u00e9couteurs munis d&rsquo;un dispositif antibruit ont gagn\u00e9 en popularit\u00e9, tant chez les utilisateurs des transports en commun que chez les travailleurs qui souhaitent pouvoir se focaliser sur leurs missions sans d\u00e9crocher toutes les deux minutes trente. Mais <a href=\"https:\/\/www.vox.com\/science\/422610\/oura-ring-neurable-apple-airpods-brain-health\" target=\"_blank\" rel=\"nofollow noopener\">Vox nous pr\u00e9sente une invention<\/a> qui, si elle parvient \u00e0 se d\u00e9mocratiser, pourrait carr\u00e9ment r\u00e9volutionner le quotidien de certains d&rsquo;entre nous.<\/p>\n<p>\u00c0 notre \u00e9poque, les probl\u00e8mes de concentration sont l\u00e9gion. C&rsquo;est l\u00e0 qu&rsquo;intervient la cr\u00e9ation de la start-up Neurable: un casque \u00e9quip\u00e9 d&rsquo;une interface cerveau-ordinateur qui capte les signaux \u00e9lectriques de l&rsquo;organe et utilise des algorithmes pour interpr\u00e9ter ces donn\u00e9es. Lorsque la personne qui porte le casque commence \u00e0 perdre sa concentration, l&rsquo;appareil le devine et intervient.<\/p>\n<p>        <img decoding=\"async\" alt=\"Abonnez-vous gratuitement \u00e0 la newsletter de Slate !\" loading=\"lazy\" class=\"ms-4 ms-md-0\" width=\"82\" height=\"82\" src=\"https:\/\/www.slate.fr\/assets\/newsletter-dd7c4ea7fb4ce45aacc56875521d4bde7ec4ba23f0a0ae088566df808b3a80c3.svg\"\/><br \/>\n        Abonnez-vous gratuitement \u00e0 la newsletter de Slate !Les articles sont s\u00e9lectionn\u00e9s pour vous, en fonction de vos centres d\u2019int\u00e9r\u00eat, tous les jours dans votre bo\u00eete mail.<\/p>\n<p>Bient\u00f4t un alli\u00e9 contre la d\u00e9pression?<\/p>\n<p>Le principe peut sembler effrayant, mais comme l&rsquo;explique Adam Clark Estes, journaliste ayant pu tester le fameux casque, celui-ci ne lit pas dans les pens\u00e9es de son utilisateur. Il se contente de collecter des donn\u00e9es c\u00e9r\u00e9brales \u00e0 l&rsquo;aide d&rsquo;une combinaison de capteurs d&rsquo;\u00e9lectroenc\u00e9phalographie (EEG). Cette <a href=\"https:\/\/www.slate.fr\/dossier\/1283\/technologie\" class=\"tag-link\" rel=\"nofollow noopener\" target=\"_blank\">technologie<\/a> d\u00e9j\u00e0 tr\u00e8s au point devrait d&rsquo;ailleurs bient\u00f4t int\u00e9grer d&rsquo;autres appareils, qu&rsquo;il s&rsquo;agisse d&rsquo;\u00e9couteurs ou de lunettes.<\/p>\n<p>Neurable se propose \u00e9galement d&rsquo;utiliser les enregistrements r\u00e9alis\u00e9s pour vous aider \u00e0 suivre et am\u00e9liorer votre sant\u00e9 <a href=\"https:\/\/www.slate.fr\/dossier\/6715\/cerveau\" class=\"tag-link\" rel=\"nofollow noopener\" target=\"_blank\">c\u00e9r\u00e9brale<\/a>. Pour Vox, cette technologie bas\u00e9e sur l&rsquo;EEG pourrait m\u00eame, \u00e0 terme, permettre de d\u00e9tecter des sympt\u00f4mes de d\u00e9pression, voire des signes pr\u00e9coces de maladie d&rsquo;Alzheimer.<\/p>\n<p>\u00abBiologiquement, votre cerveau est con\u00e7u pour masquer vos faiblesses: c&rsquo;est un effet de l&rsquo;\u00e9volution\u00bb, explique Ramses Alcaide, cofondateur de Neurable et <a href=\"https:\/\/www.slate.fr\/dossier\/25329\/neurosciences\" class=\"tag-link\" rel=\"nofollow noopener\" target=\"_blank\">neuroscientifique<\/a>. \u00abMais lorsque vous mesurez \u00e0 la source, vous d\u00e9tectez ces ph\u00e9nom\u00e8nes au fur et \u00e0 mesure qu&rsquo;ils se produisent, plut\u00f4t qu&rsquo;une fois qu&rsquo;ils ont des cons\u00e9quences en aval, et c&rsquo;est l\u00e0 le v\u00e9ritable avantage de mesurer le cerveau.\u00bb<\/p>\n<p>Apr\u00e8s avoir longuement test\u00e9 le casque propos\u00e9 par Neurable en conditions r\u00e9elles, le journaliste se dit tr\u00e8s convaincu, sans pour autant \u00eatre tout \u00e0 fait persuad\u00e9 que cela n&rsquo;est pas en partie d\u00fb \u00e0 l&rsquo;<a href=\"https:\/\/www.slate.fr\/dossier\/36147\/effet-placebo\" class=\"tag-link\" rel=\"nofollow noopener\" target=\"_blank\">effet placebo<\/a>. Mais au fait, comment r\u00e9agit le casque lorsqu&rsquo;il comprend que votre concentration est en train de se dissoudre \u00e0 petit feu? Rien de dangereux pour le <a href=\"https:\/\/www.slate.fr\/dossier\/6715\/cerveau\" class=\"tag-link\" rel=\"nofollow noopener\" target=\"_blank\">cerveau<\/a>: il propose tout simplement de faire une pause avant m\u00eame que l&rsquo;utilisateur ait pu prendre conscience qu&rsquo;il en a besoin. Cela peut sembler futile, mais pour un certain nombre de personnes, cela pourrait r\u00e9ellement changer la donne.<\/p>\n","protected":false},"excerpt":{"rendered":"Depuis quelques ann\u00e9es, les casques et \u00e9couteurs munis d&rsquo;un dispositif antibruit ont gagn\u00e9 en popularit\u00e9, tant chez les&hellip;\n","protected":false},"author":2,"featured_media":312771,"comment_status":"","ping_status":"","sticky":false,"template":"","format":"standard","meta":{"footnotes":""},"categories":[10],"tags":[1011,27,72,71],"class_list":{"0":"post-312770","1":"post","2":"type-post","3":"status-publish","4":"format-standard","5":"has-post-thumbnail","7":"category-sante","8":"tag-fr","9":"tag-france","10":"tag-health","11":"tag-sante"},"share_on_mastodon":{"url":"https:\/\/pubeurope.com\/@fr\/115012978876216820","error":""},"_links":{"self":[{"href":"https:\/\/www.europesays.com\/fr\/wp-json\/wp\/v2\/posts\/312770","targetHints":{"allow":["GET"]}}],"collection":[{"href":"https:\/\/www.europesays.com\/fr\/wp-json\/wp\/v2\/posts"}],"about":[{"href":"https:\/\/www.europesays.com\/fr\/wp-json\/wp\/v2\/types\/post"}],"author":[{"embeddable":true,"href":"https:\/\/www.europesays.com\/fr\/wp-json\/wp\/v2\/users\/2"}],"replies":[{"embeddable":true,"href":"https:\/\/www.europesays.com\/fr\/wp-json\/wp\/v2\/comments?post=312770"}],"version-history":[{"count":0,"href":"https:\/\/www.europesays.com\/fr\/wp-json\/wp\/v2\/posts\/312770\/revisions"}],"wp:featuredmedia":[{"embeddable":true,"href":"https:\/\/www.europesays.com\/fr\/wp-json\/wp\/v2\/media\/312771"}],"wp:attachment":[{"href":"https:\/\/www.europesays.com\/fr\/wp-json\/wp\/v2\/media?parent=312770"}],"wp:term":[{"taxonomy":"category","embeddable":true,"href":"https:\/\/www.europesays.com\/fr\/wp-json\/wp\/v2\/categories?post=312770"},{"taxonomy":"post_tag","embeddable":true,"href":"https:\/\/www.europesays.com\/fr\/wp-json\/wp\/v2\/tags?post=312770"}],"curies":[{"name":"wp","href":"https:\/\/api.w.org\/{rel}","templated":true}]}}