{"id":31278,"date":"2025-04-17T08:55:18","date_gmt":"2025-04-17T08:55:18","guid":{"rendered":"https:\/\/www.europesays.com\/fr\/31278\/"},"modified":"2025-04-17T08:55:18","modified_gmt":"2025-04-17T08:55:18","slug":"un-kilometre-sans-renverser-de-pintes-en-etes-vous-capable-la-course-des-garcons-de-cafe-revient-a-rennes","status":"publish","type":"post","link":"https:\/\/www.europesays.com\/fr\/31278\/","title":{"rendered":"Un kilom\u00e8tre sans renverser de pintes, en \u00eates-vous capable ? La course des gar\u00e7ons de caf\u00e9 revient \u00e0 Rennes"},"content":{"rendered":"<p>            Par<br \/>\n        <strong><br \/>\n            <a href=\"https:\/\/actu.fr\/auteur\/brian-legoff\" title=\"Consulter tous les articles de Brian Le Goff\" target=\"_blank\" rel=\"noopener\">Brian Le Goff<\/a><br \/>\n        <\/strong><\/p>\n<p>        Publi\u00e9 le<\/p>\n<p>            16 avr. 2025 \u00e0 8h08        <\/p>\n<p>Il n\u2019y en avait <strong>pas eu depuis 2019<\/strong>. En <strong>2024<\/strong>, la course des gar\u00e7ons de caf\u00e9 a fait son <strong>retour<\/strong> \u00e0 <a href=\"https:\/\/actu.fr\/rennes\/\" target=\"_blank\" rel=\"noopener\">Rennes<\/a>. C\u2019est <a href=\"https:\/\/cookorico.com\/\" target=\"_blank\" rel=\"noopener\">Cookorico.com<\/a>, site d\u2019emplois sp\u00e9cialis\u00e9s de l\u2019h\u00f4tellerie-restauration, qui a repris le flambeau du Carr\u00e9 Rennais apr\u00e8s <strong>quatre ans d\u2019absence<\/strong>.<\/p>\n<p class=\" wall-content\">Apr\u00e8s le succ\u00e8s de l\u2019ann\u00e9e derni\u00e8re \u2013 plus de 140 participants \u2013 le nouvel organisateur a donc d\u00e9cid\u00e9 d\u2019organiser sa deuxi\u00e8me \u00e9dition le <strong>dimanche 18 mai 2025<\/strong>. La comp\u00e9tition aura lieu sur l\u2019avenue Jean Janvier, devant la <a href=\"https:\/\/actu.fr\/tag\/gare-de-rennes\" target=\"_blank\" rel=\"noopener\">gare SNCF de Rennes<\/a>.\u00a0<\/p>\n<p>Trois courses<\/p>\n<p class=\" wall-content\">En collaboration avec le Carr\u00e9 Rennais et le groupe Rennes Connect, propri\u00e9taire de la plupart des commerces et restaurants autour de la gare, Cookorico pr\u00e9voit ainsi <strong>trois courses<\/strong> durant le dimanche du seul week-end de mois de mai sans pont.<\/p>\n<ul class=\" wall-content\">\n<li><strong>14 h 15 : course des \u00e9tudiants<\/strong> d\u2019\u00e9coles h\u00f4teli\u00e8res (en duo) limit\u00e9e \u00e0 40 places ;<\/li>\n<li><strong>15 h 15 : course grand public<\/strong> (\u00e9galement en duo) limit\u00e9e \u00e0 80 places ;<\/li>\n<li><strong>16 h 15 : place aux professionnels<\/strong> de la restauration \u2013 leur nombre est limit\u00e9 \u00e0 60 personnes.<\/li>\n<\/ul>\n<p class=\" wall-content\">Le principe de cette course : effectuer un parcours sem\u00e9 d\u2019embuches <strong>le plus rapidement possible en arrivant avec le plus de liquide possible<\/strong> dans les verres. \u00ab\u00a0C\u2019est un syst\u00e8me de points entre le temps et la quantit\u00e9 d\u2019eau qui permettra de d\u00e9finir le grand gagnant de chaque course\u00a0\u00bb, pr\u00e9cise Tanguy Vasseur, directeur-fondateur de Cookorico.com.<\/p>\n<p>      <img   decoding=\"async\" loading=\"lazy\" src=\"https:\/\/www.europesays.com\/fr\/wp-content\/uploads\/2025\/04\/course-garcons-de-cafe-rennes-cookorico-2-960x640.jpg\" alt=\"Emprunter le parcours le plus vite possible en revenant avec le maximum de pintes pleines, tel est le d\u00e9fi de la course de gar\u00e7ons de caf\u00e9 de Rennes.\" width=\"960\" height=\"640\"\/><br \/>\n    Emprunter le parcours le plus vite possible en revenant avec le maximum de pintes pleines, tel est le d\u00e9fi de la course de gar\u00e7ons de caf\u00e9 de Rennes. (\u00a9Cookorico)Vid\u00e9os : en ce moment sur Actu<\/p>\n<p class=\" wall-content\">Les serveuses et gar\u00e7ons de caf\u00e9 devront effectuer un <strong>aller-retour d\u2019un total d\u2019un kilom\u00e8tre<\/strong> avec des <strong>obstacles<\/strong> sur le parcours. \u00ab\u00a0On compte sur le public pour se d\u00e9guiser cette ann\u00e9e\u00a0\u00bb, rench\u00e9rit Tanguy Vasseur.<\/p>\n<p>De nombreuses animations<\/p>\n<p class=\" wall-content\">Pour faire de cette course un moment \u00e0 part, l\u2019organisateur compte aussi offrir des animations aux participants et au public toute l\u2019apr\u00e8s-midi. \u00ab\u00a0Le <strong>quartier s\u2019animera d\u00e8s 12 h 30<\/strong>, dimanche 18 mai\u00a0\u00bb, promet le directeur-fondateur de Cookorico.<\/p>\n<p class=\" wall-content\">Une<strong> course pour les enfants<\/strong> aura lieu entre les deuxi\u00e8me et troisi\u00e8me courses. Des \u00e9tudiants leur montreront comment tenir le plateau.<\/p>\n<p class=\" wall-content\">De <strong>nombreux lots<\/strong>, en majorit\u00e9 pour les participants, seront<strong> \u00e0 remporter<\/strong>. \u2018Il y aura des bouteilles de vins avec alcool, et sans alcool gr\u00e2ce \u00e0 notre partenaire <a href=\"https:\/\/actu.fr\/bretagne\/rennes_35238\/pour-boire-sans-arriere-pensee-une-cave-sans-alcool-ouvre-a-rennes-a-quelques-jours-des-fetes-de-noel_62013836.html\" target=\"_blank\" rel=\"noopener\">la cave et bar Soif<\/a>. Mais aussi des<strong> bons cadeaux<\/strong> pour consommer dans les commerces du centre-ville, des <strong>goodies<\/strong>, etc.\u00a0\u00bb<\/p>\n<p class=\" wall-content\">L<strong>a fanfare rennaise Prise de bac<\/strong> sera pr\u00e9sente tout l\u2019apr\u00e8s-midi et jouera entre les courses. Enfin, les organisateurs font \u00e0 nouveau confiance au speaker J\u00e9r\u00e9my Gamard.<\/p>\n<p>    <a href=\"https:\/\/www.facebook.com\/plugins\/video.php?height=476&amp;href=https%3A%2F%2Fwww.facebook.com%2F100068112619296%2Fvideos%2F472438285825788%2F&amp;show_text=false&amp;width=350&amp;t=0\" title=\"Ouvrie le lien\" target=\"_blank\" rel=\"noopener\">Cliquez ici pour visualiser le contenu<\/a><\/p>\n<p>Inscription n\u00e9cessaire<\/p>\n<p class=\" wall-content\">Si la <strong>participation est gratuite,<\/strong> il est imp\u00e9ratif de s\u2019inscrire sur le <a href=\"https:\/\/rennes.coursedesgarconsdecafe.org\/\" target=\"_blank\" rel=\"noopener\">site d\u00e9di\u00e9 \u00e0 l\u2019\u00e9v\u00e9nement<\/a>.<\/p>\n<p class=\" wall-content\">Lors de l\u2019inscription pour les courses d\u2019\u00e9tudiants d\u2019\u00e9coles h\u00f4teli\u00e8res et grand public, <strong>seule une personne par duo doit s\u2019inscrire<\/strong>, l\u2019autre participant est automatiquement inclus (pas besoin d\u2019indiquer son nom quelque part).<\/p>\n<p class=\" wall-content\">Suivez toute l\u2019actualit\u00e9 de vos villes et m\u00e9dias favoris en vous inscrivant \u00e0 <a href=\"https:\/\/moncompte.actu.fr\" title=\"D\u00e9couvez Mon Actu\" rel=\"nofollow noopener\" data-trk=\"{&quot;cta&quot;:{&quot;action&quot;:&quot;https:\\\/\\\/moncompte.actu.fr&quot;,&quot;category&quot;:&quot;mon compte&quot;,&quot;from&quot;:&quot;article footer&quot;,&quot;name&quot;:&quot;Mon actu&quot;,&quot;type&quot;:&quot;cta&quot;}}\" target=\"_blank\">Mon Actu<\/a>.<\/p>\n","protected":false},"excerpt":{"rendered":"Par Brian Le Goff Publi\u00e9 le 16 avr. 2025 \u00e0 8h08 Il n\u2019y en avait pas eu depuis&hellip;\n","protected":false},"author":2,"featured_media":31279,"comment_status":"","ping_status":"","sticky":false,"template":"","format":"standard","meta":{"footnotes":""},"categories":[2821],"tags":[1111,11,1063,829,9782,1777,674,1011,27,1652,12,584,25],"class_list":{"0":"post-31278","1":"post","2":"type-post","3":"status-publish","4":"format-standard","5":"has-post-thumbnail","7":"category-rennes","8":"tag-actu","9":"tag-actualites","10":"tag-animations","11":"tag-bretagne","12":"tag-dans-les-bars","13":"tag-eu","14":"tag-europe","15":"tag-fr","16":"tag-france","17":"tag-loisirs-culture","18":"tag-news","19":"tag-rennes","20":"tag-republique-francaise"},"share_on_mastodon":{"url":"https:\/\/pubeurope.com\/@fr\/114352470325664207","error":""},"_links":{"self":[{"href":"https:\/\/www.europesays.com\/fr\/wp-json\/wp\/v2\/posts\/31278","targetHints":{"allow":["GET"]}}],"collection":[{"href":"https:\/\/www.europesays.com\/fr\/wp-json\/wp\/v2\/posts"}],"about":[{"href":"https:\/\/www.europesays.com\/fr\/wp-json\/wp\/v2\/types\/post"}],"author":[{"embeddable":true,"href":"https:\/\/www.europesays.com\/fr\/wp-json\/wp\/v2\/users\/2"}],"replies":[{"embeddable":true,"href":"https:\/\/www.europesays.com\/fr\/wp-json\/wp\/v2\/comments?post=31278"}],"version-history":[{"count":0,"href":"https:\/\/www.europesays.com\/fr\/wp-json\/wp\/v2\/posts\/31278\/revisions"}],"wp:featuredmedia":[{"embeddable":true,"href":"https:\/\/www.europesays.com\/fr\/wp-json\/wp\/v2\/media\/31279"}],"wp:attachment":[{"href":"https:\/\/www.europesays.com\/fr\/wp-json\/wp\/v2\/media?parent=31278"}],"wp:term":[{"taxonomy":"category","embeddable":true,"href":"https:\/\/www.europesays.com\/fr\/wp-json\/wp\/v2\/categories?post=31278"},{"taxonomy":"post_tag","embeddable":true,"href":"https:\/\/www.europesays.com\/fr\/wp-json\/wp\/v2\/tags?post=31278"}],"curies":[{"name":"wp","href":"https:\/\/api.w.org\/{rel}","templated":true}]}}