{"id":312787,"date":"2025-08-12T00:40:18","date_gmt":"2025-08-12T00:40:18","guid":{"rendered":"https:\/\/www.europesays.com\/fr\/312787\/"},"modified":"2025-08-12T00:40:18","modified_gmt":"2025-08-12T00:40:18","slug":"pris-au-piege-caught-stealing-en-avant-premiere-a-saint-etienne","status":"publish","type":"post","link":"https:\/\/www.europesays.com\/fr\/312787\/","title":{"rendered":"PRIS AU PI\u00c8GE &#8211; CAUGHT STEALING EN AVANT-PREMI\u00c8RE \u00c0 SAINT-\u00c9TIENNE"},"content":{"rendered":"<p>                <a href=\"https:\/\/cadenceradio.fr\" target=\"_blank\" aria-label=\"Banni\u00e8re Cadence 2025\" rel=\"noopener\"><img loading=\"lazy\" decoding=\"async\" src=\"https:\/\/www.europesays.com\/fr\/wp-content\/uploads\/2025\/07\/Banniere-Cadence-2025-scaled.jpg\" alt=\"\"   width=\"2560\" height=\"738\"\/><\/a><\/p>\n<p>Le film met en sc\u00e8ne Austin Butler dans le r\u00f4le principal de Hank Thompson, personnage central de cette intrigue criminelle. L\u2019acteur, qui s\u2019est illustr\u00e9 r\u00e9cemment dans plusieurs productions remarqu\u00e9es, endosse ici le r\u00f4le d\u2019un ancien joueur de baseball dont l\u2019existence va basculer.<\/p>\n<p><img loading=\"lazy\" decoding=\"async\" width=\"1024\" height=\"575\" src=\"https:\/\/www.europesays.com\/fr\/wp-content\/uploads\/2025\/08\/punk-gangsters-et-baseball-bande-annonce-qui-tabasse-de-caught-stealing-le-nouveau-darren-aronofsky-.png\" alt=\"\" class=\"wp-image-58008\"  \/><\/p>\n<p>De quoi \u00e7a parle ?<\/p>\n<p>L\u2019action de Pris au Pi\u00e8ge \u2013 Caught Stealing se d\u00e9roule dans l\u2019atmosph\u00e8re particuli\u00e8re du New York des ann\u00e9es 1990, p\u00e9riode marqu\u00e9e par une criminalit\u00e9 urbaine intense. Le protagoniste Hank Thompson, confront\u00e9 \u00e0 des difficult\u00e9s personnelles, se trouve progressivement aspir\u00e9 par les milieux interlopes de la m\u00e9tropole am\u00e9ricaine.<\/p>\n<\/p>\n<p>Le r\u00e9alisateur de Black Swan et Requiem for a Dream s\u2019entoure d\u2019un plateau d\u2019acteurs reconnus pour porter cette nouvelle cr\u00e9ation. Aux c\u00f4t\u00e9s d\u2019Austin Butler, Zo\u00eb Kravitz apporte sa pr\u00e9sence charismatique, tandis que Regina King enrichit la distribution de son exp\u00e9rience confirm\u00e9e. Matt Smith et Liev Schreiber compl\u00e8tent ce casting \u00e9clectique.<\/p>\n<p><strong>Vendredi 22 ao\u00fbt \u00e0 21h15 au Megarama Jean-Jaur\u00e8s \u00e0 Saint-Etienne. R\u00e9servation <a href=\"https:\/\/jean-jaures.megarama.fr\/FR\/fiche-film-cinema\/MEOOMD\/pris-au-piege-caught-stealing.html\" target=\"_blank\" rel=\"noreferrer noopener\">ICI<\/a><\/strong>.<\/p>\n","protected":false},"excerpt":{"rendered":"Le film met en sc\u00e8ne Austin Butler dans le r\u00f4le principal de Hank Thompson, personnage central de cette&hellip;\n","protected":false},"author":2,"featured_media":312788,"comment_status":"","ping_status":"","sticky":false,"template":"","format":"standard","meta":{"footnotes":""},"categories":[9653],"tags":[1111,11,2430,650,1777,674,1011,27,3367,10905,12,25,4001],"class_list":{"0":"post-312787","1":"post","2":"type-post","3":"status-publish","4":"format-standard","5":"has-post-thumbnail","7":"category-saint-etienne","8":"tag-actu","9":"tag-actualites","10":"tag-auvergne-rhone-alpes","11":"tag-cinema","12":"tag-eu","13":"tag-europe","14":"tag-fr","15":"tag-france","16":"tag-loire","17":"tag-megarama","18":"tag-news","19":"tag-republique-francaise","20":"tag-saint-etienne"},"share_on_mastodon":{"url":"https:\/\/pubeurope.com\/@fr\/115013014254645059","error":""},"_links":{"self":[{"href":"https:\/\/www.europesays.com\/fr\/wp-json\/wp\/v2\/posts\/312787","targetHints":{"allow":["GET"]}}],"collection":[{"href":"https:\/\/www.europesays.com\/fr\/wp-json\/wp\/v2\/posts"}],"about":[{"href":"https:\/\/www.europesays.com\/fr\/wp-json\/wp\/v2\/types\/post"}],"author":[{"embeddable":true,"href":"https:\/\/www.europesays.com\/fr\/wp-json\/wp\/v2\/users\/2"}],"replies":[{"embeddable":true,"href":"https:\/\/www.europesays.com\/fr\/wp-json\/wp\/v2\/comments?post=312787"}],"version-history":[{"count":0,"href":"https:\/\/www.europesays.com\/fr\/wp-json\/wp\/v2\/posts\/312787\/revisions"}],"wp:featuredmedia":[{"embeddable":true,"href":"https:\/\/www.europesays.com\/fr\/wp-json\/wp\/v2\/media\/312788"}],"wp:attachment":[{"href":"https:\/\/www.europesays.com\/fr\/wp-json\/wp\/v2\/media?parent=312787"}],"wp:term":[{"taxonomy":"category","embeddable":true,"href":"https:\/\/www.europesays.com\/fr\/wp-json\/wp\/v2\/categories?post=312787"},{"taxonomy":"post_tag","embeddable":true,"href":"https:\/\/www.europesays.com\/fr\/wp-json\/wp\/v2\/tags?post=312787"}],"curies":[{"name":"wp","href":"https:\/\/api.w.org\/{rel}","templated":true}]}}