{"id":312791,"date":"2025-08-12T00:43:45","date_gmt":"2025-08-12T00:43:45","guid":{"rendered":"https:\/\/www.europesays.com\/fr\/312791\/"},"modified":"2025-08-12T00:43:45","modified_gmt":"2025-08-12T00:43:45","slug":"treize-morts-et-la-raison-detat-laffaire-de-la-maison-des-tetes-a-toulon","status":"publish","type":"post","link":"https:\/\/www.europesays.com\/fr\/312791\/","title":{"rendered":"Treize morts et la raison d\u2019Etat\u00a0: l&rsquo;affaire de la Maison des t\u00eates \u00e0 Toulon"},"content":{"rendered":"<p class=\"PopSlotParagraph qg-tx2 qg-xtra-lh svelte-1r0pyek\">Le 15 f\u00e9vrier 1989 \u00e0 <strong>Toulon<\/strong>, une explosion ravage la <strong>Maison des T\u00eates<\/strong>, un immeuble du centre-ville. Elle fait 13 morts et 32 bless\u00e9s. Le lendemain, la piste du gaz s\u2019impose. Une semaine apr\u00e8s, on \u00e9voque le suicide d\u2019une locataire du 3e \u00e9tage. Un an plus tard, la justice pr\u00e9sente cette hypoth\u00e8se, le suicide au gaz qui conduit \u00e0 la trag\u00e9die, comme la v\u00e9rit\u00e9.<\/p>\n<p class=\"PopSlotParagraph qg-tx2 qg-xtra-lh svelte-1r0pyek\">Une v\u00e9rit\u00e9 que n\u2019acceptent pas les familles des victimes\u00a0: l\u2019enqu\u00eate pr\u00e9sente trop d\u2019incoh\u00e9rences, d\u2019omissions, d\u2019erreurs, de non-dits. Elles lancent des enqu\u00eates priv\u00e9es, d\u00e9couvrent des faits troublants, que jamais la justice ne prend en compte, comme si elle voulait prot\u00e9ger des int\u00e9r\u00eats cach\u00e9s.<\/p>\n<p class=\"PopSlotParagraph qg-tx2 qg-xtra-lh svelte-1r0pyek\">Mais alors, quels int\u00e9r\u00eats\u00a0? Pourquoi faut-il continuer \u00e0 d\u00e9signer, je cite, une vieille dame d\u00e9pressive comme responsable de la trag\u00e9die\u00a0? L\u2019un des avocats des familles parle de <strong>raison d\u2019Etat<\/strong>, de calculs diplomatiques et politiques\u00a0: selon les proches des victimes, c\u2019est une erreur de tir d\u2019un navire am\u00e9ricain qui a caus\u00e9 l\u2019effondrement de l\u2019immeuble.<\/p>\n<p class=\"PopSlotParagraph qg-tx2 qg-xtra-lh svelte-1r0pyek\">Un r\u00e9cit documentaire de <strong>Franck Cognard<\/strong><\/p>\n<p> Invit\u00e9\u00a0:<\/p>\n<p class=\"PopSlotParagraph qg-tx2 qg-xtra-lh svelte-1r0pyek\">Le journaliste <strong>Max Clanet.<\/strong> Il a men\u00e9 une longue contre-enqu\u00eate qu\u2019il d\u00e9taille dans son livre \u00ab\u00a0<strong>Blessures de guerre, comment l\u2019affaire de la Maison des T\u00eates a \u00e9t\u00e9 \u00e9touff\u00e9e pour raison d\u2019Etat<\/strong>\u00a0\u00bb, paru en 2014 aux \u00e9ditions Le Spot.<\/p>\n<p> Pour aller + loin\u00a0:<\/p>\n<p class=\"PopSlotParagraph qg-tx2 qg-xtra-lh svelte-1r0pyek\"><a href=\"https:\/\/collectifsecretdefense.fr\/\" target=\"_blank\" rel=\"noopener noreferrer nofollow\" class=\"\" data-testid=\"link\"><strong>Le Collectif Secret D\u00e9fense<\/strong><\/a><\/p>\n<p> Sources Documentaires\u00a0:<\/p>\n<p class=\"PopSlotParagraph qg-tx2 qg-xtra-lh svelte-1r0pyek\"><strong>Livres\u00a0:<\/strong><\/p>\n<p class=\"PopSlotParagraph qg-tx2 qg-xtra-lh svelte-1r0pyek\"><strong>Blessures de guerre<\/strong>. Max Clanet, Le Spot 2014<\/p>\n<p class=\"PopSlotParagraph qg-tx2 qg-xtra-lh svelte-1r0pyek\"><strong>Mensonges d\u2019\u00e9tat.<\/strong> Collectif, Nouveau Monde Editions 2023<\/p>\n<p class=\"PopSlotParagraph qg-tx2 qg-xtra-lh svelte-1r0pyek\"><strong>Articles de presse\u00a0:<\/strong><\/p>\n<p class=\"PopSlotParagraph qg-tx2 qg-xtra-lh svelte-1r0pyek\"><strong>Toulon, l\u2019effondrement.<\/strong> Nice Matin 16\/02\/89<\/p>\n<p class=\"PopSlotParagraph qg-tx2 qg-xtra-lh svelte-1r0pyek\"><strong>Toulon, l\u2019\u00e9tat de choc.<\/strong> Nice Matin 17\/02\/1989<\/p>\n<p class=\"PopSlotParagraph qg-tx2 qg-xtra-lh svelte-1r0pyek\"><strong>La douleur et des questions<\/strong>. Var Matin 17\/02\/89<\/p>\n<p class=\"PopSlotParagraph qg-tx2 qg-xtra-lh svelte-1r0pyek\"><strong>Annette ne s\u2019est pas suicid\u00e9e.<\/strong> Var Matin 30\/03\/91<\/p>\n<p class=\"PopSlotParagraph qg-tx2 qg-xtra-lh svelte-1r0pyek\"><strong>GdF r\u00e9fute l\u2019hypoth\u00e8se gaz.<\/strong> Var Matin 30\/03\/91<\/p>\n<p class=\"PopSlotParagraph qg-tx2 qg-xtra-lh svelte-1r0pyek\"><strong>On reprend tout \u00e0 z\u00e9ro.<\/strong> Var Matin 14\/05\/89<\/p>\n<p class=\"PopSlotParagraph qg-tx2 qg-xtra-lh svelte-1r0pyek\"><strong>Treize morts d\u00e9rangeants.<\/strong> L\u2019Humanit\u00e9 12\/10\/91<\/p>\n<p class=\"PopSlotParagraph qg-tx2 qg-xtra-lh svelte-1r0pyek\"><strong>Bombe \u00e0 retardement.<\/strong> L\u2019Humanit\u00e9 05\/12\/91<\/p>\n<p class=\"PopSlotParagraph qg-tx2 qg-xtra-lh svelte-1r0pyek\"><strong>Trois ans apr\u00e8s, l\u2019enqu\u00eate repart<\/strong>. VSD 12\/12\/91<\/p>\n<p class=\"PopSlotParagraph qg-tx2 qg-xtra-lh svelte-1r0pyek\"><a href=\"https:\/\/francearchives.gouv.fr\/file\/3bd43da298d02f458f7ee1de2ec9028bcbb5a484\/Annexe1-Revue_Hommes_Libertes190-Juin2020-Secret_defense_archives.pdf\" target=\"_blank\" rel=\"noopener noreferrer nofollow\" class=\"\" data-testid=\"link\"><strong>Raison ou d\u00e9raison d\u2019Etat<\/strong><\/a>. revue Hommes et Libert\u00e9s juin 2020<\/p>\n<p class=\"PopSlotParagraph qg-tx2 qg-xtra-lh svelte-1r0pyek\"><strong>Autres\u00a0:<\/strong><\/p>\n<p class=\"PopSlotParagraph qg-tx2 qg-xtra-lh svelte-1r0pyek\"><strong>Arr\u00eat de la Chambre d\u2019accusation de la Cour d\u2019Appel d\u2019Aix en Provence<\/strong>, 16\/03\/1995<\/p>\n<p> Discographie\u00a0:<\/p>\n<p class=\"PopSlotParagraph qg-tx2 qg-xtra-lh svelte-1r0pyek\">MC SOLAAR Nouveau western 1993<\/p>\n<p class=\"PopSlotParagraph qg-tx2 qg-xtra-lh svelte-1r0pyek\">NIRVANA Heart-shaped box 1993<\/p>\n<p class=\"PopSlotParagraph qg-tx2 qg-xtra-lh svelte-1r0pyek\">CLARA YSE On s&rsquo;aimera 2024<\/p>\n","protected":false},"excerpt":{"rendered":"Le 15 f\u00e9vrier 1989 \u00e0 Toulon, une explosion ravage la Maison des T\u00eates, un immeuble du centre-ville. Elle&hellip;\n","protected":false},"author":2,"featured_media":312792,"comment_status":"","ping_status":"","sticky":false,"template":"","format":"standard","meta":{"footnotes":""},"categories":[9619],"tags":[1111,11,1777,674,1011,27,12,882,25,2310],"class_list":{"0":"post-312791","1":"post","2":"type-post","3":"status-publish","4":"format-standard","5":"has-post-thumbnail","7":"category-toulon","8":"tag-actu","9":"tag-actualites","10":"tag-eu","11":"tag-europe","12":"tag-fr","13":"tag-france","14":"tag-news","15":"tag-provence-alpes-cote-dazur","16":"tag-republique-francaise","17":"tag-toulon"},"share_on_mastodon":{"url":"https:\/\/pubeurope.com\/@fr\/115013026040556048","error":""},"_links":{"self":[{"href":"https:\/\/www.europesays.com\/fr\/wp-json\/wp\/v2\/posts\/312791","targetHints":{"allow":["GET"]}}],"collection":[{"href":"https:\/\/www.europesays.com\/fr\/wp-json\/wp\/v2\/posts"}],"about":[{"href":"https:\/\/www.europesays.com\/fr\/wp-json\/wp\/v2\/types\/post"}],"author":[{"embeddable":true,"href":"https:\/\/www.europesays.com\/fr\/wp-json\/wp\/v2\/users\/2"}],"replies":[{"embeddable":true,"href":"https:\/\/www.europesays.com\/fr\/wp-json\/wp\/v2\/comments?post=312791"}],"version-history":[{"count":0,"href":"https:\/\/www.europesays.com\/fr\/wp-json\/wp\/v2\/posts\/312791\/revisions"}],"wp:featuredmedia":[{"embeddable":true,"href":"https:\/\/www.europesays.com\/fr\/wp-json\/wp\/v2\/media\/312792"}],"wp:attachment":[{"href":"https:\/\/www.europesays.com\/fr\/wp-json\/wp\/v2\/media?parent=312791"}],"wp:term":[{"taxonomy":"category","embeddable":true,"href":"https:\/\/www.europesays.com\/fr\/wp-json\/wp\/v2\/categories?post=312791"},{"taxonomy":"post_tag","embeddable":true,"href":"https:\/\/www.europesays.com\/fr\/wp-json\/wp\/v2\/tags?post=312791"}],"curies":[{"name":"wp","href":"https:\/\/api.w.org\/{rel}","templated":true}]}}