{"id":312799,"date":"2025-08-12T00:50:13","date_gmt":"2025-08-12T00:50:13","guid":{"rendered":"https:\/\/www.europesays.com\/fr\/312799\/"},"modified":"2025-08-12T00:50:13","modified_gmt":"2025-08-12T00:50:13","slug":"grenoble-et-toute-lisere-placees-en-vigilance-rouge-canicule","status":"publish","type":"post","link":"https:\/\/www.europesays.com\/fr\/312799\/","title":{"rendered":"Grenoble et toute l&rsquo;Is\u00e8re plac\u00e9es en vigilance rouge canicule"},"content":{"rendered":"<p>\t\t\t\t\tFOCUS \u2013 L\u2019\u00e9pisode de cha\u00adleur extr\u00eame \u00e9tant appel\u00e9 \u00e0 durer en Is\u00e8re, le d\u00e9par\u00adte\u00adment est plac\u00e9 en vigi\u00adlance rouge cani\u00adcule \u00e0 par\u00adtir du mardi 12 ao\u00fbt 2025 \u00e0 midi. Cette alerte concerne les per\u00adsonnes vul\u00adn\u00e9\u00adrables mais aussi l\u2019ensemble des habi\u00adtants, y com\u00adpris ceux en bonne sant\u00e9. La Ville de Grenoble passe quant \u00e0 elle en vigi\u00adlance rouge cani\u00adcule d\u00e8s mardi 12 ao\u00fbt au matin, avec de nou\u00advelles mesures. Tout comme la pr\u00e9\u00adfec\u00adture, elle appelle \u00e0 la vigi\u00adlance pour \u00e9vi\u00adter les coups de\u00a0chaud.<\/p>\n<p>\u00ab\u00a0Compte tenu de la dur\u00e9e, de l\u2019intensit\u00e9 et de la per\u00adsis\u00adtance de l\u2019<a href=\"https:\/\/vigilance.meteofrance.fr\/fr\/isere\/demain\" target=\"_blank\" rel=\"noopener nofollow\">\u00e9pi\u00adsode de cha\u00adleur extr\u00eame<\/a>, le d\u00e9par\u00adte\u00adment de l\u2019Is\u00e8re est plac\u00e9 en vigi\u00adlance rouge cani\u00adcule \u00e0 par\u00adtir de ce mardi 12 ao\u00fbt \u00e0 12h\u00a0\u00bb, a fait savoir la pr\u00e9\u00adfec\u00adture de l\u2019Is\u00e8re le 11 ao\u00fbt 2025 vers 19 heures.\u00a0\u00ab\u00a0Les tem\u00adp\u00e9\u00adra\u00adtures pour\u00adraient d\u00e9pas\u00adser les 39\u00a0\u00b0C en jour\u00adn\u00e9e et aux alen\u00adtours des 22 \u00e0 23\u00a0\u00b0C la nuit\u00a0\u00bb, pr\u00e9cise-t-elle.<\/p>\n<p>La pr\u00e9\u00adfec\u00adture rap\u00adpelle des prin\u00adci\u00adpaux gestes \u00e0 adop\u00adter afin de se pro\u00adt\u00e9\u00adger des effets n\u00e9fastes de la cha\u00adleur\u00a0: pas\u00adser au moins plu\u00adsieurs heures par jour dans un lieu rafra\u00ee\u00adchi\u00a0; boire de l\u2019eau sans avoir soif\u00a0; s\u2019humidifier et se ven\u00adti\u00adler r\u00e9gu\u00adli\u00e8\u00adre\u00adment le corps\u00a0; fer\u00admer les volets et fen\u00eatres aux heures les plus chaudes\u00a0; man\u00adger frais et \u00e9qui\u00adli\u00adbr\u00e9, \u00e9vi\u00adter l\u2019alcool\u2026 Et appelle plus encore \u00e0 une vigi\u00adlance accrue pour les per\u00adsonnes vuln\u00e9rables.<\/p>\n<blockquote>\n<p><strong>Les niveaux d\u2019a\u00adlerte canicule<\/strong><\/p>\n<p>\u00b7 Niveau 1 (vert), dit de veille sai\u00adson\u00adni\u00e8re\u00a0: activ\u00e9 du 1er juin au 15 sep\u00adtembre pour les tem\u00adp\u00e9\u00adra\u00adtures estivales.<\/p>\n<p>\u00b7 Niveau 2 (jaune), dit \u00ab\u00a0aver\u00adtis\u00adse\u00adment cha\u00adleur\u00a0\u00bb\u00a0: il fait tr\u00e8s chaud pen\u00addant au moins trois jours ou une cani\u00adcule est attendue.<\/p>\n<p>\u00b7 Niveau 3 (orange), dit alerte cani\u00adcule, d\u00e9clen\u00adch\u00e9 par les pr\u00e9\u00adfets de d\u00e9par\u00adte\u00adment\u00a0: les seuils de cani\u00adcule sont atteints (19\u00a0\u00b0C la nuit et 34\u00a0\u00b0C le jour pen\u00addant au moins trois jours cons\u00e9\u00adcu\u00adtifs en\u00a0Is\u00e8re).<\/p>\n<p>\u00b7 Niveau 4 (rouge), dit \u00ab\u00a0mobi\u00adli\u00adsa\u00adtion maxi\u00admale\u00a0\u00bb\u00a0: il est d\u00e9clen\u00adch\u00e9 au niveau natio\u00adnal par le Premier ministre en cas de cani\u00adcule excep\u00adtion\u00adnelle (inten\u00adsit\u00e9, dur\u00e9e, nombre de ter\u00adri\u00adtoires concern\u00e9s).<\/p>\n<\/blockquote>\n<p>\u00ab\u00a0Afin de suivre la situa\u00adtion et coor\u00addon\u00adner l\u2019action de l\u2019ensemble des ser\u00advices de l\u2019\u00c9tat, un centre op\u00e9\u00adra\u00adtion\u00adnel d\u00e9par\u00adte\u00admen\u00adtal est activ\u00e9\u00a0\u00bb, indique par ailleurs la pr\u00e9\u00adfec\u00adture qui a \u00e9ga\u00adle\u00adment recom\u00admand\u00e9 aux maires d\u2019activer leur plan com\u00admu\u00adnal de sauvegarde.<\/p>\n<p>Grenoble en vigi\u00adlance rouge cani\u00adcule d\u00e8s mardi 12 ao\u00fbt au\u00a0matin<\/p>\n<p>La Ville de Grenoble a quant \u00e0 elle fait savoir lundi 11 ao\u00fbt dans la soi\u00adr\u00e9e qu\u2019elle pas\u00adsait en alerte rouge cani\u00adcule d\u00e8s mardi matin. \u00ab\u00a0La Ville et le CCAS sur\u00adveillent de pr\u00e8s l\u2019\u00e9volution de la situa\u00adtion et les ser\u00advices sont plei\u00adne\u00adment mobi\u00adli\u00ads\u00e9s\u00a0\u00bb, indique-t-elle.<\/p>\n<p>La muni\u00adci\u00adpa\u00adlit\u00e9, qui rap\u00adpelle mener des actions pr\u00e9\u00adven\u00adtives notam\u00adment en mati\u00e8re de v\u00e9g\u00e9\u00adta\u00adli\u00adsa\u00adtion et de d\u00e9s\u00adim\u00adper\u00adm\u00e9a\u00adbi\u00adli\u00adsa\u00adtion des sols, indique en effet avoir mis en place de nou\u00advelles mesures pour faire face \u00e0 ce pic de cha\u00adleur et pr\u00e9\u00adve\u00adnir les risques.<\/p>\n<p><a href=\"https:\/\/www.europesays.com\/fr\/wp-content\/uploads\/2025\/07\/ete-oh-parcs-bal.jpg\"><img fetchpriority=\"high\" decoding=\"async\" aria-describedby=\"caption-attachment-611853\" class=\"wp-image-611853 size-full\" src=\"data:image\/svg+xml,%3Csvg%20xmlns=\" http:=\"\" alt=\"Les activit\u00e9s physiques de l\u2019\u00c9t\u00e9 oh! parcs sont annul\u00e9es, que ce soit \u00e0 l'ext\u00e9rieur ou sous chapiteau.\" width=\"1032\" height=\"600\" data-lazy- data-lazy- data-lazy-src=\"https:\/\/www.europesays.com\/fr\/wp-content\/uploads\/2025\/07\/ete-oh-parcs-bal.jpg\"\/><\/a><\/p>\n<p id=\"caption-attachment-611853\" class=\"wp-caption-text\">Les acti\u00advi\u00adt\u00e9s phy\u00adsiques de l\u2019\u00c9t\u00e9 oh\u00a0! parcs sont annu\u00adl\u00e9es, que ce soit \u00e0 l\u2019ex\u00adt\u00e9\u00adrieur ou sous chapiteau.<\/p>\n<p>Les acti\u00advi\u00adt\u00e9s phy\u00adsiques de <a href=\"https:\/\/www.placegrenet.fr\/2025\/07\/05\/ete-oh-parcs-2025\/655512\" rel=\"nofollow noopener\" target=\"_blank\">l\u2019\u00c9t\u00e9 oh\u00a0! parcs<\/a> sont ainsi annu\u00adl\u00e9es, que ce soit \u00e0 l\u2019ex\u00adt\u00e9\u00adrieur ou sous cha\u00adpi\u00adteau. Seules les acti\u00advi\u00adt\u00e9s aqua\u00adtiques, ombra\u00adg\u00e9es et le cin\u00e9ma en plein air sont main\u00adte\u00adnus.\u00a0Les accueils col\u00adlec\u00adtifs de mineurs doivent, pour leur part, annu\u00adler leurs sor\u00adties. Quant aux parcs des Charmilles et Marliave, ils res\u00adtent ouverts en permanence.<\/p>\n<p>Des mesures pour les publics fra\u00adgiles et isol\u00e9s<\/p>\n<p>D\u00e8s l\u2019alerte orange cani\u00adcule du ven\u00addredi 8 ao\u00fbt, le CCAS de Grenoble a d\u00e9clen\u00adch\u00e9 son auto\u00admate d\u2019appels aupr\u00e8s des 400 ins\u00adcrits au registre des per\u00adsonnes fra\u00adgiles et iso\u00adl\u00e9es. De quoi dif\u00adfu\u00adser un mes\u00adsage de pr\u00e9\u00adven\u00adtion et aler\u00adter les secours si per\u00adsonne ne r\u00e9pond au t\u00e9l\u00e9\u00adphone. \u00ab\u00a0Le dis\u00adpo\u00adsi\u00adtif sera de nou\u00adveau d\u00e9clen\u00adch\u00e9 demain et une nou\u00advelle fois dans la semaine si l\u2019alerte se pour\u00adsuit\u00a0\u00bb, indique la\u00a0Ville.<\/p>\n<p>La vigi\u00adlance est \u00ab\u00a0accrue dans les Ehpad, les r\u00e9si\u00addences auto\u00adno\u00admie, les tour\u00adn\u00e9es de por\u00adtage de repas et la cr\u00e8che esti\u00advale du CCAS avec un sys\u00adt\u00e8me de ven\u00adti\u00adla\u00adtion, des pi\u00e8ces rafra\u00ee\u00adchies, la r\u00e9adap\u00adta\u00adtion des acti\u00advi\u00adt\u00e9s, des jeux d\u2019eau\u00a0\u00bb\u2026<\/p>\n<p>A noter \u00e9ga\u00adle\u00adment\u00a0: le lieu rafra\u00ee\u00adchi des\u00adtin\u00e9 aux per\u00adsonnes en grande pr\u00e9\u00adca\u00adrit\u00e9, situ\u00e9 au 8 rue Sergent Bobillot, est ouvert du mardi au dimanche de 9 heures \u00e0 12 h 30 et de 14 heures \u00e0 17 heures, y com\u00adpris le jeudi 14 ao\u00fbt apr\u00e8s-midi (excep\u00adtion\u00adnel\u00adle\u00adment). Par ailleurs, la maraude sociale g\u00e9r\u00e9e par le CCAS porte une atten\u00adtion par\u00adti\u00adcu\u00adli\u00e8re aux per\u00adsonnes vivant \u00e0 la rue, dans les squats, bidon\u00advilles ou habi\u00adtats de for\u00adtune et dis\u00adpense des conseils adapt\u00e9s.<\/p>\n<p>La Ville rap\u00adpelle les points de fra\u00ee\u00adcheur \u00e0 Grenoble<\/p>\n<p>La Ville redonne en outre les heures d\u2019ou\u00adver\u00adture de ses pis\u00adcines. Celle de Jean-Bron est ouverte au public jusqu\u2019au dimanche 31 ao\u00fbt de 9 h 30 \u00e0 14 h et de 15 h 30 \u00e0 19 heures, avec des mati\u00adnales d\u00e8s 7 h 30 et des noc\u00adturnes jusqu\u2019\u00e0 20 h 30 les mar\u00addis et jeu\u00addis. La pis\u00adcine des Dauphins reste \u00e9ga\u00adle\u00adment ouverte tous les jours de midi \u00e0 14 heures et de 15\u00a0h\u00a030 \u00e0 19 heures.<\/p>\n<p>La Ville rap\u00adpelle par ailleurs l\u2019exis\u00adtence de bru\u00admi\u00adsa\u00adteurs fixes \u00e0 Saint-Bruno, Mistral, rue Charles-Dullin, rue Edmond-Arnaud, sur l\u2019esplanade Alain Le Ray et au parc Paul-Mistral, d\u2019un bru\u00admi\u00adsa\u00adteur mobile au jar\u00addin de ville, de six jeux d\u2019eau mobiles r\u00e9par\u00adtis dans la ville et d\u2019un dis\u00adpo\u00adsi\u00adtif fra\u00ee\u00adcheur \u00e0 l\u2019Et\u00e9 oh\u00a0parcs.<\/p>\n<p>Sans oublier 258 bornes fon\u00adtaines pour s\u2019hydrater et se rafra\u00ee\u00adchir et 25 fon\u00adtaines orne\u00admen\u00adtales dont trois r\u00e9no\u00adv\u00e9es en 2025\u00a0: la fon\u00adtaine Victor-Hugo, les vasques de la rue Montorge et les jets d\u2019eau et le miroir d\u2019eau de l\u2019esplanade Alain Le Ray. Enfin, la Ville invite \u00e0 consul\u00adter la carte des <a href=\"https:\/\/www.grenoble.fr\/1011-fraicheur-en-ville.htm\" target=\"_blank\" rel=\"noopener nofollow\">lieux de fra\u00ee\u00adcheur \u00e0 Grenoble.<\/a><\/p>\n<blockquote>\n<p><strong>Recommandations en cas de pro\u00adbl\u00e8mes li\u00e9s aux fortes chaleurs<\/strong><\/p>\n<p>En cas de besoin d\u2019une prise en charge ne rele\u00advant pas d\u2019une urgence vitale, appe\u00adlez prio\u00adri\u00adtai\u00adre\u00adment votre m\u00e9de\u00adcin trai\u00adtant ou une <a style=\"font-size: 14px;\" href=\"https:\/\/www.sante.fr\" target=\"_blank\" rel=\"noopener nofollow\">alter\u00adna\u00adtive de proximit\u00e9.<\/a><\/p>\n<p>Si vous avez connais\u00adsance d\u2019une per\u00adsonne en dif\u00adfi\u00adcult\u00e9, appe\u00adlez les ser\u00advices de secours\u00a0:<\/p>\n<ul>\n<li>Le 15, num\u00e9ro d\u2019appel gra\u00adtuit du ser\u00advice d\u2019aide m\u00e9di\u00adcale urgente (Samu)<\/li>\n<li>Le 115, num\u00e9ro d\u2019appel gra\u00adtuit des urgences sociales, qui a pour mis\u00adsion d\u2019informer, orien\u00adter et recher\u00adcher un h\u00e9ber\u00adge\u00adment pour les per\u00adsonnes sans domi\u00adcile\u00a0fixe.<\/li>\n<\/ul>\n<p><strong>Num\u00e9ro vert<\/strong><\/p>\n<p>Le gou\u00adver\u00adne\u00adment a activ\u00e9 la pla\u00adte\u00adforme t\u00e9l\u00e9\u00adpho\u00adnique Canicule info ser\u00advice qui d\u00e9livre des conseils, notam\u00adment aux per\u00adsonnes les plus fra\u00adgiles, pour se pro\u00adt\u00e9\u00adger de la canicule.<\/p>\n<p>Canicule info ser\u00advice\u00a0: 0800 06 66 66 (num\u00e9ro vert gra\u00adtuit depuis un poste fixe en France m\u00e9tro\u00adpo\u00adli\u00adtaine, de 8 heures \u00e0 19 heures).<\/p>\n<\/blockquote>\n","protected":false},"excerpt":{"rendered":"FOCUS \u2013 L\u2019\u00e9pisode de cha\u00adleur extr\u00eame \u00e9tant appel\u00e9 \u00e0 durer en Is\u00e8re, le d\u00e9par\u00adte\u00adment est plac\u00e9 en vigi\u00adlance&hellip;\n","protected":false},"author":2,"featured_media":312800,"comment_status":"","ping_status":"","sticky":false,"template":"","format":"standard","meta":{"footnotes":""},"categories":[9566],"tags":[1111,11,2430,1777,674,1011,27,2731,12,25],"class_list":{"0":"post-312799","1":"post","2":"type-post","3":"status-publish","4":"format-standard","5":"has-post-thumbnail","7":"category-grenoble","8":"tag-actu","9":"tag-actualites","10":"tag-auvergne-rhone-alpes","11":"tag-eu","12":"tag-europe","13":"tag-fr","14":"tag-france","15":"tag-grenoble","16":"tag-news","17":"tag-republique-francaise"},"share_on_mastodon":{"url":"https:\/\/pubeurope.com\/@fr\/115013053773868735","error":""},"_links":{"self":[{"href":"https:\/\/www.europesays.com\/fr\/wp-json\/wp\/v2\/posts\/312799","targetHints":{"allow":["GET"]}}],"collection":[{"href":"https:\/\/www.europesays.com\/fr\/wp-json\/wp\/v2\/posts"}],"about":[{"href":"https:\/\/www.europesays.com\/fr\/wp-json\/wp\/v2\/types\/post"}],"author":[{"embeddable":true,"href":"https:\/\/www.europesays.com\/fr\/wp-json\/wp\/v2\/users\/2"}],"replies":[{"embeddable":true,"href":"https:\/\/www.europesays.com\/fr\/wp-json\/wp\/v2\/comments?post=312799"}],"version-history":[{"count":0,"href":"https:\/\/www.europesays.com\/fr\/wp-json\/wp\/v2\/posts\/312799\/revisions"}],"wp:featuredmedia":[{"embeddable":true,"href":"https:\/\/www.europesays.com\/fr\/wp-json\/wp\/v2\/media\/312800"}],"wp:attachment":[{"href":"https:\/\/www.europesays.com\/fr\/wp-json\/wp\/v2\/media?parent=312799"}],"wp:term":[{"taxonomy":"category","embeddable":true,"href":"https:\/\/www.europesays.com\/fr\/wp-json\/wp\/v2\/categories?post=312799"},{"taxonomy":"post_tag","embeddable":true,"href":"https:\/\/www.europesays.com\/fr\/wp-json\/wp\/v2\/tags?post=312799"}],"curies":[{"name":"wp","href":"https:\/\/api.w.org\/{rel}","templated":true}]}}