{"id":312801,"date":"2025-08-12T00:51:58","date_gmt":"2025-08-12T00:51:58","guid":{"rendered":"https:\/\/www.europesays.com\/fr\/312801\/"},"modified":"2025-08-12T00:51:58","modified_gmt":"2025-08-12T00:51:58","slug":"nofrag-x-stunfest-un-melange-improbable-a-rennes-du-24-au-26-octobre-2025","status":"publish","type":"post","link":"https:\/\/www.europesays.com\/fr\/312801\/","title":{"rendered":"NoFrag X Stunfest ! Un M\u00e9lange Improbable \u00e0 Rennes Du 24 Au 26 Octobre 2025"},"content":{"rendered":"<p style=\"text-align: justify;\">Vous l\u2019ignorez peut-\u00eatre, mais les Bretons ont infiltr\u00e9 la r\u00e9daction de NoFrag depuis plusieurs ann\u00e9es. Et savez-vous ce qui se d\u00e9roule \u00e0 Rennes depuis vingt ans ? Le <a href=\"https:\/\/fr.wikipedia.org\/wiki\/Stunfest\" target=\"_blank\" rel=\"noopener nofollow\">Stunfest<\/a>, un festival de jeux vid\u00e9o regroupant plein de choses d\u00e9go\u00fbtantes, comme des manettes et des bornes d\u2019arcade, mais aussi des d\u00e9veloppeurs ind\u00e9pendants, du speedrun et des conf\u00e9rences. En 2023, on \u00e9tait all\u00e9 <a href=\"https:\/\/www.youtube.com\/watch?v=tBSFVV-hREo&amp;t=8765s\" target=\"_blank\" rel=\"noopener nofollow\">y faire un tour<\/a> en tant que Grands Reporters, pour n\u2019y trouver malheureusement que tr\u00e8s peu de FPS. Mais cela va peut-\u00eatre changer, car cette ann\u00e9e, NoFrag fait partie de l\u2019organisation !<\/p>\n<p style=\"text-align: justify;\">Pour cette nouvelle \u00e9dition du Stunfest, tout a \u00e9t\u00e9 remani\u00e9. \u00c7a se passera certes toujours \u00e0 Rennes, mais ce sera du <strong>24 au 26 octobre<\/strong>, au <a href=\"https:\/\/mda-rennes.org\/infos-pratiques.html\" target=\"_blank\" rel=\"noopener nofollow\">360<\/a> (4bis &amp; Maison Des Associations). Et ce sont les adh\u00e9rents \u00e0 l\u2019association (<a href=\"http:\/\/www.3hitcombo.fr\" target=\"_blank\" rel=\"noopener nofollow\">3HitCombo<\/a>) qui portent les projets. Par exemple, je me suis retrouv\u00e9 responsable du coll\u00e8ge Conf\u00e9rences un peu par hasard, et j\u2019ai pu proposer quelques id\u00e9es\u2026<\/p>\n<p><a href=\"https:\/\/www.stunfest.com\" target=\"_blank\" rel=\"noopener nofollow\"><img fetchpriority=\"high\" decoding=\"async\" class=\"wp-image-224319 size-large\" src=\"https:\/\/www.europesays.com\/fr\/wp-content\/uploads\/2025\/08\/Stunfest-2025-NoFrag-1024x508.jpg\" alt=\"Stunfest 2025 + NoFrag\" width=\"1024\" height=\"508\" title=\"NoFrag X Stunfest ! Un m\u00e9lange improbable \u00e0 Rennes du 24 au 26 octobre 2025 1\"  \/><\/a>Du 24 au 26 octobre 2025, NoFrag sera au Stunfest pour parler des FPS et des jeux en vue subjective ind\u00e9s.<\/p>\n<p style=\"text-align: justify;\">Le but est d\u2019organiser un festival sur les diff\u00e9rentes cultures du jeu vid\u00e9o ouvert au plus grand nombre, et avec un focus sur les jeux ind\u00e9pendants. Voici les huit coll\u00e8ges, et ce que j\u2019en ai compris :<\/p>\n<ul style=\"text-align: justify;\">\n<li style=\"text-align: justify;\">Agora (animations autour du jeu vid\u00e9o, comme des quiz et des blind tests)<\/li>\n<li style=\"text-align: justify;\">Cr\u00e9ation ind\u00e9pendante et amateure (stands de d\u00e9veloppeurs ind\u00e9pendants, interviews)<\/li>\n<li style=\"text-align: justify;\">Conf\u00e9rences (tables rondes, \u00e9missions, conf\u00e9rences jou\u00e9es)<\/li>\n<li style=\"text-align: justify;\">Freeplay (bornes d\u2019arcade, dispositifs vid\u00e9oludiques insolites, jeux r\u00e9tro)<\/li>\n<li style=\"text-align: justify;\">Jeux de combat (tournois)<\/li>\n<li style=\"text-align: justify;\">M\u00e9diation Culturelle (\u00e9changes avec les professionnels du secteur, sensibilisation aupr\u00e8s du public)<\/li>\n<li style=\"text-align: justify;\">Musique (concerts)<\/li>\n<li style=\"text-align: justify;\">Speedrun (marathons, comp\u00e9titions)<\/li>\n<\/ul>\n<p style=\"text-align: justify;\">M\u00eame si l\u2019organisation commence \u00e0 prendre forme, le festival a toujours besoin de soutien pour se d\u00e9rouler dans les meilleures conditions possibles. Il faut des <a href=\"https:\/\/discord.gg\/uvZWwJUd87\" target=\"_blank\" rel=\"noopener nofollow\">moyens humains<\/a> pour aider \u00e0 la pr\u00e9paration, mais aussi financiers. C\u2019est pourquoi l\u2019association 3HitCombo a lanc\u00e9 une <a href=\"https:\/\/www.helloasso.com\/associations\/3-hit-combo\/collectes\/stunfest-2025-financement-participatif\" target=\"_blank\" rel=\"noopener nofollow\">campagne de financement participatif<\/a>. Pour l\u2019instant, presque 3 700 \u20ac ont \u00e9t\u00e9 r\u00e9colt\u00e9s sur les 10 000 \u20ac demand\u00e9s, \u00e0 10 jours de la fin. Mais l\u2019atteinte de l\u2019objectif ne conditionne pas la tenue du festival : il sera organis\u00e9 dans tous les cas.<\/p>\n<p style=\"text-align: justify;\">On ne va pas d\u00e9voiler tout de suite le programme complet, mais pour ceux qui seraient dans le coin, on peut d\u00e9j\u00e0 vous dire qu\u2019on pr\u00e9pare un <a href=\"https:\/\/nofrag.com\/jeux\/noscope\/\" rel=\"nofollow noopener\" target=\"_blank\">NoScope<\/a> en chair, en os et en public ! Et on esp\u00e8re pouvoir causer avec quelques d\u00e9veloppeurs de FPS ind\u00e9s. D\u2019ailleurs, on sait qu\u2019il y en a quelques uns sur les <a href=\"https:\/\/forum.nofrag.com\" rel=\"nofollow noopener\" target=\"_blank\">forums de NoFrag<\/a>. N\u2019h\u00e9sitez pas \u00e0 proposer votre jeu via <a href=\"https:\/\/docs.google.com\/forms\/d\/e\/1FAIpQLSf8rVVpSt5tO9WqncPpZf1hXDr-_MRd5Eo9LpJn5n-u7qqg5g\/viewform\" target=\"_blank\" rel=\"noopener nofollow\">le formulaire d\u00e9di\u00e9<\/a>. Vous pouvez aussi faire un tour sur <a href=\"https:\/\/discord.gg\/uvZWwJUd87\" target=\"_blank\" rel=\"noopener nofollow\">le serveur Discord officiel<\/a>.<\/p>\n<p style=\"text-align: justify;\">Mais il n\u2019y en aura pas que pour les gens qui boivent du cidre et mangent des galettes-saucisses en se tenant par le petit doigt, puisqu\u2019un programme sur Twitch tout au long du festival est bien pr\u00e9vu, afin d\u2019arroser bien au-del\u00e0 de la Marche de Bretagne. Il y aura forc\u00e9ment des trucs sur <a href=\"https:\/\/www.twitch.tv\/nofrag\" target=\"_blank\" rel=\"noopener nofollow\">notre cha\u00eene<\/a>, mais vous pourrez aussi voir plein de choses sur les cha\u00eenes <a href=\"https:\/\/www.twitch.tv\/3hitcombo\" target=\"_blank\" rel=\"noopener nofollow\">3hitcombo<\/a>, <a href=\"https:\/\/www.twitch.tv\/stunfest\" target=\"_blank\" rel=\"noopener nofollow\">Stunfest<\/a>, <a href=\"https:\/\/www.twitch.tv\/teamaskalonn\" target=\"_blank\" rel=\"noopener nofollow\">TeamAskalonn<\/a>, <a href=\"https:\/\/www.twitch.tv\/speedthemall\" target=\"_blank\" rel=\"noopener nofollow\">SpeedThemAll<\/a>, et sans doute encore d\u2019autres.<\/p>\n<p style=\"text-align: justify;\">Si \u00e7a vous int\u00e9resse de participer \u00e0 la pr\u00e9paration du Stunfest, venez sur le <a href=\"https:\/\/discord.gg\/uvZWwJUd87\" target=\"_blank\" rel=\"noopener nofollow\">Discord de l\u2019asso 3HitCombo<\/a>. Et si vous souhaitez soutenir financi\u00e8rement (contre du merch des \u00e9ditions pr\u00e9c\u00e9dentes), c\u2019est <a href=\"https:\/\/www.helloasso.com\/associations\/3-hit-combo\/collectes\/stunfest-2025-financement-participatif\" target=\"_blank\" rel=\"noopener nofollow\">via HelloAsso<\/a>. Pour ceux qui voudraient venir du 24 au 26 octobre au 360 \u00e0 Rennes, des infos concr\u00e8tes (programmation musicale, prix des entr\u00e9es\u2026) seront r\u00e9v\u00e9l\u00e9es la semaine prochaine.<\/p>\n","protected":false},"excerpt":{"rendered":"Vous l\u2019ignorez peut-\u00eatre, mais les Bretons ont infiltr\u00e9 la r\u00e9daction de NoFrag depuis plusieurs ann\u00e9es. Et savez-vous ce&hellip;\n","protected":false},"author":2,"featured_media":312802,"comment_status":"","ping_status":"","sticky":false,"template":"","format":"standard","meta":{"footnotes":""},"categories":[2821],"tags":[1111,11,829,1777,674,1011,27,12,584,25],"class_list":{"0":"post-312801","1":"post","2":"type-post","3":"status-publish","4":"format-standard","5":"has-post-thumbnail","7":"category-rennes","8":"tag-actu","9":"tag-actualites","10":"tag-bretagne","11":"tag-eu","12":"tag-europe","13":"tag-fr","14":"tag-france","15":"tag-news","16":"tag-rennes","17":"tag-republique-francaise"},"share_on_mastodon":{"url":"https:\/\/pubeurope.com\/@fr\/115013061407623150","error":""},"_links":{"self":[{"href":"https:\/\/www.europesays.com\/fr\/wp-json\/wp\/v2\/posts\/312801","targetHints":{"allow":["GET"]}}],"collection":[{"href":"https:\/\/www.europesays.com\/fr\/wp-json\/wp\/v2\/posts"}],"about":[{"href":"https:\/\/www.europesays.com\/fr\/wp-json\/wp\/v2\/types\/post"}],"author":[{"embeddable":true,"href":"https:\/\/www.europesays.com\/fr\/wp-json\/wp\/v2\/users\/2"}],"replies":[{"embeddable":true,"href":"https:\/\/www.europesays.com\/fr\/wp-json\/wp\/v2\/comments?post=312801"}],"version-history":[{"count":0,"href":"https:\/\/www.europesays.com\/fr\/wp-json\/wp\/v2\/posts\/312801\/revisions"}],"wp:featuredmedia":[{"embeddable":true,"href":"https:\/\/www.europesays.com\/fr\/wp-json\/wp\/v2\/media\/312802"}],"wp:attachment":[{"href":"https:\/\/www.europesays.com\/fr\/wp-json\/wp\/v2\/media?parent=312801"}],"wp:term":[{"taxonomy":"category","embeddable":true,"href":"https:\/\/www.europesays.com\/fr\/wp-json\/wp\/v2\/categories?post=312801"},{"taxonomy":"post_tag","embeddable":true,"href":"https:\/\/www.europesays.com\/fr\/wp-json\/wp\/v2\/tags?post=312801"}],"curies":[{"name":"wp","href":"https:\/\/api.w.org\/{rel}","templated":true}]}}