{"id":312803,"date":"2025-08-12T00:53:26","date_gmt":"2025-08-12T00:53:26","guid":{"rendered":"https:\/\/www.europesays.com\/fr\/312803\/"},"modified":"2025-08-12T00:53:26","modified_gmt":"2025-08-12T00:53:26","slug":"26me-pouille-ex-rc-lens-hallucine-a-rennes","status":"publish","type":"post","link":"https:\/\/www.europesays.com\/fr\/312803\/","title":{"rendered":"26M\u20ac, Pouille (ex-RC Lens) hallucine \u00e0 Rennes !"},"content":{"rendered":"<p>\t\t\t\t\t Habitu\u00e9 \u00e0 faire des folies lors du mercato depuis son arriv\u00e9e \u00e0 Rennes, Arnaud Pouille (ex-RC Lens) aura cette fois-ci tr\u00e8s vite referm\u00e9 un bien joli dossier du c\u00f4t\u00e9 du Stade Rennais. <\/p>\n<p>S&rsquo;il est d\u00e9j\u00e0 parvenu \u00e0 attirer des anciens du Racing Club de Lens au SRFC, comme Brice Samba ou encore Seko Fofana et Przemyslaw Frankowski, Rennes aura d\u00e9j\u00e0 r\u00e9alis\u00e9 plusieurs jolis coups sur ce march\u00e9 des transferts estival avec notamment les signatures de Valentin Rongier et Quentin Merlin. <\/p>\n<p>Mais si Arnaud Pouille entretient d&rsquo;excellents rapports avec Pablo Longoria, l&rsquo;id\u00e9e de recruter un nouveau joueur de l&rsquo;OM \u00e9tait bien pr\u00e9sente dans l&rsquo;esprit des dirigeants du Stade Rennais avec Jonathan Rowe, qui sort d&rsquo;un Euro U21 incroyable avec l&rsquo;Angleterre et qui r\u00e9alise une pr\u00e9pa d&rsquo;avant-saison tr\u00e8s int\u00e9ressante avec l&rsquo;Olympique de Marseille sous les ordres de Roberto De Zerbi. <\/p>\n<p>Tr\u00e8s appr\u00e9ci\u00e9 par Habib Beye \u00e0 Rennes, Jonathan Rowe ne devrait toutefois pas rejoindre le Stade Rennais sur ce mercato. Selon Ouest-France, le prix r\u00e9clam\u00e9 par l&rsquo;OM aurait \u00e9t\u00e9 jug\u00e9 trop excessif par les pensionnaires du Roazhon Park pour celui qui est \u00e9galement pist\u00e9 par l&rsquo;Atalanta Bergame et l&rsquo;AS Rome. <\/p>\n<p>On parle d&rsquo;environ 26 millions pour l&rsquo;ancien ailier gauche international espoirs anglais de Norwich City, qui avait \u00e9t\u00e9 recrut\u00e9 par Mehdi Benatia \u00e0 Marseille pour environ 17 M\u20ac l&rsquo;\u00e9t\u00e9 dernier&#8230; Une piste \u00e0 oublier en Bretagne pour l&rsquo;ancien dirigeant du RC Lens !\n\t\t\t\t <\/p>\n","protected":false},"excerpt":{"rendered":"Habitu\u00e9 \u00e0 faire des folies lors du mercato depuis son arriv\u00e9e \u00e0 Rennes, Arnaud Pouille (ex-RC Lens) aura&hellip;\n","protected":false},"author":2,"featured_media":312804,"comment_status":"","ping_status":"","sticky":false,"template":"","format":"standard","meta":{"footnotes":""},"categories":[2821],"tags":[1111,11,829,1777,674,1011,27,12,584,25],"class_list":{"0":"post-312803","1":"post","2":"type-post","3":"status-publish","4":"format-standard","5":"has-post-thumbnail","7":"category-rennes","8":"tag-actu","9":"tag-actualites","10":"tag-bretagne","11":"tag-eu","12":"tag-europe","13":"tag-fr","14":"tag-france","15":"tag-news","16":"tag-rennes","17":"tag-republique-francaise"},"share_on_mastodon":{"url":"https:\/\/pubeurope.com\/@fr\/115013065263832358","error":""},"_links":{"self":[{"href":"https:\/\/www.europesays.com\/fr\/wp-json\/wp\/v2\/posts\/312803","targetHints":{"allow":["GET"]}}],"collection":[{"href":"https:\/\/www.europesays.com\/fr\/wp-json\/wp\/v2\/posts"}],"about":[{"href":"https:\/\/www.europesays.com\/fr\/wp-json\/wp\/v2\/types\/post"}],"author":[{"embeddable":true,"href":"https:\/\/www.europesays.com\/fr\/wp-json\/wp\/v2\/users\/2"}],"replies":[{"embeddable":true,"href":"https:\/\/www.europesays.com\/fr\/wp-json\/wp\/v2\/comments?post=312803"}],"version-history":[{"count":0,"href":"https:\/\/www.europesays.com\/fr\/wp-json\/wp\/v2\/posts\/312803\/revisions"}],"wp:featuredmedia":[{"embeddable":true,"href":"https:\/\/www.europesays.com\/fr\/wp-json\/wp\/v2\/media\/312804"}],"wp:attachment":[{"href":"https:\/\/www.europesays.com\/fr\/wp-json\/wp\/v2\/media?parent=312803"}],"wp:term":[{"taxonomy":"category","embeddable":true,"href":"https:\/\/www.europesays.com\/fr\/wp-json\/wp\/v2\/categories?post=312803"},{"taxonomy":"post_tag","embeddable":true,"href":"https:\/\/www.europesays.com\/fr\/wp-json\/wp\/v2\/tags?post=312803"}],"curies":[{"name":"wp","href":"https:\/\/api.w.org\/{rel}","templated":true}]}}