{"id":312806,"date":"2025-08-12T00:56:17","date_gmt":"2025-08-12T00:56:17","guid":{"rendered":"https:\/\/www.europesays.com\/fr\/312806\/"},"modified":"2025-08-12T00:56:17","modified_gmt":"2025-08-12T00:56:17","slug":"le-metallurgiste-novasco-qui-emploie-en-france-quelque-760-salaries-en-lorraine-dans-la-loire-et-le-nord-place-en-redressement-judiciaire-par-le-tribunal-de-strasbourg","status":"publish","type":"post","link":"https:\/\/www.europesays.com\/fr\/312806\/","title":{"rendered":"Le m\u00e9tallurgiste Novasco, qui emploie en France quelque 760 salari\u00e9s en Lorraine, dans la Loire et le Nord, plac\u00e9 en redressement judiciaire par le tribunal de Strasbourg"},"content":{"rendered":"<p>Le m\u00e9tallurgiste Novasco, qui emploie en France quelque 760 salari\u00e9s en Lorraine, dans la Loire et le Nord, a \u00e9t\u00e9 plac\u00e9 lundi en redressement judiciaire par le tribunal de Strasbourg, qui a fix\u00e9 \u00e0 fin septembre la date limite de d\u00e9p\u00f4t de projets de reprise, a annonc\u00e9 \u00e0 l\u2019AFP un repr\u00e9sentant syndical.<\/p>\n<p>L\u2019ex-Ascometal, qui fabrique des aciers sp\u00e9ciaux, notamment pour le secteur automobile, avait \u00e9t\u00e9 repris en juillet 2024 par le fonds d\u2019investissement britannique Greybull Capital. Ce dernier n\u2019a pas inject\u00e9 les 90 millions d\u2019euros promis aux c\u00f4t\u00e9s de l\u2019Etat, qui a apport\u00e9 75 millions d\u2019euros \u00e0 l\u2019entreprise.<\/p>\n<p>La chambre commerciale du tribunal judiciaire de Strasbourg \u00ab\u00a0a act\u00e9 le redressement judiciaire et fix\u00e9 la date limite du d\u00e9p\u00f4t des offres de reprise \u00e0 la derni\u00e8re semaine de septembre\u00a0\u00bb, a d\u00e9clar\u00e9 \u00e0 l\u2019AFP Yann Amadoro, secr\u00e9taire CGT du comit\u00e9 social et \u00e9conomique (CSE).<\/p>\n<p>Le calendrier \u00ab\u00a0contraint par le niveau de la tr\u00e9sorerie\u00a0\u00bb du groupe n\u2019a pas permis de mettre en place une p\u00e9riode d\u2019observation de six mois, a-t-il ajout\u00e9. \u00ab\u00a0La tr\u00e9sorerie permet aujourd\u2019hui de tenir jusqu\u2019\u00e0 fin septembre d\u00e9but octobre\u00a0\u00bb, a affim\u00e9 M. Amadoro.<\/p>\n<p>Des candidats \u00e0 la reprise ont d\u00e9j\u00e0 \u00e9t\u00e9 auditionn\u00e9s en juillet, dont certains auraient des vues sur certains sites, mais pas sur le principal, Hagondange, qui emploie 450 personnes en Moselle.<\/p>\n<p>Avec ses trois autres sites d\u2019usinage et de parach\u00e8vement, \u00e0 Custines (Meurthe-et-Moselle), Saint-\u00c9tienne (Loire) et Leffrinckoucke (Nord), Novasco emploie environ 760 personnes.<\/p>\n<p>Au terme de l\u2019accord pass\u00e9 il y a un an avec Greybull, l\u2019Etat a vers\u00e9 75 millions d\u2019euros et 10 millions sont attendus dans la deuxi\u00e8me quinzaine d\u2019ao\u00fbt, selon M. Amadoro.<\/p>\n<p>\u00a0<\/p>\n","protected":false},"excerpt":{"rendered":"Le m\u00e9tallurgiste Novasco, qui emploie en France quelque 760 salari\u00e9s en Lorraine, dans la Loire et le Nord,&hellip;\n","protected":false},"author":2,"featured_media":312807,"comment_status":"","ping_status":"","sticky":false,"template":"","format":"standard","meta":{"footnotes":""},"categories":[2820],"tags":[1111,11,1777,674,1011,27,775,12,40881,25,45245,640,2542],"class_list":{"0":"post-312806","1":"post","2":"type-post","3":"status-publish","4":"format-standard","5":"has-post-thumbnail","7":"category-strasbourg","8":"tag-actu","9":"tag-actualites","10":"tag-eu","11":"tag-europe","12":"tag-fr","13":"tag-france","14":"tag-grand-est","15":"tag-news","16":"tag-novasco","17":"tag-republique-francaise","18":"tag-salariu00e9s","19":"tag-strasbourg","20":"tag-u00e9conomie"},"share_on_mastodon":{"url":"https:\/\/pubeurope.com\/@fr\/115013077314000141","error":""},"_links":{"self":[{"href":"https:\/\/www.europesays.com\/fr\/wp-json\/wp\/v2\/posts\/312806","targetHints":{"allow":["GET"]}}],"collection":[{"href":"https:\/\/www.europesays.com\/fr\/wp-json\/wp\/v2\/posts"}],"about":[{"href":"https:\/\/www.europesays.com\/fr\/wp-json\/wp\/v2\/types\/post"}],"author":[{"embeddable":true,"href":"https:\/\/www.europesays.com\/fr\/wp-json\/wp\/v2\/users\/2"}],"replies":[{"embeddable":true,"href":"https:\/\/www.europesays.com\/fr\/wp-json\/wp\/v2\/comments?post=312806"}],"version-history":[{"count":0,"href":"https:\/\/www.europesays.com\/fr\/wp-json\/wp\/v2\/posts\/312806\/revisions"}],"wp:featuredmedia":[{"embeddable":true,"href":"https:\/\/www.europesays.com\/fr\/wp-json\/wp\/v2\/media\/312807"}],"wp:attachment":[{"href":"https:\/\/www.europesays.com\/fr\/wp-json\/wp\/v2\/media?parent=312806"}],"wp:term":[{"taxonomy":"category","embeddable":true,"href":"https:\/\/www.europesays.com\/fr\/wp-json\/wp\/v2\/categories?post=312806"},{"taxonomy":"post_tag","embeddable":true,"href":"https:\/\/www.europesays.com\/fr\/wp-json\/wp\/v2\/tags?post=312806"}],"curies":[{"name":"wp","href":"https:\/\/api.w.org\/{rel}","templated":true}]}}