{"id":312812,"date":"2025-08-12T00:59:24","date_gmt":"2025-08-12T00:59:24","guid":{"rendered":"https:\/\/www.europesays.com\/fr\/312812\/"},"modified":"2025-08-12T00:59:24","modified_gmt":"2025-08-12T00:59:24","slug":"a-nantes-plusieurs-heures-dattente-en-pleine-vague-de-chaleur-devant-lexposition","status":"publish","type":"post","link":"https:\/\/www.europesays.com\/fr\/312812\/","title":{"rendered":"\u00c0 Nantes, plusieurs heures d\u2019attente en pleine vague de chaleur\u00a0devant l\u2019exposition"},"content":{"rendered":"<p>C\u2019est un standard de l\u2019\u00e9t\u00e9 quelle que soit la m\u00e9t\u00e9o. <a href=\"https:\/\/nantes.maville.com\/actu\/actudet_--on-etait-a-8-h-devant-le-chateau-a-nantes-on-fait-la-queue-tous-les-jours-pour-l-expo-hokusai-_8-6915439_actu.Htm\" target=\"_blank\" rel=\"noopener\">Chaque jour, des centaines de visiteurs qui n\u2019ont pas pu r\u00e9server pour acc\u00e9der \u00e0 l\u2019exposition de l\u2019artiste japonais au Ch\u00e2teau des Ducs se pr\u00e9sentent pour patienter le long du b\u00e2timent.<\/a> Mais avec les fortes chaleurs l\u2019attente est devenue un calvaire une fois pass\u00e9es les premi\u00e8res heures de la matin\u00e9e.<\/p>\n<p>En d\u00e9but d\u2019apr\u00e8s-midi, le soleil est mont\u00e9 au-dessus des grands murs inondant de ses rayons les spectateurs patients. <strong>\u00ab\u00a0Je suis venu quand m\u00eame car, par rapport \u00e0 hier, la file est deux fois plus courte\u00a0\u00bb<\/strong>, expliquait Nicolas, venu de Lens (Pas-de-Calais). Des pancartes annoncent des temps d\u2019attente allant de cinq\u00a0heures, pour une file de 30\u00a0m, \u00e0 trois\u00a0heures pour la derni\u00e8re partie en bout de b\u00e2timent. <strong>\u00ab\u00a0En fait, c\u2019est all\u00e9 un peu plus vite, environ 1\u00a0h\u00a030\u00a0\u00bb,<\/strong> assure une visiteuse toute proche de l\u2019entr\u00e9e. Les d\u00e9lais sont en effet donn\u00e9s \u00e0 titre indicatif car c\u2019est en fonction des comptages dans le mus\u00e9e et des sorties plus rapides de spectateurs que sont octroy\u00e9es les places suppl\u00e9mentaires.<\/p>\n<p>\u00a0<\/p>\n","protected":false},"excerpt":{"rendered":"C\u2019est un standard de l\u2019\u00e9t\u00e9 quelle que soit la m\u00e9t\u00e9o. Chaque jour, des centaines de visiteurs qui n\u2019ont&hellip;\n","protected":false},"author":2,"featured_media":312813,"comment_status":"","ping_status":"","sticky":false,"template":"","format":"standard","meta":{"footnotes":""},"categories":[2818],"tags":[1111,11,13375,13208,1777,674,3293,1011,27,6203,18699,766,12,2636,19940,25,27319],"class_list":{"0":"post-312812","1":"post","2":"type-post","3":"status-publish","4":"format-standard","5":"has-post-thumbnail","7":"category-nantes","8":"tag-actu","9":"tag-actualites","10":"tag-attente","11":"tag-chaleur","12":"tag-eu","13":"tag-europe","14":"tag-exposition","15":"tag-fr","16":"tag-france","17":"tag-heures","18":"tag-hokusai","19":"tag-nantes","20":"tag-news","21":"tag-pays-de-la-loire","22":"tag-pleine","23":"tag-republique-francaise","24":"tag-vague"},"share_on_mastodon":{"url":"https:\/\/pubeurope.com\/@fr\/115013088918398955","error":""},"_links":{"self":[{"href":"https:\/\/www.europesays.com\/fr\/wp-json\/wp\/v2\/posts\/312812","targetHints":{"allow":["GET"]}}],"collection":[{"href":"https:\/\/www.europesays.com\/fr\/wp-json\/wp\/v2\/posts"}],"about":[{"href":"https:\/\/www.europesays.com\/fr\/wp-json\/wp\/v2\/types\/post"}],"author":[{"embeddable":true,"href":"https:\/\/www.europesays.com\/fr\/wp-json\/wp\/v2\/users\/2"}],"replies":[{"embeddable":true,"href":"https:\/\/www.europesays.com\/fr\/wp-json\/wp\/v2\/comments?post=312812"}],"version-history":[{"count":0,"href":"https:\/\/www.europesays.com\/fr\/wp-json\/wp\/v2\/posts\/312812\/revisions"}],"wp:featuredmedia":[{"embeddable":true,"href":"https:\/\/www.europesays.com\/fr\/wp-json\/wp\/v2\/media\/312813"}],"wp:attachment":[{"href":"https:\/\/www.europesays.com\/fr\/wp-json\/wp\/v2\/media?parent=312812"}],"wp:term":[{"taxonomy":"category","embeddable":true,"href":"https:\/\/www.europesays.com\/fr\/wp-json\/wp\/v2\/categories?post=312812"},{"taxonomy":"post_tag","embeddable":true,"href":"https:\/\/www.europesays.com\/fr\/wp-json\/wp\/v2\/tags?post=312812"}],"curies":[{"name":"wp","href":"https:\/\/api.w.org\/{rel}","templated":true}]}}