{"id":31282,"date":"2025-04-17T08:57:17","date_gmt":"2025-04-17T08:57:17","guid":{"rendered":"https:\/\/www.europesays.com\/fr\/31282\/"},"modified":"2025-04-17T08:57:17","modified_gmt":"2025-04-17T08:57:17","slug":"une-chasse-aux-bretzels-avec-de-nombreux-lots-a-gagner-organisee-a-strasbourg","status":"publish","type":"post","link":"https:\/\/www.europesays.com\/fr\/31282\/","title":{"rendered":"une chasse aux bretzels avec de nombreux lots \u00e0 gagner organis\u00e9e \u00e0 Strasbourg"},"content":{"rendered":"<p>            Par<br \/>\n        <strong><br \/>\n            <a href=\"https:\/\/actu.fr\/auteur\/margot-fournie\" title=\"Consulter tous les articles de Margot Fournie\" rel=\"nofollow noopener\" target=\"_blank\">Margot Fournie<\/a><br \/>\n        <\/strong><\/p>\n<p>        Publi\u00e9 le<\/p>\n<p>            16 avr. 2025 \u00e0 12h45        <\/p>\n<p>Pour changer de la <a href=\"https:\/\/actu.fr\/loisirs-culture\/paques-d-ou-vient-cette-tradition-de-manger-du-chocolat_60879577.html\" rel=\"nofollow noopener\" target=\"_blank\">tradition du chocolat \u00e0 P\u00e2ques<\/a>, le domaine Bohr, producteur de vins et de cr\u00e9mants d\u2019Alsace, organise une grande chasse aux bretzels <strong>dimanche 20\u00a0avril 2025<\/strong>, <strong>d\u00e8s 8h du matin.<\/strong><\/p>\n<p class=\" wall-content\">Et ce, <strong>dans plusieurs villes<\/strong> d\u2019Alsace, dont <a href=\"https:\/\/actu.fr\/strasbourg\/\" rel=\"nofollow noopener\" target=\"_blank\">Strasbourg<\/a>, Obernai, Saverne ou encore Gertwiller. \u00c0 la cl\u00e9\u2009: de <strong>nombreux lots \u00e0 gagner<\/strong> chez une quarantaine de partenaires locaux.<\/p>\n<p>Les indices seront diffus\u00e9s sur Facebook et Instagram<\/p>\n<p class=\" wall-content\"><strong>Les indices<\/strong> pour trouver les bretzels g\u00e9ants en bois seront <strong>diffus\u00e9s sur les r\u00e9seaux sociaux<\/strong>, \u00e0 savoir les comptes Facebook et Instagram du domaine Bohr.<\/p>\n<p>    <a href=\"https:\/\/www.facebook.com\/plugins\/post.php?href=https%3A%2F%2Fwww.facebook.com%2FDomaineBohrTastingRoom%2Fposts%2Fpfbid0j8U51kFCKYr2LmRzcKYQ7CqmuKznW7yec8cZc3iJ6ovvU5WfXELqX3uWskseZ39Zl&amp;show_text=true&amp;width=350\" title=\"Ouvrie le lien\" rel=\"nofollow noopener\" target=\"_blank\">Cliquez ici pour visualiser le contenu<\/a><\/p>\n<p class=\" wall-content\">\u00ab\u2009Une fois que vous avez trouv\u00e9 une bretzel, il faudra nous contacter via notre page <a href=\"https:\/\/actu.fr\/tag\/facebook\" rel=\"nofollow noopener\" target=\"_blank\">Facebook<\/a> et nous <strong>apporter la bretzel au domaine<\/strong>. On vous donnera ensuite votre lot\u2009\u00bb, pr\u00e9cise le vignoble.<\/p>\n<p>Vid\u00e9os : en ce moment sur Actu<\/p>\n<p class=\" wall-content\">Concernant les lots, ils sont offerts par <strong>des partenaires locaux<\/strong> comme la <strong>Montagne aux Singes<\/strong>, <strong>Batorama<\/strong>, la Villa Meteor ou encore Boehli.<\/p>\n<p class=\" wall-content\">Suivez toute l\u2019actualit\u00e9 de vos villes et m\u00e9dias favoris en vous inscrivant \u00e0 <a href=\"https:\/\/moncompte.actu.fr\" title=\"D\u00e9couvez Mon Actu\" rel=\"nofollow noopener\" data-trk=\"{&quot;cta&quot;:{&quot;action&quot;:&quot;https:\\\/\\\/moncompte.actu.fr&quot;,&quot;category&quot;:&quot;mon compte&quot;,&quot;from&quot;:&quot;article footer&quot;,&quot;name&quot;:&quot;Mon actu&quot;,&quot;type&quot;:&quot;cta&quot;}}\" target=\"_blank\">Mon Actu<\/a>.<\/p>\n","protected":false},"excerpt":{"rendered":"Par Margot Fournie Publi\u00e9 le 16 avr. 2025 \u00e0 12h45 Pour changer de la tradition du chocolat \u00e0&hellip;\n","protected":false},"author":2,"featured_media":31283,"comment_status":"","ping_status":"","sticky":false,"template":"","format":"standard","meta":{"footnotes":""},"categories":[2820],"tags":[1111,11,1777,674,1011,27,775,1757,1652,12,4769,25,640],"class_list":{"0":"post-31282","1":"post","2":"type-post","3":"status-publish","4":"format-standard","5":"has-post-thumbnail","7":"category-strasbourg","8":"tag-actu","9":"tag-actualites","10":"tag-eu","11":"tag-europe","12":"tag-fr","13":"tag-france","14":"tag-grand-est","15":"tag-insolite","16":"tag-loisirs-culture","17":"tag-news","18":"tag-paques","19":"tag-republique-francaise","20":"tag-strasbourg"},"share_on_mastodon":{"url":"https:\/\/pubeurope.com\/@fr\/114352478210023304","error":""},"_links":{"self":[{"href":"https:\/\/www.europesays.com\/fr\/wp-json\/wp\/v2\/posts\/31282","targetHints":{"allow":["GET"]}}],"collection":[{"href":"https:\/\/www.europesays.com\/fr\/wp-json\/wp\/v2\/posts"}],"about":[{"href":"https:\/\/www.europesays.com\/fr\/wp-json\/wp\/v2\/types\/post"}],"author":[{"embeddable":true,"href":"https:\/\/www.europesays.com\/fr\/wp-json\/wp\/v2\/users\/2"}],"replies":[{"embeddable":true,"href":"https:\/\/www.europesays.com\/fr\/wp-json\/wp\/v2\/comments?post=31282"}],"version-history":[{"count":0,"href":"https:\/\/www.europesays.com\/fr\/wp-json\/wp\/v2\/posts\/31282\/revisions"}],"wp:featuredmedia":[{"embeddable":true,"href":"https:\/\/www.europesays.com\/fr\/wp-json\/wp\/v2\/media\/31283"}],"wp:attachment":[{"href":"https:\/\/www.europesays.com\/fr\/wp-json\/wp\/v2\/media?parent=31282"}],"wp:term":[{"taxonomy":"category","embeddable":true,"href":"https:\/\/www.europesays.com\/fr\/wp-json\/wp\/v2\/categories?post=31282"},{"taxonomy":"post_tag","embeddable":true,"href":"https:\/\/www.europesays.com\/fr\/wp-json\/wp\/v2\/tags?post=31282"}],"curies":[{"name":"wp","href":"https:\/\/api.w.org\/{rel}","templated":true}]}}