{"id":312824,"date":"2025-08-12T01:06:17","date_gmt":"2025-08-12T01:06:17","guid":{"rendered":"https:\/\/www.europesays.com\/fr\/312824\/"},"modified":"2025-08-12T01:06:17","modified_gmt":"2025-08-12T01:06:17","slug":"canicule-vigilance-orange-actualites","status":"publish","type":"post","link":"https:\/\/www.europesays.com\/fr\/312824\/","title":{"rendered":"Canicule : vigilance orange \/ Actualit\u00e9s"},"content":{"rendered":"<p>Le plan canicule de la Ville<\/p>\n<p>Le plan canicule de la Ville s&rsquo;adapte d\u00e8s le franchissement du seuil orange avec la mise en place des mesures suivantes :<\/p>\n<ul class=\"listPuce\">\n<li>\nLes brumisateurs install\u00e9s dans diff\u00e9rents lieux de la ville sont activ\u00e9s d\u00e8s 25 degr\u00e9s ressentis les mercredis apr\u00e8s-midi, samedis, dimanches apr\u00e8s-midi hors vacances scolaires ainsi que tous les apr\u00e8s-midis pendant les vacances scolaires. <strong>Ils sont actifs toute la journ\u00e9e durant les \u00e9pisodes de canicule.<\/strong><br \/>\u00a0<\/li>\n<li>\nLa Ville continue de mettre en application un <strong>tarif r\u00e9duit d\u2019entr\u00e9e dans les piscines municipales d\u00e8s l\u2019alerte canicule \u00ab orange \u00bb<\/strong> pour tous les Lillois, Hellemmois et Lommois.<br \/>\u00a0<\/li>\n<li>\nEquipements sportifs : adaptation renforc\u00e9e ou <strong>annulation des activit\u00e9s physiques<\/strong> et sportives.<br \/>\u00a0<\/li>\n<li>\nLes parcs sont <strong>ouverts en nocturne en continu<\/strong> d\u00e8s le seuil 2 d\u2019alerte canicule \u00ab jaune \u00bb.<br \/>\u00a0<\/li>\n<li>\nProlongation des horaires d\u2019ouverture des cimeti\u00e8res de l\u2019Est et du Sud <strong>jusque 20h<\/strong>.<br \/>\u00a0<\/li>\n<li>\nDans les EHPAD, <strong>la vigilance est accrue<\/strong>, les activit\u00e9s et la distribution d\u2019eau sont adapt\u00e9es.<br \/>\u00a0<\/li>\n<li>Activation du Plan d\u2019alerte d\u2019urgence.<\/li>\n<\/ul>\n<p>La Ville vous accompagne<\/p>\n<p>Dans la poursuite de sa politique pour une ville plus durable, agr\u00e9able et bas carbone, mais aussi attentive au bien-\u00eatre et \u00e0 la sant\u00e9 de ses habitants, la Ville de Lille favorise le d\u00e9veloppement de lieux de fra\u00eecheur pour lutter contre les \u00eelots de chaleur et renouvelle ses actions d\u2019information et de pr\u00e9vention \u00e0 destination des petits et grands.<\/p>\n<p><strong>Face aux fortes chaleurs, des points d\u2019eau potable en libre acc\u00e8s, une communication directe avec les seniors, et une cartographie des lieux frais accessibles \u00e0 tous sont mis en place par la Ville afin de mieux vivre les pics de temp\u00e9rature.<\/strong>\u00a0La Ville de Lille se mobilise pour mettre \u00e0 disposition de ses habitants les informations essentielles\u00a0et les am\u00e9nagements adapt\u00e9s dans l\u2019espace public.<\/p>\n<p>Des points de fra\u00eecheur dans la ville<\/p>\n<ul class=\"listPuce\">\n<li><strong>Les parcs sont ouverts en nocturne en continu\u00a0: <\/strong>square Lardemer, square Coustou, jardin Jean-Baptiste Lelong (Fr\u00e9my Courbet), parc Jean-Baptiste Lebas, parc Germaine Tillion, square de Copenhague, parc des Buissonnets, jardin des Horticulteurs, jardin de l\u2019Abbaye de Loos, Porte de Dunkerque (Pyramides), jardin Flandre Manuel, place Catinat, square Fulton, jardin Philippe de Comines, square Verhaeren, square Bardou.<\/li>\n<\/ul>\n<ul class=\"listPuce\">\n<li><strong>Une cartographie des espaces arbor\u00e9s, points d\u2019eau potable, brumisateurs et b\u00e2timents frais pr\u00e9sents dans l\u2019ensemble des quartiers de la ville\u00a0est disponible ci-dessus.\u00a0<\/strong>Elle permet d\u2019informer les Lilloises et les Lillois de tous les points disponibles pour se rafra\u00eechir et de leur rappeler quelques conseils et bons gestes en cas de fortes chaleurs. <a href=\"https:\/\/swll.to\/LieuxFraicheurLille\" target=\"_self\" class=\"lien_interne\" rel=\"noopener\">Retrouvez aussi la carte des lieux frais de la m\u00e9tropole.<\/a>\u00a0<\/li>\n<\/ul>\n<ul class=\"listPuce\">\n<li>\n<p><strong>Des brumisateurs sont install\u00e9s dans diff\u00e9rents lieux de la ville.<\/strong>\u00a0Ils sont activ\u00e9s d\u00e8s 25 degr\u00e9s ressentis les mercredis apr\u00e8s-midi, samedis, dimanches apr\u00e8s-midi hors vacances scolaires ainsi que tous les apr\u00e8s-midis pendant les vacances scolaires. Ils sont actifs toute la journ\u00e9e durant les \u00e9pisodes de canicule, dans les lieux suivants :\u00a0<\/p>\n<p>\n&#8211; Square Verhaeren (Faubourg de B\u00e9thune)<br \/>&#8211; Square des M\u00e8res (Fives. Installation temporairement inactive en raison des travaux du square)<\/p>\n<p>&#8211; Square Philippe de Comines (Moulins)<\/p>\n<p>&#8211; Square Bardou (Lille-Sud)<\/p>\n<p>&#8211; A l&rsquo;angle des avenues Mathias-Delobel et du 43e-RI (Vauban-Esquermes)<\/p>\n<p>\n&#8211; Square Ghesqui\u00e8re (Wazemmes)<br \/>&#8211; Parc Jean-Baptiste Lebas (Lille-Centre)<br \/>\u00a0<\/p>\n<\/li>\n<li>\n<p><strong>46 points d&rsquo;eau potable dans toute la ville :<\/strong> avenue Marie-Louise Delwalle, avenue de Bretagne, rue Surcouf, plaine des Vachers, rue du Pont \u00e0 fourchon, rue de Turenne, avenue Mathias Delobel, all\u00e9e des Marronniers, avenue L\u00e9on Jouhaux, square d&rsquo;Armentieres, parc des Pyramides, square Birdwood, parc Jean-Baptiste Lebas, rue L\u00e9on Trulin, square Foch, square du R\u00e9duit, cours Saint-So, rue Militaire,\u00a0parc Matisse,\u00a0square l&rsquo;Arbonoise,\u00a0parc Barbusse,\u00a0rue L\u00e9on Blum,\u00a0rue Fr\u00e9my,\u00a0place Degeyter,\u00a0rue Gutenberg,\u00a0parc Alexandre Dumas, parc des Dondaines,\u00a0place Carnaval,\u00a0place Fernig,\u00a0jardin Philippe de Comines,\u00a0Jardin des plantes,\u00a0\u00e9cole Ariane Capon,\u00a0parc Barberousse,\u00a0place Edith Cavell,\u00a0square Filbertville,\u00a0square Kuhlman,\u00a0square de la Garonne,\u00a0place de Bettignies,\u00a0place du Concert,\u00a0place Oujda,\u00a0place S\u00e9bastopol,\u00a0jardin de la Paresse,\u00a0square Ghesquiere,\u00a0place de la Nouvelle Aventure.<\/p>\n<p>\u00a0<\/p>\n<\/li>\n<li>Afin de lutter contre l&rsquo;inconfort que peuvent provoquer les \u00e9pisodes de grande chaleur, la Ville de Lille, commer\u00e7ants et artisans renouvellent l<strong>&lsquo;op\u00e9ration \u00ab\u00a0Gourde Friendly\u00a0\u00bb, en permettant \u00e0 toute personne (clients, passants, touristes&#8230;) de remplir sa bouteille ou sa gourde d&rsquo;eau dans leurs \u00e9tablissements.<\/strong><\/li>\n<\/ul>\n<p>Des ilots de fraicheur in\u00e9dits !<\/p>\n<p>En plus des deux cours d&rsquo;\u00e9coles Ariane Capon et Jean Bart, d&rsquo;autres sites lillois seront ouverts dans le cadre de <strong>Time 2 Adapt<\/strong>, sous certaines conditions :<\/p>\n<ul class=\"listPuce\">\n<li>Cimeti\u00e8res de l&rsquo;est et du sud\u00a0: ouverts plus tard (17h-20h) en juillet et ao\u00fbt en cas d&rsquo;alerte canicule.<\/li>\n<li>Atrium du Palais des Beaux-Arts\u00a0: ouverture tous les mardis de l&rsquo;\u00e9t\u00e9 hors ouverture du mus\u00e9e (14h-18h) ; et\u00a0am\u00e9nagement du\u00a0jardin\u00a0avec de nouvelles assises<\/li>\n<li>Jardin de la maison Folie Moulins\u00a0: des travaux d&rsquo;am\u00e9nagement du jardin ont \u00e9t\u00e9 men\u00e9s cet hiver (v\u00e9g\u00e9talisation, toile d&rsquo;ombrage) : lieu ouvert aux\u00a0<a href=\"https:\/\/www.lille.fr\/Nos-equipements\/Maison-Folie-Moulins\" target=\"_self\" class=\"lien_interne\" rel=\"noopener\">horaires d&rsquo;ouverture de l&rsquo;\u00e9quipement<\/a>.<\/li>\n<li>Jardin de la m\u00e9diath\u00e8que Jean L\u00e9vy\u00a0: ouverture exceptionnelle les dimanches 17, 24 et 31 ao\u00fbt (l&rsquo;apr\u00e8s-midi). Acc\u00e8s par la rue du Plat.<\/li>\n<li>\nInstallation temporaire par l&rsquo;association Seed\u00a0:<br \/>&#8211; Pelouse des Enfants du Paradis : mobilier temporaire (assises, table de pique-nique) \u00e0 l&rsquo;ombre des arbres<br \/>&#8211; Jardin des Olieux : mobilier \u00e0 l&rsquo;ombre des arbres sur ce parc coconstruit et install\u00e9 avec les habitants.<\/li>\n<\/ul>\n<p>&gt; <a href=\"https:\/\/www.lille.fr\/Actualites\/Ilots-de-fraicheur-inedits-ouverts\" target=\"_self\" class=\"lien_interne\" rel=\"noopener\">En savoir plus<\/a><\/p>\n<p>Actions pour les s\u00e9niors, enfants, personnes \u00e0 la ruePour les s\u00e9niors<\/p>\n<p>En s\u2019appuyant sur les dispositifs municipaux que sont le\u00a0<strong>CLIC Seniors et le PASS Seniors<\/strong>, des messages de pr\u00e9vention et les bons gestes \u00e0 adopter sont rappel\u00e9s, par les agents de la Ville, aux s\u00e9niors. La vigilance des r\u00e9f\u00e9rents s\u00e9niors \u2013 sur le public accompagn\u00e9 dans le cadre du CLIC Seniors \u2013 et des coordinateurs \u2013 sur le public accueilli dans le cadre du PASS Seniors \u2013, tout comme celle du personnel des r\u00e9sidences locatives et de celui qui assure le portage de repas, est renforc\u00e9e afin d\u2019identifier, le cas \u00e9ch\u00e9ant, des personnes dont l\u2019\u00e9tat de sant\u00e9 pourrait \u00eatre fragilis\u00e9 par les fortes temp\u00e9ratures.<\/p>\n<p><strong>Dans les EPHAD<\/strong>, les activit\u00e9s sont adapt\u00e9es et la distribution d\u2019eau est accrue.<\/p>\n<p>La Ville de Lille accompagne \u00e9galement les seniors en cas de fortes chaleurs dans le cadre du Plan d\u2019Alerte et d\u2019Urgence (PAU), dispositif d\u00e9clench\u00e9 par la Pr\u00e9fecture.\u00a0<strong>Toute personne inscrite sur la liste de veille est ainsi contact\u00e9e par les agents de la Ville pour s\u2019assurer de son \u00e9tat de sant\u00e9.\u00a0<\/strong>Des conseils lui sont apport\u00e9s sur les bons gestes \u00e0 adopter.<\/p>\n<p>Pour s\u2019inscrire sur la liste de veille et b\u00e9n\u00e9ficier de ce suivi, il est possible de contacter le num\u00e9ro suivant 03 20 49 57 49 ou envoyer un mail \u00e0\u00a0<a href=\"https:\/\/www.lille.fr\/Actualites\/mailto:clicra@mairie-lille.fr\" title=\"Cliquez pour ouvrir votre messagerie\" target=\"_self\" class=\"lien_interne\" rel=\"noopener\">clicra@mairie-lille.fr<\/a>.<\/p>\n<p>Pour les enfants<\/p>\n<p>Dans les\u00a0<strong>Accueils de Loisirs Sans H\u00e9bergement (ALSH)<\/strong>\u00a0o\u00f9 les enfants ont l\u2019acc\u00e8s pendant tout l\u2019\u00e9t\u00e9 \u00e0 des\u00a0<strong>gourdes \u00e9co-cups<\/strong>\u00a0<strong>et points d\u2019eau, des brumisateurs<\/strong>\u00a0sont mis \u00e0 disposition.\u00a0<strong>Les activit\u00e9s des enfants sont \u00e9galement adapt\u00e9es<\/strong>\u00a0aux fortes chaleurs\u00a0: l\u2019ombre et le port de chapeaux\/casquettes sont syst\u00e9matis\u00e9s, les activit\u00e9s sportives de forte intensit\u00e9 sont proscrites l\u2019apr\u00e8s-midi. Des affichettes d\u2019information sur les bons comportements sont d\u00e9ploy\u00e9es.<\/p>\n<p>Pour les personnes \u00e0 la rue<\/p>\n<p><strong>Particuli\u00e8rement vuln\u00e9rables l\u2019hiver, les personnes \u00e0 la rue le sont \u00e9galement l\u2019\u00e9t\u00e9<\/strong>, plus fortement encore durant les p\u00e9riodes de fortes chaleurs.\u00a0<strong>Aussi, dans le prolongement de l\u2019action qu\u2019elle m\u00e8ne toute au long de l\u2019ann\u00e9e, en lien avec les services de l\u2019Etat et les acteurs du territoire, la Ville poursuit la coordination de l\u2019ensemble des maraudes r\u00e9alis\u00e9es par les associations partenaires et met 3\u00a0000\u00a0bouteilles d\u2019eau \u00e0 leur disposition<\/strong>.<\/p>\n<p>La Ville relaie \u00e9galement les messages de pr\u00e9vention ainsi qu\u2019une cartographie* \u2013 sur son site internet et en version papier \u2013 recensant les b\u00e2timents frais, les points d\u2019eau potable ainsi que les parcs particuli\u00e8rement frais et arbor\u00e9s de la ville, o\u00f9 les personnes peuvent se r\u00e9hydrater et se pr\u00e9munir de la chaleur.\u00a0\u00a0<\/p>\n<p>Les bons gestes en cas de coup de chaleur<\/p>\n<p>\u00a0Face\u00a0\u00e0 la canicule, tout le monde est vuln\u00e9rable.\u00a0Si vous ressentez\u00a0:<\/p>\n<ul class=\"listPuce\">\n<li>une transpiration abondante,<\/li>\n<li>des \u00e9tourdissements,<\/li>\n<li>des naus\u00e9es et des vomissements,<\/li>\n<li>des maux de t\u00eate,<\/li>\n<li>des troubles respiratoires,<\/li>\n<li>une faiblesse et une fatigue\u2026<\/li>\n<\/ul>\n<p><strong>Vous \u00eates peut-\u00eatre victime d\u2019un coup de chaleur.<\/strong><\/p>\n<p>Pour affronter au mieux ces risques,\u00a0quelques consignes sont \u00e0 respecter\u00a0:<\/p>\n<ul class=\"listPuce\">\n<li>portez des tenues amples et confortables,<\/li>\n<li>pensez \u00e0 vous hydrater r\u00e9guli\u00e8rement,<\/li>\n<li>ne sortez qu&rsquo;en cas de n\u00e9cessit\u00e9, durant les heures les moins chaudes (avant 10h, apr\u00e8s 18h)<\/li>\n<li>privil\u00e9giez les transports en commun ou la marche \u00e0 pied, plut\u00f4t que la voiture,<\/li>\n<li>a\u00e9rez votre domicile le matin et le soir,<\/li>\n<li>fermez les volets et les rideaux des fa\u00e7ades expos\u00e9es au soleil.<\/li>\n<\/ul>\n","protected":false},"excerpt":{"rendered":"Le plan canicule de la Ville Le plan canicule de la Ville s&rsquo;adapte d\u00e8s le franchissement du seuil&hellip;\n","protected":false},"author":2,"featured_media":312825,"comment_status":"","ping_status":"","sticky":false,"template":"","format":"standard","meta":{"footnotes":""},"categories":[2815],"tags":[1111,11,4763,1777,674,1011,27,811,1307,5415,12,25],"class_list":{"0":"post-312824","1":"post","2":"type-post","3":"status-publish","4":"format-standard","5":"has-post-thumbnail","7":"category-lille","8":"tag-actu","9":"tag-actualites","10":"tag-agenda","11":"tag-eu","12":"tag-europe","13":"tag-fr","14":"tag-france","15":"tag-hauts-de-france","16":"tag-lille","17":"tag-mairie","18":"tag-news","19":"tag-republique-francaise"},"share_on_mastodon":{"url":"https:\/\/pubeurope.com\/@fr\/115013116467208888","error":""},"_links":{"self":[{"href":"https:\/\/www.europesays.com\/fr\/wp-json\/wp\/v2\/posts\/312824","targetHints":{"allow":["GET"]}}],"collection":[{"href":"https:\/\/www.europesays.com\/fr\/wp-json\/wp\/v2\/posts"}],"about":[{"href":"https:\/\/www.europesays.com\/fr\/wp-json\/wp\/v2\/types\/post"}],"author":[{"embeddable":true,"href":"https:\/\/www.europesays.com\/fr\/wp-json\/wp\/v2\/users\/2"}],"replies":[{"embeddable":true,"href":"https:\/\/www.europesays.com\/fr\/wp-json\/wp\/v2\/comments?post=312824"}],"version-history":[{"count":0,"href":"https:\/\/www.europesays.com\/fr\/wp-json\/wp\/v2\/posts\/312824\/revisions"}],"wp:featuredmedia":[{"embeddable":true,"href":"https:\/\/www.europesays.com\/fr\/wp-json\/wp\/v2\/media\/312825"}],"wp:attachment":[{"href":"https:\/\/www.europesays.com\/fr\/wp-json\/wp\/v2\/media?parent=312824"}],"wp:term":[{"taxonomy":"category","embeddable":true,"href":"https:\/\/www.europesays.com\/fr\/wp-json\/wp\/v2\/categories?post=312824"},{"taxonomy":"post_tag","embeddable":true,"href":"https:\/\/www.europesays.com\/fr\/wp-json\/wp\/v2\/tags?post=312824"}],"curies":[{"name":"wp","href":"https:\/\/api.w.org\/{rel}","templated":true}]}}