{"id":312828,"date":"2025-08-12T01:08:11","date_gmt":"2025-08-12T01:08:11","guid":{"rendered":"https:\/\/www.europesays.com\/fr\/312828\/"},"modified":"2025-08-12T01:08:11","modified_gmt":"2025-08-12T01:08:11","slug":"a-marseille-et-la-ciotat-le-festival-de-cinema-en-plein-air-fete-ses-30-ans","status":"publish","type":"post","link":"https:\/\/www.europesays.com\/fr\/312828\/","title":{"rendered":"\u00c0 Marseille et La Ciotat, le festival de cin\u00e9ma en plein air f\u00eate ses 30 ans"},"content":{"rendered":"\n<p>Pour sa 30e\u00a0\u00e9dition, l\u2019\u00e9v\u00e9nement r\u00e9v\u00e8le, depuis le 30 juin, ses nouveaux atouts. 25 autres s\u00e9ances sont encore propos\u00e9es jusqu\u2019\u00e0 fin septembre, elles promettent d\u2019\u00eatre \u00ab\u00a0inoubliables\u00a0\u00bb. Au menu\u00a0: des lieux embl\u00e9matiques, une programmation vari\u00e9e pens\u00e9e pour tous les go\u00fbts et des collaborations avec des partenaires engag\u00e9s. Pour la premi\u00e8re fois, neuf sites, dont le parc Bougainville, l\u2019Hippodrome-golf Marseille Bor\u00e9ly ou encore l\u2019\u00e9cole des Beaux-Arts de Marseille, accueillent le festival. La Ciotat, berceau du cin\u00e9ma, rejoint l\u2019aventure avec cinq projections dans diff\u00e9rents espaces de la ville\u00a0: au Palais Lumi\u00e8re et au th\u00e9\u00e2tre de la Mer.<\/p>\n<p>Fervents d\u00e9fenseurs \u00ab\u00a0d\u2019une cin\u00e9philie ouverte et plurielle, \u00e0 l\u2019image de Marseille\u00a0\u00bb, le programme est \u00e9clectique et gratuit. \u00ab\u00a0Sans \u00eatre \u00e9litiste, on reste exigeant dans le choix des projections\u00a0\u00bb, confie Corinne Laurent, attach\u00e9e de presse du festival. Cin\u00e9-concerts, films cultes, films d\u2019animation, documentaires et m\u00eame des \u0153uvres rares d\u2019auteurs et d\u2019autrices sont \u00e0 l\u2019affiche. \u00ab\u00a0Le festival est gratuit depuis sa cr\u00e9ation parce que, pour certains, c\u2019est la seule mani\u00e8re de voir un film dans ces conditions\u00a0: sur grand \u00e9cran comme au cin\u00e9ma\u00a0\u00bb, affirme l\u2019attach\u00e9e de presse. \u00ab\u00a0La culture, \u00e7a reste tr\u00e8s cher\u00a0\u00bb, ajoute-t-elle. Des films comme Interstellar, Ponyo sur la falaise ou encore Le Comte de Monte-Cristo seront mis \u00e0 l\u2019honneur. Avec plus de 12\u00a0000\u00a0spectateurs chaque ann\u00e9e, l\u2019\u00e9v\u00e9nement fait sensation.<\/p>\n<p>Ce festival, en plus d\u2019offrir le moyen d\u2019acc\u00e9der \u00e0 des s\u00e9ances de cin\u00e9ma gratuites, est une aventure collective. \u00ab\u00a0Les gens s\u2019assoient les uns \u00e0 c\u00f4t\u00e9 des autres, parlent entre eux, les enfants jouent ensemble, \u00e7a cr\u00e9e du lien social\u00a0\u00bb, ajoute Corinne Laurent. Un rendez-vous devenu incontournable. F\u00e9d\u00e9rateur, populaire, accessible et gratuit, autant de mots qui d\u00e9finissent ce festival, qu\u2019il ne faut, en aucun cas, louper.<\/p>\n","protected":false},"excerpt":{"rendered":"Pour sa 30e\u00a0\u00e9dition, l\u2019\u00e9v\u00e9nement r\u00e9v\u00e8le, depuis le 30 juin, ses nouveaux atouts. 25 autres s\u00e9ances sont encore propos\u00e9es&hellip;\n","protected":false},"author":2,"featured_media":312829,"comment_status":"","ping_status":"","sticky":false,"template":"","format":"standard","meta":{"footnotes":""},"categories":[2814],"tags":[1111,11,1777,674,1011,27,43970,884,12,882,25],"class_list":{"0":"post-312828","1":"post","2":"type-post","3":"status-publish","4":"format-standard","5":"has-post-thumbnail","7":"category-marseille","8":"tag-actu","9":"tag-actualites","10":"tag-eu","11":"tag-europe","12":"tag-fr","13":"tag-france","14":"tag-ines-painvin","15":"tag-marseille","16":"tag-news","17":"tag-provence-alpes-cote-dazur","18":"tag-republique-francaise"},"share_on_mastodon":{"url":"https:\/\/pubeurope.com\/@fr\/115013124354583278","error":""},"_links":{"self":[{"href":"https:\/\/www.europesays.com\/fr\/wp-json\/wp\/v2\/posts\/312828","targetHints":{"allow":["GET"]}}],"collection":[{"href":"https:\/\/www.europesays.com\/fr\/wp-json\/wp\/v2\/posts"}],"about":[{"href":"https:\/\/www.europesays.com\/fr\/wp-json\/wp\/v2\/types\/post"}],"author":[{"embeddable":true,"href":"https:\/\/www.europesays.com\/fr\/wp-json\/wp\/v2\/users\/2"}],"replies":[{"embeddable":true,"href":"https:\/\/www.europesays.com\/fr\/wp-json\/wp\/v2\/comments?post=312828"}],"version-history":[{"count":0,"href":"https:\/\/www.europesays.com\/fr\/wp-json\/wp\/v2\/posts\/312828\/revisions"}],"wp:featuredmedia":[{"embeddable":true,"href":"https:\/\/www.europesays.com\/fr\/wp-json\/wp\/v2\/media\/312829"}],"wp:attachment":[{"href":"https:\/\/www.europesays.com\/fr\/wp-json\/wp\/v2\/media?parent=312828"}],"wp:term":[{"taxonomy":"category","embeddable":true,"href":"https:\/\/www.europesays.com\/fr\/wp-json\/wp\/v2\/categories?post=312828"},{"taxonomy":"post_tag","embeddable":true,"href":"https:\/\/www.europesays.com\/fr\/wp-json\/wp\/v2\/tags?post=312828"}],"curies":[{"name":"wp","href":"https:\/\/api.w.org\/{rel}","templated":true}]}}