{"id":312832,"date":"2025-08-12T01:10:28","date_gmt":"2025-08-12T01:10:28","guid":{"rendered":"https:\/\/www.europesays.com\/fr\/312832\/"},"modified":"2025-08-12T01:10:28","modified_gmt":"2025-08-12T01:10:28","slug":"vigilance-rouge-canicule-quelles-mesures-a-partir-de-ce-mardi-a-lyon","status":"publish","type":"post","link":"https:\/\/www.europesays.com\/fr\/312832\/","title":{"rendered":"Vigilance rouge canicule : quelles mesures \u00e0 partir de ce mardi \u00e0 Lyon ?"},"content":{"rendered":"<p>Pour faire face \u00e0 la canicule qui frappe le Rh\u00f4ne, la Ville de Lyon va activer plusieurs dispositifs de son plan \u00ab\u00a0Objectif fra\u00eecheur\u00a0\u00bb ce mardi 12 ao\u00fbt.<\/p>\n<p>La vigilance rouge canicule sera d\u00e9clench\u00e9e ce mardi 12 ao\u00fbt, dans le Rh\u00f4ne, avec <b>40 degr\u00e9s attendus \u00e0 Lyon<\/b>.\u00a0<\/p>\n<p>Pour faire face \u00e0 ces fortes chaleurs, la Ville va d\u00e9clencher plusieurs mesures de son plan \u00ab\u00a0Objectif Fra\u00eecheur\u00a0\u00bb.\u00a0<\/p>\n<p>Une nuit \u00e0 la belle \u00e9toile au Parc Blandan<\/p>\n<p>Le <b>parc de la T\u00eate d&rsquo;Or<\/b> restera ouvert jusqu&rsquo;\u00e0 23h30 et celui du <b>Parc de Gerland<\/b> jusqu&rsquo;\u00e0 00h.<\/p>\n<p>Cette ann\u00e9e, une nouvelle exp\u00e9rimentation va \u00eatre men\u00e9e : l&rsquo;ouverture du <b>parc Blandan<\/b> toute la nuit. <\/p>\n<p>Les Lyonnaises et les Lyonnais <b>pourront dormir \u00e0 la belle \u00e9toile avec leurs sacs de couchage<\/b>, dans des espaces pr\u00e9vus \u00e0 cet effet.\u00a0<\/p>\n<p>Les tentes seront en revanche interdites.\u00a0<\/p>\n<p>Des points d&rsquo;eau et des toilettes accessibles aux personnes handicap\u00e9es seront mis \u00e0 disposition.\u00a0<\/p>\n<p>Certains mus\u00e9es rendus gratuits pendant la canicule<\/p>\n<p>Les <b>mus\u00e9es Gadagne et des Beaux-Arts<\/b> seront gratuits pour profiter de la fra\u00eecheur durant la vigilance rouge.\u00a0<\/p>\n<p>Pour trouver un coin d&rsquo;ombre ou un lieu frais, vous pouvez consulter <a class=\"url\" href=\"https:\/\/cartes.lyon.fr\/lieux-et-parcours-frais\/\" target=\"_blank\" rel=\"noopener\">la cartographie interactive qui recense 750 lieux frais<\/a>\u00a0(fontaines, zones ombrag\u00e9es et b\u00e2timents climatis\u00e9s).<\/p>\n<p><img loading=\"lazy\" decoding=\"async\" src=\"https:\/\/www.europesays.com\/fr\/wp-content\/uploads\/2025\/08\/1754961028_765_img\" width=\"350\" height=\"200\" border=\"0\" title=\"Un soleil en p\u00c3\u00a9riode de fortes chaleurs.\"\/><\/p>\n<p>\u25baM\u00e9t\u00e9o<\/p>\n<p style=\"font-size: 22px;\"><b>Canicule : vigilance rouge activ\u00e9e en Auvergne-Rh\u00f4ne-Alpes<\/b><\/p>\n<p>Le Rh\u00f4ne, mais aussi l&rsquo;Is\u00e8re, la Dr\u00f4me et l&rsquo;Ard\u00e8che&#8230;<\/p>\n<p><\/p>\n","protected":false},"excerpt":{"rendered":"Pour faire face \u00e0 la canicule qui frappe le Rh\u00f4ne, la Ville de Lyon va activer plusieurs dispositifs&hellip;\n","protected":false},"author":2,"featured_media":312833,"comment_status":"","ping_status":"","sticky":false,"template":"","format":"standard","meta":{"footnotes":""},"categories":[1889],"tags":[1111,11,2430,6698,13208,1777,674,1011,45247,27,2428,45246,12,24545,25],"class_list":{"0":"post-312832","1":"post","2":"type-post","3":"status-publish","4":"format-standard","5":"has-post-thumbnail","7":"category-lyon","8":"tag-actu","9":"tag-actualites","10":"tag-auvergne-rhone-alpes","11":"tag-canicule","12":"tag-chaleur","13":"tag-eu","14":"tag-europe","15":"tag-fr","16":"tag-fracheur","17":"tag-france","18":"tag-lyon","19":"tag-muses","20":"tag-news","21":"tag-parcs","22":"tag-republique-francaise"},"share_on_mastodon":{"url":"https:\/\/pubeurope.com\/@fr\/115013132192977357","error":""},"_links":{"self":[{"href":"https:\/\/www.europesays.com\/fr\/wp-json\/wp\/v2\/posts\/312832","targetHints":{"allow":["GET"]}}],"collection":[{"href":"https:\/\/www.europesays.com\/fr\/wp-json\/wp\/v2\/posts"}],"about":[{"href":"https:\/\/www.europesays.com\/fr\/wp-json\/wp\/v2\/types\/post"}],"author":[{"embeddable":true,"href":"https:\/\/www.europesays.com\/fr\/wp-json\/wp\/v2\/users\/2"}],"replies":[{"embeddable":true,"href":"https:\/\/www.europesays.com\/fr\/wp-json\/wp\/v2\/comments?post=312832"}],"version-history":[{"count":0,"href":"https:\/\/www.europesays.com\/fr\/wp-json\/wp\/v2\/posts\/312832\/revisions"}],"wp:featuredmedia":[{"embeddable":true,"href":"https:\/\/www.europesays.com\/fr\/wp-json\/wp\/v2\/media\/312833"}],"wp:attachment":[{"href":"https:\/\/www.europesays.com\/fr\/wp-json\/wp\/v2\/media?parent=312832"}],"wp:term":[{"taxonomy":"category","embeddable":true,"href":"https:\/\/www.europesays.com\/fr\/wp-json\/wp\/v2\/categories?post=312832"},{"taxonomy":"post_tag","embeddable":true,"href":"https:\/\/www.europesays.com\/fr\/wp-json\/wp\/v2\/tags?post=312832"}],"curies":[{"name":"wp","href":"https:\/\/api.w.org\/{rel}","templated":true}]}}