{"id":312834,"date":"2025-08-12T01:13:13","date_gmt":"2025-08-12T01:13:13","guid":{"rendered":"https:\/\/www.europesays.com\/fr\/312834\/"},"modified":"2025-08-12T01:13:13","modified_gmt":"2025-08-12T01:13:13","slug":"cela-rassemble-a-un-leurre-pour-eviter-la-censure-estiment-certains-proches-du-premier-ministre","status":"publish","type":"post","link":"https:\/\/www.europesays.com\/fr\/312834\/","title":{"rendered":"\u00ab\u00a0Cela rassemble \u00e0 un leurre\u00a0\u00bb pour \u00e9viter la censure, estiment certains proches du Premier ministre"},"content":{"rendered":"\n<p class=\"c-chapo \">\n  Le Premier ministre fait face \u00e0 de multiples menaces de censure \u00e0 la rentr\u00e9e, sur le budget 2026. M\u00eame au sein de son gouvernement, la suppression de deux jours f\u00e9ri\u00e9s ne fait pas l&rsquo;unanimit\u00e9. Mais certains supposent que cette annonce pourrait finalement lui permettre de diviser ses opposants.\n<\/p>\n<p>            lire plus tard<\/p>\n<p id=\"dialog__title\" class=\"dialog__title\">Pour sauvegarder cet article, connectez-vous ou cr\u00e9ez un compte franceinfo<\/p>\n<p class=\"dialog__description\">Sans paiement. Sans abonnement.<\/p>\n<p>        Fermer la fen\u00eatre d\u2019activation des notifications France Info<\/p>\n<p>            cr\u00e9er votre compte<\/p>\n<p>            se connecter<\/p>\n<p>        Fermer la fen\u00eatre de pr\u00e9sentation<\/p>\n<p>    <img loading=\"lazy\" decoding=\"async\" class=\"signature__image lazyload\" width=\"100\" height=\"100\" data- alt=\"\" src=\"https:\/\/www.europesays.com\/fr\/wp-content\/uploads\/2025\/05\/64a7df4c5fe71_placeholder-36b69ec8.png\"\/><\/p>\n<p>    Publi\u00e9 le 11\/08\/2025 18:46<\/p>\n<p>      Mis \u00e0 jour le 11\/08\/2025 19:32<\/p>\n<p>        Temps de lecture : 2min<\/p>\n<p>    <img decoding=\"async\"  alt=\"Le Premier ministre Fran\u00e7ois Bayrou, le 30 juillet 2025, sur le perron de l'Elys\u00e9e. (THOMAS SAMSON \/ AFP)\" width=\"432\" height=\"243\" src=\"https:\/\/www.europesays.com\/fr\/wp-content\/uploads\/2025\/08\/000-68ax9cm-6897462910774345906115.jpg\" fetchpriority=\"high\"\/><\/p>\n<p>      Le Premier ministre Fran\u00e7ois Bayrou, le 30 juillet 2025, sur le perron de l&rsquo;Elys\u00e9e. (THOMAS SAMSON \/ AFP)<\/p>\n<p>Les partenaires sociaux se montrent tr\u00e8s oppos\u00e9s \u00e0 la <a href=\"https:\/\/www.franceinfo.fr\/economie\/budget\/suppression-de-deux-jours-feries-francois-bayrou-laisse-aux-partenaires-sociaux-jusqu-au-30-septembre-pour-trouver-des-marges-de-man-uvre_7428238.html\" rel=\"nofollow noopener\" target=\"_blank\">suppression de deux jours f\u00e9ri\u00e9s propos\u00e9e par Fran\u00e7ois Bayrou<\/a> dans le budget 2026. Le Premier ministre leur a fait parvenir une lettre dat\u00e9e du vendredi 8 ao\u00fbt avec sa feuille de route sur le sujet. Le gouvernement vise un rendement de 4,2 milliards d&rsquo;euros d\u00e8s 2026 avec cette mesure. \u00ab\u00a0Ce n&rsquo;est pas acceptable et c&rsquo;est m\u00eame dangereux\u00a0\u00bb, estime sur franceinfo lundi le pr\u00e9sident de l&rsquo;U2P, l&rsquo;Union des entreprises de proximit\u00e9. Et m\u00eame au sein du gouvernement, l&rsquo;annonce de cette suppression n&rsquo;est pas forc\u00e9ment bien accueillie.<\/p>\n<p>Il y a les ministres qui font bloc autour de Fran\u00e7ois Bayrou, comme Philippe Baptiste, le ministre charg\u00e9 de l&rsquo;Enseignement sup\u00e9rieur et de la Recherche. \u00ab\u00a0Je suis bien plus que solidaire\u00a0\u00bb, assure-t-il lundi sur franceinfo, saluant \u00ab\u00a0le courage du Premier ministre qui dit la v\u00e9rit\u00e9 aux Fran\u00e7ais\u00a0\u00bb. Philippe Baptiste reste fid\u00e8le \u00e0 la strat\u00e9gie gouvernementale\u00a0: tenir un discours alarmant sur l&rsquo;\u00e9tat des finances publiques. \u00ab\u00a0Nous sommes en situation de surendettement, avec 3\u00a0300 milliards d&rsquo;euros de dette, explique-t-il. Si vous faites une division par le nombre de Fran\u00e7ais, \u00e7a veut dire que chaque Fran\u00e7ais aujourd&rsquo;hui doit l&rsquo;\u00e9quivalent d&rsquo;une DS7, soit 45\u00a0000 euros.\u00a0\u00bb<\/p>\n<p>La semaine derni\u00e8re encore, Fran\u00e7ois Bayrou martelait son \u00e9l\u00e9ment de langage de l&rsquo;\u00e9t\u00e9\u00a0: la dette fran\u00e7aise prend 5\u00a0000 euros par seconde, promet-il. \u00ab\u00a0La suppression de deux jours f\u00e9ri\u00e9s c&rsquo;est 4,2 milliards d&rsquo;euros en plus, sur un an, dans les caisses\u00a0\u00bb, jure un proche du Premier ministre qui vante une mesure efficace.<\/p>\n<p>Jordan Bardella, le pr\u00e9sident du Rassemblement national, mena\u00e7ait le mois dernier\u00a0: \u00ab\u00a0Aucun d\u00e9put\u00e9 RN n&rsquo;acceptera cette mesure, qui rel\u00e8ve de la provocation\u00a0\u00bb. Face \u00e0 cette menace de censure, certains membres du gouvernement analysent plut\u00f4t l&rsquo;annonce de Fran\u00e7ois Bayrou comme un coup de bluff. \u00ab\u00a0Cela rassemble \u00e0 un leurre\u00a0\u00bb, analyse le proche d&rsquo;un ministre de premier plan, \u00ab\u00a0pour l\u00e2cher quelque chose \u00e0 quelqu&rsquo;un au bon moment\u00a0\u00bb. Autrement dit, selon lui, il s&rsquo;agira de faire une concession suffisante pour acheter l&rsquo;indulgence du Rassemblement national et \u00e9viter la censure.<\/p>\n<p>Pour le moment, la totalit\u00e9 des partis d&rsquo;opposition menacent en effet de renverser le gouvernement \u00e0 cause du budget, il faut donc trouver un moyen de les diviser. Un proche du chef du gouvernement le reconna\u00eet du bout des l\u00e8vres\u00a0: \u00ab\u00a0Tout cela peut en effet terminer en monnaie d&rsquo;\u00e9change\u00a0\u00bb.<\/p>\n","protected":false},"excerpt":{"rendered":"Le Premier ministre fait face \u00e0 de multiples menaces de censure \u00e0 la rentr\u00e9e, sur le budget 2026.&hellip;\n","protected":false},"author":2,"featured_media":307423,"comment_status":"","ping_status":"","sticky":false,"template":"","format":"standard","meta":{"footnotes":""},"categories":[1888],"tags":[1111,1928,11,1927,1777,674,1011,27,12,1926,626,1925,25],"class_list":{"0":"post-312834","1":"post","2":"type-post","3":"status-publish","4":"format-standard","5":"has-post-thumbnail","7":"category-paris","8":"tag-actu","9":"tag-actu-paris","10":"tag-actualites","11":"tag-actualites-paris","12":"tag-eu","13":"tag-europe","14":"tag-fr","15":"tag-france","16":"tag-news","17":"tag-news-paris","18":"tag-paris","19":"tag-paris-news","20":"tag-republique-francaise"},"share_on_mastodon":{"url":"https:\/\/pubeurope.com\/@fr\/115013144060491193","error":""},"_links":{"self":[{"href":"https:\/\/www.europesays.com\/fr\/wp-json\/wp\/v2\/posts\/312834","targetHints":{"allow":["GET"]}}],"collection":[{"href":"https:\/\/www.europesays.com\/fr\/wp-json\/wp\/v2\/posts"}],"about":[{"href":"https:\/\/www.europesays.com\/fr\/wp-json\/wp\/v2\/types\/post"}],"author":[{"embeddable":true,"href":"https:\/\/www.europesays.com\/fr\/wp-json\/wp\/v2\/users\/2"}],"replies":[{"embeddable":true,"href":"https:\/\/www.europesays.com\/fr\/wp-json\/wp\/v2\/comments?post=312834"}],"version-history":[{"count":0,"href":"https:\/\/www.europesays.com\/fr\/wp-json\/wp\/v2\/posts\/312834\/revisions"}],"wp:featuredmedia":[{"embeddable":true,"href":"https:\/\/www.europesays.com\/fr\/wp-json\/wp\/v2\/media\/307423"}],"wp:attachment":[{"href":"https:\/\/www.europesays.com\/fr\/wp-json\/wp\/v2\/media?parent=312834"}],"wp:term":[{"taxonomy":"category","embeddable":true,"href":"https:\/\/www.europesays.com\/fr\/wp-json\/wp\/v2\/categories?post=312834"},{"taxonomy":"post_tag","embeddable":true,"href":"https:\/\/www.europesays.com\/fr\/wp-json\/wp\/v2\/tags?post=312834"}],"curies":[{"name":"wp","href":"https:\/\/api.w.org\/{rel}","templated":true}]}}