{"id":312835,"date":"2025-08-12T01:14:21","date_gmt":"2025-08-12T01:14:21","guid":{"rendered":"https:\/\/www.europesays.com\/fr\/312835\/"},"modified":"2025-08-12T01:14:21","modified_gmt":"2025-08-12T01:14:21","slug":"info-rtl-paris-un-trafiquant-interpelle-dans-un-quartier-ou-il-navait-pas-le-droit-de-circuler","status":"publish","type":"post","link":"https:\/\/www.europesays.com\/fr\/312835\/","title":{"rendered":"INFO RTL &#8211; Paris : un trafiquant interpell\u00e9 dans un quartier o\u00f9 il n&rsquo;avait pas le droit de circuler"},"content":{"rendered":"<p class=\"article-p mdl\">Il n&rsquo;a pas respect\u00e9 l&rsquo;interdiction. Un dealer, condamn\u00e9 en juin dernier \u00e0 un an de prison avec sursis, a \u00e9t\u00e9 par la suite banni de plusieurs quartiers du XVe arrondissement de Paris par la Pr\u00e9fecture de police, sur la base d&rsquo;une des nouvelles dispositions de la loi de lutte contre le narcotrafic. Selon les informations de RTL, ce trafiquant de drogue a \u00e9t\u00e9 interpell\u00e9 dans la soir\u00e9e samedi 9 ao\u00fbt, aux alentours de 23h45, dans un des quartiers concern\u00e9s par la mesure.<\/p>\n<p class=\"article-p mdl\">Le jeune homme d&rsquo;une vingtaine d&rsquo;ann\u00e9es a \u00e9t\u00e9 condamn\u00e9, il y a plus d&rsquo;un mois, pour avoir<strong> activement particip\u00e9 \u00e0 un trafic de drogue<\/strong> au pied d&rsquo;un immeuble du XVe arrondissement. Il se trouvait, au moment de son interpellation, sur un boulevard o\u00f9 il n&rsquo;avait pas le droit d&rsquo;\u00eatre, depuis le 4 ao\u00fbt, d&rsquo;apr\u00e8s l&rsquo;arr\u00eat\u00e9 pr\u00e9fectoral.<\/p>\n<p class=\"article-p mdl\">\u00ab\u00a0Tous les policiers du XVe arrondissement avaient <strong>une fiche sur lui et connaissaient son visage<\/strong>. Les policiers qui se baladaient et qui patrouillaient dans le XVe arrondissement ont pu tomber sur lui, l&rsquo;arr\u00eater et rapprocher cette pr\u00e9sence \u00e0 l&rsquo;interdiction de para\u00eetre et le placer en garde \u00e0 vue\u00a0\u00bb, explique Anthony Samama, adjoint \u00e0 la s\u00e9curit\u00e9 \u00e0 la mairie du XVe arrondissement. Il parle d&rsquo;un \u00ab\u00a0<strong>outil efficace, utile, concret pour lutter contre le narcotrafic<\/strong>\u00a0\u00bb au micro de RTL.<\/p>\n<p class=\"article-p mdl\">Le dealer a \u00e9t\u00e9 plac\u00e9 en garde \u00e0 vue, il<strong> risque jusqu&rsquo;\u00e0 six mois de prison<\/strong>. Sa peine d&rsquo;un an avec sursis, dont il a \u00e9cop\u00e9 en juin dernier, pourrait \u00eatre r\u00e9voqu\u00e9e. Dans ce cas, il se retrouverait derri\u00e8re les barreaux. Ces nouvelles interdictions de para\u00eetre sont d\u00e9cid\u00e9es par le pr\u00e9fet, durent au maximum un mois et la zone g\u00e9ographique concern\u00e9e ne doit pas inclure le domicile.\u00a0<\/p>\n<p>    La r\u00e9daction vous recommande<\/p>\n<p class=\"s-newsletter__title\">\n                L\u2019actualit\u00e9 par la r\u00e9daction de RTL dans votre bo\u00eete mail.\n            <\/p>\n<p class=\"s-newsletter__subtitle\">\n                Gr\u00e2ce \u00e0 votre compte RTL abonnez-vous \u00e0 la newsletter RTL info pour suivre toute l&rsquo;actualit\u00e9 au quotidien\n            <\/p>\n<p>\n                                    Lire la suite\n                                <\/p>\n","protected":false},"excerpt":{"rendered":"Il n&rsquo;a pas respect\u00e9 l&rsquo;interdiction. Un dealer, condamn\u00e9 en juin dernier \u00e0 un an de prison avec sursis,&hellip;\n","protected":false},"author":2,"featured_media":142918,"comment_status":"","ping_status":"","sticky":false,"template":"","format":"standard","meta":{"footnotes":""},"categories":[1888],"tags":[1111,1928,11,1927,17489,1052,1777,674,107,1011,27,303,12,1926,626,1925,362,25],"class_list":{"0":"post-312835","1":"post","2":"type-post","3":"status-publish","4":"format-standard","5":"has-post-thumbnail","7":"category-paris","8":"tag-actu","9":"tag-actu-paris","10":"tag-actualites","11":"tag-actualites-paris","12":"tag-dealer","13":"tag-drogue","14":"tag-eu","15":"tag-europe","16":"tag-fil-info","17":"tag-fr","18":"tag-france","19":"tag-justice","20":"tag-news","21":"tag-news-paris","22":"tag-paris","23":"tag-paris-news","24":"tag-replay","25":"tag-republique-francaise"},"share_on_mastodon":{"url":"https:\/\/pubeurope.com\/@fr\/115013147969288846","error":""},"_links":{"self":[{"href":"https:\/\/www.europesays.com\/fr\/wp-json\/wp\/v2\/posts\/312835","targetHints":{"allow":["GET"]}}],"collection":[{"href":"https:\/\/www.europesays.com\/fr\/wp-json\/wp\/v2\/posts"}],"about":[{"href":"https:\/\/www.europesays.com\/fr\/wp-json\/wp\/v2\/types\/post"}],"author":[{"embeddable":true,"href":"https:\/\/www.europesays.com\/fr\/wp-json\/wp\/v2\/users\/2"}],"replies":[{"embeddable":true,"href":"https:\/\/www.europesays.com\/fr\/wp-json\/wp\/v2\/comments?post=312835"}],"version-history":[{"count":0,"href":"https:\/\/www.europesays.com\/fr\/wp-json\/wp\/v2\/posts\/312835\/revisions"}],"wp:featuredmedia":[{"embeddable":true,"href":"https:\/\/www.europesays.com\/fr\/wp-json\/wp\/v2\/media\/142918"}],"wp:attachment":[{"href":"https:\/\/www.europesays.com\/fr\/wp-json\/wp\/v2\/media?parent=312835"}],"wp:term":[{"taxonomy":"category","embeddable":true,"href":"https:\/\/www.europesays.com\/fr\/wp-json\/wp\/v2\/categories?post=312835"},{"taxonomy":"post_tag","embeddable":true,"href":"https:\/\/www.europesays.com\/fr\/wp-json\/wp\/v2\/tags?post=312835"}],"curies":[{"name":"wp","href":"https:\/\/api.w.org\/{rel}","templated":true}]}}