{"id":312843,"date":"2025-08-12T01:19:19","date_gmt":"2025-08-12T01:19:19","guid":{"rendered":"https:\/\/www.europesays.com\/fr\/312843\/"},"modified":"2025-08-12T01:19:19","modified_gmt":"2025-08-12T01:19:19","slug":"usa-trump-prend-le-controle-de-la-police-de-washington-va-deployer-la-garde-nationale-11-08-2025-a-1928","status":"publish","type":"post","link":"https:\/\/www.europesays.com\/fr\/312843\/","title":{"rendered":"USA-Trump prend le contr\u00f4le de la police de Washington, va d\u00e9ployer la Garde nationale &#8211; 11\/08\/2025 \u00e0 19:28"},"content":{"rendered":"<p>\n (Actualis\u00e9 tout du long, avec d\u00e9clarations de Trump, d\u00e9tails,<br \/>\ncontexte)\n<\/p>\n<p>\n par Bo Erickson, Nandita Bose et Idrees Ali\n<\/p>\n<p>\n Le pr\u00e9sident am\u00e9ricain<br \/>\nDonald Trump a annonc\u00e9 lundi avoir plac\u00e9 sous contr\u00f4le f\u00e9d\u00e9ral<br \/>\nla police de Washington DC et ordonn\u00e9 le d\u00e9ploiement de 800<br \/>\nmembres de la Garde nationale dans la capitale des Etats-Unis,<br \/>\npour faire face selon lui \u00e0 une flamb\u00e9e de criminalit\u00e9.\n<\/p>\n<p>\n \u00ab\u00a0Je d\u00e9ploie la Garde nationale pour contribuer au<br \/>\nr\u00e9tablissement de l&rsquo;ordre public et de la s\u00e9curit\u00e9 publique \u00e0<br \/>\nWashington D.C\u00a0\u00bb, a d\u00e9clar\u00e9 Donald Trump aux journalistes \u00e0 la<br \/>\nMaison blanche, entour\u00e9 de responsables de son administration,<br \/>\ndont le secr\u00e9taire \u00e0 la D\u00e9fense Pete Hegseth et la procureure<br \/>\ng\u00e9n\u00e9rale Pam Bondi.\n<\/p>\n<p>\n \u00ab\u00a0Notre capitale est envahie par des gangs violents et des<br \/>\ncriminels sanguinaires\u00a0\u00bb, a-t-il ajout\u00e9.\n<\/p>\n<p>\n La maire d\u00e9mocrate de Washington, Muriel Bowser, a r\u00e9fut\u00e9<br \/>\nles affirmations du locataire de la Maison blanche, assurant que<br \/>\nla capitale f\u00e9d\u00e9rale ne connaissait pas de \u00ab\u00a0flamb\u00e9e de la<br \/>\ncriminalit\u00e9\u00a0\u00bb.\n<\/p>\n<p>\n Le pr\u00e9sident r\u00e9publicain a rejet\u00e9 les critiques selon<br \/>\nlesquelles il serait en train de fabriquer une crise pour<br \/>\njustifier l&rsquo;extension de l&rsquo;autorit\u00e9 pr\u00e9sidentielle dans une<br \/>\nville \u00e0 forte majorit\u00e9 d\u00e9mocrate.\n<\/p>\n<p>\n Des centaines d&rsquo;officiers et d&rsquo;agents de plus d&rsquo;une<br \/>\ndouzaine d&rsquo;agences f\u00e9d\u00e9rales &#8211; notamment du FBI et des agences<br \/>\nde contr\u00f4le de l&rsquo;immigration (ICE), de lutte contre le trafic de<br \/>\ndrogues (DEA) et de contr\u00f4le de l&rsquo;alcool, du tabac, des armes \u00e0<br \/>\nfeu et explosifs (ATF) &#8211; ont \u00e9t\u00e9 d\u00e9ploy\u00e9s dans la ville ces<br \/>\nderniers jours.\n<\/p>\n<p>\n Donald a \u00e9galement menac\u00e9 d&rsquo;envoyer l&rsquo;arm\u00e9e am\u00e9ricaine<br \/>\n\u00ab\u00a0si n\u00e9cessaire\u00a0\u00bb, et Pete Hegseth s&rsquo;est dit pr\u00eat \u00e0 faire appel \u00e0<br \/>\ndes troupes suppl\u00e9mentaires de la Garde nationale. Pam Bondi<br \/>\nsupervisera la prise de contr\u00f4le des forces de police, a pr\u00e9cis\u00e9<br \/>\nDonald Trump.\n<\/p>\n<p>\n Selon la police locale, les crimes violents ont d\u00e9clin\u00e9 de<br \/>\n26% lors des sept premiers mois de l&rsquo;ann\u00e9e par rapport \u00e0 la m\u00eame<br \/>\np\u00e9riode l&rsquo;an dernier, tandis que la criminalit\u00e9 dans son<br \/>\nensemble a baiss\u00e9 d&rsquo;environ 7%.\n<\/p>\n<p>\n La violence arm\u00e9e demeure toutefois un probl\u00e8me. En 2023,<br \/>\nWashington affichait le troisi\u00e8me taux d&rsquo;homicides par arme \u00e0<br \/>\nfeu le plus \u00e9lev\u00e9 parmi les villes am\u00e9ricaines de plus de<br \/>\n500.000 habitants, selon l&rsquo;association de d\u00e9fense du contr\u00f4le<br \/>\ndes armes \u00e0 feu Everytown for Gun Safety.\n<\/p>\n<p>\n Les annonces de Donald Trump constituent les derni\u00e8res en<br \/>\ndate visant une ville dirig\u00e9e par le camp d\u00e9mocrate.\n<\/p>\n<p>\n INTENSIFICATION DES ATTAQUES\n<\/p>\n<p>\n Ces derniers jours, le pr\u00e9sident am\u00e9ricain a intensifi\u00e9 ses<br \/>\nattaques contre la ville, mena\u00e7ant de supprimer son autonomie<br \/>\nlocale contre une prise de contr\u00f4le f\u00e9d\u00e9rale compl\u00e8te.\n<\/p>\n<p>\n Le District de Columbia, cr\u00e9\u00e9 en 1790, est r\u00e9gi par la<br \/>\nloi sur l&rsquo;autonomie locale (Home Rule Act), qui conf\u00e8re au<br \/>\nCongr\u00e8s l&rsquo;autorit\u00e9 supr\u00eame, mais permet aux habitants d&rsquo;\u00e9lire un<br \/>\nmaire et un conseil municipal. Donald Trump a d\u00e9clar\u00e9 la semaine<br \/>\nderni\u00e8re que des avocats \u00e9tudiaient les moyens d&rsquo;abroger cette<br \/>\nloi, une mesure qui n\u00e9cessiterait probablement l&rsquo;accord du<br \/>\nCongr\u00e8s.\n<\/p>\n<p>\n Le d\u00e9ploiement, controvers\u00e9, de la Garde nationale a d\u00e9j\u00e0<br \/>\n\u00e9t\u00e9 utilis\u00e9 plus t\u00f4t cette ann\u00e9e par le pr\u00e9sident am\u00e9ricain \u00e0<br \/>\nLos Angeles, malgr\u00e9 l&rsquo;opposition des autorit\u00e9s locales, pour<br \/>\nr\u00e9pondre aux manifestations contre les raids anti-immigration<br \/>\ndans la ville californienne.\n<\/p>\n<p>\n Un proc\u00e8s f\u00e9d\u00e9ral doit s&rsquo;ouvrir lundi \u00e0 San Francisco pour<br \/>\nd\u00e9terminer si l&rsquo;administration a viol\u00e9 la loi am\u00e9ricaine en<br \/>\nd\u00e9ployant la Garde nationale et des Marines sans l&rsquo;approbation<br \/>\ndu gouverneur, le d\u00e9mocrate Gavin Newsom.\n<\/p>\n<p>\n Si le choix de faire appel \u00e0 la Garde nationale incombe<br \/>\ntraditionnellement au gouverneur de l&rsquo;Etat concern\u00e9, le<br \/>\npr\u00e9sident am\u00e9ricain a autorit\u00e9 sur la Garde nationale \u00e0<br \/>\nWashington.\n<\/p>\n<p>\n La Garde nationale a d\u00e9j\u00e0 \u00e9t\u00e9 d\u00e9ploy\u00e9e par le pass\u00e9 dans la<br \/>\ncapitale f\u00e9d\u00e9rale, notamment en r\u00e9ponse \u00e0 l&rsquo;insurrection du 6<br \/>\njanvier 2021 men\u00e9e par une foule de partisans de Donald Trump<br \/>\nrejetant sa d\u00e9faite \u00e9lectorale survenue deux mois plus t\u00f4t.\n<\/p>\n<p>\n (Reportage Jarrett Renshaw et Nandita Bose \u00e0 Washington, avec<br \/>\nla contribution d&rsquo;Idrees Ali, Susan Heavey, Courtney Rozen, Jana<br \/>\nWinter, Andy Sullivan, Jasper Ward et Sarah N. Lynch, r\u00e9dig\u00e9 par<br \/>\nJoseph Ax et Nandita Bose ; version fran\u00e7aise Jean Terzian,<br \/>\nBlandine H\u00e9nault et Kate Entringer, \u00e9dit\u00e9 par Zhifan Liu)<\/p>\n","protected":false},"excerpt":{"rendered":"(Actualis\u00e9 tout du long, avec d\u00e9clarations de Trump, d\u00e9tails, contexte) par Bo Erickson, Nandita Bose et Idrees Ali&hellip;\n","protected":false},"author":2,"featured_media":2486,"comment_status":"","ping_status":"","sticky":false,"template":"","format":"standard","meta":{"footnotes":""},"categories":[1589],"tags":[400,11,398,408,405,73,1866,403,402,399,404,12,401,406,1864,1865,1863,308,407],"class_list":{"0":"post-312843","1":"post","2":"type-post","3":"status-publish","4":"format-standard","5":"has-post-thumbnail","7":"category-etats-unis","8":"tag-action-cac-40","9":"tag-actualites","10":"tag-bourse-de-paris","11":"tag-boursorama","12":"tag-cotations","13":"tag-etats-unis","14":"tag-etats-unis-damerique","15":"tag-indices-devises","16":"tag-investir","17":"tag-investissement","18":"tag-marche-boursier","19":"tag-news","20":"tag-sicav","21":"tag-trackers","22":"tag-united-states","23":"tag-united-states-of-america","24":"tag-us","25":"tag-usa","26":"tag-warrants"},"share_on_mastodon":{"url":"https:\/\/pubeurope.com\/@fr\/115013167974666901","error":""},"_links":{"self":[{"href":"https:\/\/www.europesays.com\/fr\/wp-json\/wp\/v2\/posts\/312843","targetHints":{"allow":["GET"]}}],"collection":[{"href":"https:\/\/www.europesays.com\/fr\/wp-json\/wp\/v2\/posts"}],"about":[{"href":"https:\/\/www.europesays.com\/fr\/wp-json\/wp\/v2\/types\/post"}],"author":[{"embeddable":true,"href":"https:\/\/www.europesays.com\/fr\/wp-json\/wp\/v2\/users\/2"}],"replies":[{"embeddable":true,"href":"https:\/\/www.europesays.com\/fr\/wp-json\/wp\/v2\/comments?post=312843"}],"version-history":[{"count":0,"href":"https:\/\/www.europesays.com\/fr\/wp-json\/wp\/v2\/posts\/312843\/revisions"}],"wp:featuredmedia":[{"embeddable":true,"href":"https:\/\/www.europesays.com\/fr\/wp-json\/wp\/v2\/media\/2486"}],"wp:attachment":[{"href":"https:\/\/www.europesays.com\/fr\/wp-json\/wp\/v2\/media?parent=312843"}],"wp:term":[{"taxonomy":"category","embeddable":true,"href":"https:\/\/www.europesays.com\/fr\/wp-json\/wp\/v2\/categories?post=312843"},{"taxonomy":"post_tag","embeddable":true,"href":"https:\/\/www.europesays.com\/fr\/wp-json\/wp\/v2\/tags?post=312843"}],"curies":[{"name":"wp","href":"https:\/\/api.w.org\/{rel}","templated":true}]}}