{"id":312846,"date":"2025-08-12T01:21:13","date_gmt":"2025-08-12T01:21:13","guid":{"rendered":"https:\/\/www.europesays.com\/fr\/312846\/"},"modified":"2025-08-12T01:21:13","modified_gmt":"2025-08-12T01:21:13","slug":"un-ancien-champion-dallemagne-vise-par-lom","status":"publish","type":"post","link":"https:\/\/www.europesays.com\/fr\/312846\/","title":{"rendered":"Un ancien champion d&rsquo;Allemagne vis\u00e9 par l&rsquo;OM"},"content":{"rendered":"<p><strong>L\u2019<a href=\"https:\/\/www.les-transferts.com\/club\/marseille\/actualite\/\" rel=\"nofollow noopener\" target=\"_blank\">OM<\/a> s\u2019int\u00e9resse \u00e0 un d\u00e9fenseur du <a href=\"https:\/\/www.les-transferts.com\/club\/bayer-leverkusen\/actualite\/\" rel=\"nofollow noopener\" target=\"_blank\">Bayer Leverkusen<\/a> pour renforcer sa ligne d\u00e9fensive.<\/strong><\/p>\n<p>Le mercato bouillant de l\u2019OM n\u2019est pas \u00e0 son terme. Les Phoc\u00e9ens envisagent de recruter un lat\u00e9ral gauche, un poste devenu prioritaire depuis <strong><a href=\"https:\/\/www.les-transferts.com\/joueur\/quentin-merlin\/actualite\/\" rel=\"nofollow noopener\" target=\"_blank\">le d\u00e9part de Quentin Merlin<\/a><\/strong>. Dans ses recherches, le vice-champion de France a d\u00e9couvert <strong>une cible en Allemagne<\/strong> pour parfaire son secteur d\u00e9fensif.<\/p>\n<p>Selon les sources proches du club, l\u2019OM est sur les traces du <strong>lat\u00e9ral gauche espagnol <\/strong>du Bayer Leverkusen, Alejandro Grimaldo. Vainqueur de l\u2019Euro 2024 avec l\u2019Espagne et champion d\u2019Allemagne avec le Bayer Leverkusen sous Xabi Alonso, Alejandro Grimaldo (29 ans) est actuellement <strong>en t\u00eate de la liste des cibles <\/strong>de l\u2019OM.<\/p>\n<p>D\u00e9fenseur moderne, vif et technique, le profil de Grimaldo, form\u00e9 \u00e0 la Masia correspond tr\u00e8s bien aux besoins de l\u2019OM. Valid\u00e9 par <strong><a href=\"https:\/\/www.les-transferts.com\/joueur\/roberto-de-zerbi\/actualite\/\" rel=\"nofollow noopener\" target=\"_blank\">Roberto De Zerbi<\/a><\/strong>, le transfert d\u2019Alejandro Grimaldo devrait co\u00fbter entre <strong>15 et 18 millions d\u2019euros<\/strong> aux Phoc\u00e9ens. Un gros coup \u00e0 faire !<\/p>\n<p>Ancien footballeur amateur. Actuellement Journaliste TV &amp; Web. Passionn\u00e9 de foot, de voyages et de lecture je suis un inconditionnel de Manchester United.<\/p>\n","protected":false},"excerpt":{"rendered":"L\u2019OM s\u2019int\u00e9resse \u00e0 un d\u00e9fenseur du Bayer Leverkusen pour renforcer sa ligne d\u00e9fensive. Le mercato bouillant de l\u2019OM&hellip;\n","protected":false},"author":2,"featured_media":312847,"comment_status":"","ping_status":"","sticky":false,"template":"","format":"standard","meta":{"footnotes":""},"categories":[1587],"tags":[11,672,1804,1805,1803,1777,674,1801,12,1802],"class_list":{"0":"post-312846","1":"post","2":"type-post","3":"status-publish","4":"format-standard","5":"has-post-thumbnail","7":"category-allemagne","8":"tag-actualites","9":"tag-allemagne","10":"tag-bundesrepublik-deutschland","11":"tag-de","12":"tag-deutschland","13":"tag-eu","14":"tag-europe","15":"tag-germany","16":"tag-news","17":"tag-republique-federale-dallemagne"},"share_on_mastodon":{"url":"https:\/\/pubeurope.com\/@fr\/115013175464173566","error":""},"_links":{"self":[{"href":"https:\/\/www.europesays.com\/fr\/wp-json\/wp\/v2\/posts\/312846","targetHints":{"allow":["GET"]}}],"collection":[{"href":"https:\/\/www.europesays.com\/fr\/wp-json\/wp\/v2\/posts"}],"about":[{"href":"https:\/\/www.europesays.com\/fr\/wp-json\/wp\/v2\/types\/post"}],"author":[{"embeddable":true,"href":"https:\/\/www.europesays.com\/fr\/wp-json\/wp\/v2\/users\/2"}],"replies":[{"embeddable":true,"href":"https:\/\/www.europesays.com\/fr\/wp-json\/wp\/v2\/comments?post=312846"}],"version-history":[{"count":0,"href":"https:\/\/www.europesays.com\/fr\/wp-json\/wp\/v2\/posts\/312846\/revisions"}],"wp:featuredmedia":[{"embeddable":true,"href":"https:\/\/www.europesays.com\/fr\/wp-json\/wp\/v2\/media\/312847"}],"wp:attachment":[{"href":"https:\/\/www.europesays.com\/fr\/wp-json\/wp\/v2\/media?parent=312846"}],"wp:term":[{"taxonomy":"category","embeddable":true,"href":"https:\/\/www.europesays.com\/fr\/wp-json\/wp\/v2\/categories?post=312846"},{"taxonomy":"post_tag","embeddable":true,"href":"https:\/\/www.europesays.com\/fr\/wp-json\/wp\/v2\/tags?post=312846"}],"curies":[{"name":"wp","href":"https:\/\/api.w.org\/{rel}","templated":true}]}}