{"id":312848,"date":"2025-08-12T01:22:11","date_gmt":"2025-08-12T01:22:11","guid":{"rendered":"https:\/\/www.europesays.com\/fr\/312848\/"},"modified":"2025-08-12T01:22:11","modified_gmt":"2025-08-12T01:22:11","slug":"une-vague-de-chaleur-importante-fait-des-ravages-a-travers-leurope-2","status":"publish","type":"post","link":"https:\/\/www.europesays.com\/fr\/312848\/","title":{"rendered":"Une vague de chaleur importante fait des ravages \u00e0 travers l&rsquo;Europe"},"content":{"rendered":"<p>La vague de chaleur qui frappe certaines r\u00e9gions d&rsquo;Europe a fait grimper les temp\u00e9ratures \u00e0 plus de 40 \u00b0C dans le sud de la France et l&rsquo;ouest des Balkans lundi, attisant les incendies de for\u00eat, d\u00e9clenchant des alertes m\u00e9t\u00e9orologiques importantes et for\u00e7ant des \u00e9vacuations dans plusieurs pays.<\/p>\n<p>Des incendies ont ravag\u00e9 la r\u00e9gion viticole de l&rsquo;Aude, en France, les fronti\u00e8res sud de la Bulgarie, non loin de la capitale du Mont\u00e9n\u00e9gro, et le nord-ouest de la Turquie. La Hongrie a enregistr\u00e9 des temp\u00e9ratures record cette fin de semaine. L&rsquo;ann\u00e9e 2025 devrait \u00eatre la deuxi\u00e8me ou la troisi\u00e8me plus chaude jamais enregistr\u00e9es, selon le Carbon Brief, une organisation britannique. La chaleur extr\u00eame en Europe s&rsquo;inscrit dans cette tendance mondiale, mais le continent se r\u00e9chauffe beaucoup plus vite que le reste du globe.<\/p>\n<p>Les temp\u00e9ratures y ont augment\u00e9 d&rsquo;environ 2,3 \u00b0C par rapport aux niveaux pr\u00e9industriels, soit pr\u00e8s de deux fois la moyenne mondiale, intensifiant les vagues de chaleur et provoquant des saisons d&rsquo;incendies record.<\/p>\n<p>Avec des incendies majeurs en Espagne et au Portugal et des flammes meurtri\u00e8res en Gr\u00e8ce depuis fin juin, la superficie br\u00fbl\u00e9e a d\u00e9j\u00e0 d\u00e9pass\u00e9 la norme saisonni\u00e8re.<\/p>\n<p><b>Alerte maximale en France<\/b><\/p>\n<p>Lundi, M\u00e9t\u00e9o-France a plac\u00e9 12 d\u00e9partements en alerte rouge, le niveau d&rsquo;alerte le plus \u00e9lev\u00e9 du pays, pr\u00e9voyant une chaleur exceptionnelle s&rsquo;\u00e9tendant de la c\u00f4te atlantique aux plaines m\u00e9diterran\u00e9ennes. Quarante et un autres d\u00e9partements \u00e9taient en alerte orange, de niveau inf\u00e9rieur. C&rsquo;\u00e9tait \u00e9galement le cas du micro-\u00c9tat voisin d&rsquo;Andorre, situ\u00e9 entre la France et l&rsquo;Espagne.<\/p>\n<p>Un climatologue agricole, Serge Zaka, a d\u00e9clar\u00e9 \u00e0 la cha\u00eene BFMTV qu&rsquo;il s&rsquo;agit d&rsquo;un \u00abcauchemar\u00bb depuis Montauban, dans le Tarn-et-Garonne, o\u00f9 la chaleur torride p\u00e8se sans rel\u00e2che.<\/p>\n<p>Des images diffus\u00e9es sur les r\u00e9seaux sociaux montraient des rues ferm\u00e9es \u00e0 Valence, des fen\u00eatres bloqu\u00e9es avec du papier aluminium pour refl\u00e9ter la lumi\u00e8re et des touristes cach\u00e9s sous des ombrelles le long de la Garonne, \u00e0 Toulouse. Dans le sud du pays, les terrasses des caf\u00e9s \u00e9taient d\u00e9sertes, les habitants cherchant \u00e0 se rafra\u00eechir \u00e0 l&rsquo;int\u00e9rieur.<\/p>\n<p>Dans le d\u00e9partement de l&rsquo;Aude, o\u00f9 se rencontrent vignobles et garrigues m\u00e9diterran\u00e9ennes, des centaines de pompiers surveillaient les abords d&rsquo;un incendie massif et meurtrier qui a ravag\u00e9 16 000 hectares la semaine derni\u00e8re. Les autorit\u00e9s affirment que les flammes ont \u00e9t\u00e9 ma\u00eetris\u00e9es, mais pr\u00e9viennent qu&rsquo;il ne sera pas compl\u00e8tement \u00e9teint avant plusieurs semaines.<\/p>\n<p>L&rsquo;alerte rouge en France n&rsquo;a \u00e9t\u00e9 d\u00e9clench\u00e9e que huit fois depuis sa cr\u00e9ation en 2004, apr\u00e8s un \u00e9t\u00e9 meurtrier. Elle est r\u00e9serv\u00e9e aux chaleurs extr\u00eames et prolong\u00e9es pr\u00e9sentant des risques importants pour la sant\u00e9 et susceptibles de perturber la vie quotidienne. Cette d\u00e9signation donne aux autorit\u00e9s locales le pouvoir d&rsquo;annuler des \u00e9v\u00e9nements en plein air, de fermer des lieux publics et de modifier les horaires des \u00e9coles ou des camps de jour.<\/p>\n<p>La vague de chaleur, la deuxi\u00e8me en France cet \u00e9t\u00e9, a commenc\u00e9 vendredi et devrait durer jusqu&rsquo;au 15 ao\u00fbt, f\u00e9ri\u00e9 pour la f\u00eate de l&rsquo;Assomption. La chaleur progresse d\u00e9j\u00e0 vers le nord, avec 38 \u00b0C pr\u00e9vus en Centre-Val de Loire et jusqu&rsquo;\u00e0 34 \u00b0C \u00e0 Paris.<\/p>\n<p>De l&rsquo;autre c\u00f4t\u00e9 de la Manche, le Met Office britannique pr\u00e9voit que la quatri\u00e8me vague de chaleur estivale du pays atteindra un pic d&rsquo;environ 33 \u00b0C \u00e0 Londres mardi. L&rsquo;Agence britannique de s\u00e9curit\u00e9 sanitaire a \u00e9mis une alerte jaune pour les personnes \u00e2g\u00e9es et celles souffrant de probl\u00e8mes de sant\u00e9.<\/p>\n<p><b>Brasiers aux Balkans<\/b><\/p>\n<p>Le Mont\u00e9n\u00e9gro a signal\u00e9 des incendies de for\u00eat pr\u00e8s de la capitale Podgorica et le long de la c\u00f4te Adriatique. Des familles ont \u00e9t\u00e9 \u00e9vacu\u00e9es d&rsquo;une zone au nord de la capitale, tandis que des unit\u00e9s de l&rsquo;arm\u00e9e s&rsquo;effor\u00e7aient de prot\u00e9ger les ruines de la cit\u00e9 antique de Duklja.<\/p>\n<p>Le haut responsable des urgences du pays, Nikola Bojanovic, a qualifi\u00e9 la situation de catastrophique alors que les vents violents attisaient les flammes. Les autorit\u00e9s ont encourag\u00e9 les habitants \u00e0 \u00e9conomiser l&rsquo;eau potable pour \u00e9viter les restrictions.<\/p>\n<p>Des incendies ont \u00e9galement fait rage au-dessus de Canj, une station baln\u00e9aire populaire.<\/p>\n<p>\u00c0 Mostar, dans le sud de la Bosnie, les temp\u00e9ratures ont atteint 43 \u00b0C, tandis qu&rsquo;\u00e0 Dubrovnik, en Croatie, les temp\u00e9ratures ont atteint 34 \u00b0C au matin.<\/p>\n<p>\u00abIl fait trop chaud, ce n&rsquo;est pas normal, a d\u00e9clar\u00e9 Fatima Safro, une habitante de Mostar. Il fait tr\u00e8s chaud m\u00eame la nuit.\u00bb<\/p>\n<p>En Serbie, les agriculteurs install\u00e9s sur la cha\u00eene de montagnes Suva Planina ont renouvel\u00e9 leurs appels \u00e0 l&rsquo;approvisionnement en eau d&rsquo;urgence pour le b\u00e9tail apr\u00e8s l&rsquo;ass\u00e8chement des ruisseaux et des \u00e9tangs.<\/p>\n<p><b>Alertes maximales en Bulgarie<\/b><\/p>\n<p>En Bulgarie, les temp\u00e9ratures devaient d\u00e9passer 40 \u00b0C lundi, au plus fort de la journ\u00e9e, et des alertes maximales d&rsquo;incendie ont \u00e9t\u00e9 d\u00e9clench\u00e9es.<\/p>\n<p>Pr\u00e8s de 200 feux ont \u00e9t\u00e9 signal\u00e9s; la plupart ont \u00e9t\u00e9 ma\u00eetris\u00e9s, localis\u00e9s et \u00e9teints, mais la situation reste \u00abtr\u00e8s difficile\u00bb, a indiqu\u00e9 Alexander Dzhartov, chef de l&rsquo;unit\u00e9 nationale de s\u00e9curit\u00e9 incendie. Trois incendies majeurs demeurent le long des fronti\u00e8res avec la Gr\u00e8ce et la Turquie, dont un pr\u00e8s de Strumyani, qui s&rsquo;est rallum\u00e9 apr\u00e8s trois semaines.<\/p>\n<p>Plus de 100 pompiers et secouristes luttent contre les flammes, sur un terrain accident\u00e9 inaccessible aux v\u00e9hicules, avec l&rsquo;appui d&rsquo;h\u00e9licopt\u00e8res de l&rsquo;arm\u00e9e et de deux avions su\u00e9dois.<\/p>\n<p><b>\u00c9vacuations en Turquie<\/b><\/p>\n<p>En Turquie, un incendie de for\u00eat a contraint les autorit\u00e9s \u00e0 \u00e9vacuer des maisons de vacances et un campus universitaire, ainsi qu&rsquo;\u00e0 suspendre le trafic maritime dans le nord-ouest du pays.<\/p>\n<p>L&rsquo;incendie s&rsquo;est d\u00e9clar\u00e9 sur des terres agricoles dans la province de \u00c7anakkale et s&rsquo;est propag\u00e9 aux for\u00eats environnantes. Le tout deux jours seulement apr\u00e8s que les \u00e9quipes de pompiers ont ma\u00eetris\u00e9 un incendie similaire dans la r\u00e9gion. Le gouverneur de \u00c7anakkale, Omer Toraman, a d\u00e9clar\u00e9 que le d\u00e9troit des Dardanelles \u2013 reliant la mer \u00c9g\u00e9e \u00e0 la mer de Marmara \u2013 \u00e9tait ferm\u00e9 afin de permettre aux avions et aux h\u00e9licopt\u00e8res largueurs d&rsquo;eau d&rsquo;op\u00e9rer en toute s\u00e9curit\u00e9.<\/p>\n<p><b>Records en Hongrie<\/b><\/p>\n<p>Dimanche, le sud-est de la Hongrie a enregistr\u00e9 une nouvelle temp\u00e9rature maximale de 39,9 \u00b0, battant ainsi un record \u00e9tabli en 1948. Budapest a \u00e9galement enregistr\u00e9 un record urbain de 38,7 \u00b0C.<\/p>\n<p>Les autorit\u00e9s ont impos\u00e9 une interdiction de faire du feu dans tout le pays en raison de la chaleur extr\u00eame et de la s\u00e9cheresse.<\/p>\n<p>__<\/p>\n<p>Jovana Gec \u00e0 Belgrade, Lydia Doye \u00e0 Londres, Justin Spike \u00e0 Budapest, Veselin Toshkov \u00e0 Sofia et Suzan Fraser \u00e0 Ankara ont contribu\u00e9 \u00e0 cette d\u00e9p\u00eache.<\/p>\n<p>Thomas Adamson, The Associated Press<\/p>\n","protected":false},"excerpt":{"rendered":"La vague de chaleur qui frappe certaines r\u00e9gions d&rsquo;Europe a fait grimper les temp\u00e9ratures \u00e0 plus de 40&hellip;\n","protected":false},"author":2,"featured_media":312849,"comment_status":"","ping_status":"","sticky":false,"template":"","format":"standard","meta":{"footnotes":""},"categories":[1586],"tags":[11,13208,45248,1777,674,4685,1011,27,30312,12,25,15637],"class_list":{"0":"post-312848","1":"post","2":"type-post","3":"status-publish","4":"format-standard","5":"has-post-thumbnail","7":"category-europe","8":"tag-actualites","9":"tag-chaleur","10":"tag-departement-de-laude","11":"tag-eu","12":"tag-europe","13":"tag-fin-de-semaine","14":"tag-fr","15":"tag-france","16":"tag-incendies-de-foret","17":"tag-news","18":"tag-republique-francaise","19":"tag-vague-de-chaleur"},"share_on_mastodon":{"url":"https:\/\/pubeurope.com\/@fr\/115013179878349610","error":""},"_links":{"self":[{"href":"https:\/\/www.europesays.com\/fr\/wp-json\/wp\/v2\/posts\/312848","targetHints":{"allow":["GET"]}}],"collection":[{"href":"https:\/\/www.europesays.com\/fr\/wp-json\/wp\/v2\/posts"}],"about":[{"href":"https:\/\/www.europesays.com\/fr\/wp-json\/wp\/v2\/types\/post"}],"author":[{"embeddable":true,"href":"https:\/\/www.europesays.com\/fr\/wp-json\/wp\/v2\/users\/2"}],"replies":[{"embeddable":true,"href":"https:\/\/www.europesays.com\/fr\/wp-json\/wp\/v2\/comments?post=312848"}],"version-history":[{"count":0,"href":"https:\/\/www.europesays.com\/fr\/wp-json\/wp\/v2\/posts\/312848\/revisions"}],"wp:featuredmedia":[{"embeddable":true,"href":"https:\/\/www.europesays.com\/fr\/wp-json\/wp\/v2\/media\/312849"}],"wp:attachment":[{"href":"https:\/\/www.europesays.com\/fr\/wp-json\/wp\/v2\/media?parent=312848"}],"wp:term":[{"taxonomy":"category","embeddable":true,"href":"https:\/\/www.europesays.com\/fr\/wp-json\/wp\/v2\/categories?post=312848"},{"taxonomy":"post_tag","embeddable":true,"href":"https:\/\/www.europesays.com\/fr\/wp-json\/wp\/v2\/tags?post=312848"}],"curies":[{"name":"wp","href":"https:\/\/api.w.org\/{rel}","templated":true}]}}