{"id":312850,"date":"2025-08-12T01:23:11","date_gmt":"2025-08-12T01:23:11","guid":{"rendered":"https:\/\/www.europesays.com\/fr\/312850\/"},"modified":"2025-08-12T01:23:11","modified_gmt":"2025-08-12T01:23:11","slug":"lonu-et-lunion-europeenne-condamnent-la-mort-de-journalistes-palestiniens-israel-se-defend","status":"publish","type":"post","link":"https:\/\/www.europesays.com\/fr\/312850\/","title":{"rendered":"L\u2019ONU et l\u2019Union europ\u00e9enne condamnent la mort de journalistes palestiniens, Isra\u00ebl se d\u00e9fend"},"content":{"rendered":"<p>Une frappe isra\u00e9lienne sur <a href=\"https:\/\/www.20minutes.fr\/monde\/gaza\/\" target=\"_blank\" class=\"color-ultramarine c-link\" rel=\"noopener\">Gaza<\/a> a tu\u00e9, dans la nuit de dimanche \u00e0 lundi, six <a href=\"https:\/\/www.20minutes.fr\/dossier\/journaliste\" target=\"_blank\" class=\"color-ultramarine c-link\" rel=\"noopener\">journalistes<\/a> palestiniens, dont cinq employ\u00e9s d\u2019<a href=\"https:\/\/www.20minutes.fr\/dossier\/al_jazeera\" target=\"_blank\" class=\"color-ultramarine c-link\" rel=\"noopener\">Al Jazeera<\/a>. L\u2019attaque, qui a vis\u00e9 une tente install\u00e9e devant l\u2019h\u00f4pital al-Chifa, a provoqu\u00e9 de vives r\u00e9actions internationales et relanc\u00e9 les appels \u00e0 prot\u00e9ger les reporters en zone de guerre.<\/p>\n<p>Parmi les <a href=\"https:\/\/www.20minutes.fr\/dossier\/victime\" target=\"_blank\" class=\"color-ultramarine c-link\" rel=\"noopener\">victimes<\/a> figurent les correspondants Anas al-Sharif et Mohammed Qreiqeh, les cameramen Ibrahim Zaher et Mohammed Noufal, l\u2019assistant Moamen Aliwa, ainsi qu\u2019un journaliste pigiste, Mohammed Al-Khaldi, mort de ses blessures peu apr\u00e8s son transfert \u00e0 l\u2019h\u00f4pital. Sur place, il ne restait que des matelas br\u00fbl\u00e9s, un mur cribl\u00e9 d\u2019\u00e9clats et l\u2019armature m\u00e9tallique de la tente, tordue par l\u2019explosion.<\/p>\n<p>L\u2019ONU et l\u2019UE d\u00e9noncent des \u00ab\u00a0meurtres\u00a0\u00bb<\/p>\n<p>Le <a href=\"https:\/\/www.20minutes.fr\/monde\/onu\/\" target=\"_blank\" class=\"color-ultramarine c-link\" rel=\"noopener\">Haut-Commissariat des Nations unies aux droits de l\u2019Homme<\/a> a d\u00e9nonc\u00e9 \u00ab\u00a0le meurtre par l\u2019arm\u00e9e isra\u00e9lienne de six journalistes palestiniens\u00a0\u00bb, estimant qu\u2019il s\u2019agissait d\u2019\u00ab\u00a0une grave violation du droit humanitaire international\u00a0\u00bb. L\u2019<a href=\"https:\/\/www.20minutes.fr\/dossier\/ue\" target=\"_blank\" class=\"color-ultramarine c-link\" rel=\"noopener\">Union europ\u00e9enne<\/a> a condamn\u00e9 \u00ab\u00a0le meurtre\u00a0\u00bb de journalistes d\u2019Al Jazeera et demand\u00e9 \u00e0 Isra\u00ebl, \u00ab\u00a0dans ce genre de cas\u00a0\u00bb, de \u00ab\u00a0fournir des preuves claires [\u2026] afin d\u2019\u00e9viter que des journalistes ne soient pris pour cible\u00a0\u00bb. <a href=\"https:\/\/www.20minutes.fr\/dossier\/rsf\" target=\"_blank\" class=\"color-ultramarine c-link\" rel=\"noopener\">Reporters sans fronti\u00e8res<\/a> a parl\u00e9 d\u2019\u00ab\u00a0<a href=\"https:\/\/www.20minutes.fr\/dossier\/assassinat\" target=\"_blank\" class=\"color-ultramarine c-link\" rel=\"noopener\">assassinat<\/a> revendiqu\u00e9\u00a0\u00bb, tandis que le chef de l\u2019Unrwa, Philippe Lazzarini, s\u2019est dit \u00ab\u00a0horrifi\u00e9\u00a0\u00bb et a accus\u00e9 <a href=\"https:\/\/www.20minutes.fr\/monde\/israel\/\" target=\"_blank\" class=\"color-ultramarine c-link\" rel=\"noopener\">Isra\u00ebl<\/a> de \u00ab\u00a0r\u00e9duire au silence les voix qui rapportent les atrocit\u00e9s commises \u00e0 Gaza\u00a0\u00bb.<\/p>\n<\/p>\n<p>L\u2019<a href=\"https:\/\/www.20minutes.fr\/dossier\/armee_israelienne\" target=\"_blank\" class=\"color-ultramarine c-link\" rel=\"noopener\">arm\u00e9e isra\u00e9lienne<\/a> assume avoir vis\u00e9 Anas al-Sharif, qu\u2019elle pr\u00e9sente comme \u00ab\u00a0un <a href=\"https:\/\/www.20minutes.fr\/dossier\/terroriste\" target=\"_blank\" class=\"color-ultramarine c-link\" rel=\"noopener\">terroriste<\/a> du <a href=\"https:\/\/www.20minutes.fr\/monde\/hamas\/\" target=\"_blank\" class=\"color-ultramarine c-link\" rel=\"noopener\">Hamas<\/a> se faisant passer pour un journaliste\u00a0\u00bb et impliqu\u00e9 dans la pr\u00e9paration de tirs de roquettes contre des civils et des soldats. Elle a diffus\u00e9 des photos et documents cens\u00e9s appuyer ses accusations, montrant notamment le reporter avec des dirigeants du Hamas et un tableau r\u00e9pertoriant un salaire vers\u00e9 par le mouvement islamiste en\u00a02013 et\u00a02017.<\/p>\n<p>Hommage au si\u00e8ge d\u2019Al Jazeera<\/p>\n<p>Lors d\u2019un hommage au si\u00e8ge d\u2019Al Jazeera \u00e0 <a href=\"https:\/\/www.20minutes.fr\/dossier\/doha\" target=\"_blank\" class=\"color-ultramarine c-link\" rel=\"noopener\">Doha<\/a>, Wael al-Dahdouh, chef du bureau de Gaza ayant perdu sa famille dans des frappes isra\u00e9liennes, a confi\u00e9\u00a0: \u00ab\u00a0Chaque fois que nous perdons une personne bien-aim\u00e9e et un coll\u00e8gue, nous perdons une partie de cette famille de journalistes. C\u2019est tr\u00e8s difficile et tr\u00e8s douloureux.\u00a0\u00bb Un message \u00e9crit en avril par Anas al-Sharif et publi\u00e9 lundi sur son compte X r\u00e9sonne comme une \u00e9pitaphe\u00a0: \u00ab\u00a0Ceci est mon testament et mon dernier message. Si ces mots vous parviennent, sachez qu\u2019Isra\u00ebl a r\u00e9ussi \u00e0 me tuer et \u00e0 faire taire ma voix.\u00a0\u00bb<\/p>\n<p><a href=\"https:\/\/www.20minutes.fr\/monde\/gaza\/\" target=\"_blank\" class=\"c-link c-btn c-btn--primary\" rel=\"noopener\">Notre dossier sur Gaza<\/a><\/p>\n<p>Alors que les fun\u00e9railles des six hommes se sont d\u00e9roul\u00e9es lundi \u00e0 Gaza, le chef d\u2019\u00e9tat-major isra\u00e9lien, Eyal Zamir, a affirm\u00e9\u00a0: \u00ab\u00a0Nous sommes \u00e0 l\u2019aube d\u2019une nouvelle phase des combats \u00e0 Gaza\u00a0\u00bb, assurant que l\u2019arm\u00e9e \u00ab\u00a0saura conqu\u00e9rir la ville\u00a0\u00bb et \u00ab\u00a0fera tout pour pr\u00e9server la vie des otages et les ramener\u00a0\u00bb.<\/p>\n","protected":false},"excerpt":{"rendered":"Une frappe isra\u00e9lienne sur Gaza a tu\u00e9, dans la nuit de dimanche \u00e0 lundi, six journalistes palestiniens, dont&hellip;\n","protected":false},"author":2,"featured_media":312851,"comment_status":"","ping_status":"","sticky":false,"template":"","format":"standard","meta":{"footnotes":""},"categories":[1586],"tags":[47,11,45249,1777,674,1779,1011,27,665,3519,664,2957,74,12,25,45250,1778,364],"class_list":{"0":"post-312850","1":"post","2":"type-post","3":"status-publish","4":"format-standard","5":"has-post-thumbnail","7":"category-europe","8":"tag-actualite","9":"tag-actualites","10":"tag-al-jazeera","11":"tag-eu","12":"tag-europe","13":"tag-european-union","14":"tag-fr","15":"tag-france","16":"tag-gaza","17":"tag-hamas","18":"tag-israel","19":"tag-journaliste","20":"tag-monde","21":"tag-news","22":"tag-republique-francaise","23":"tag-terroriste","24":"tag-ue","25":"tag-union-europeenne"},"share_on_mastodon":{"url":"https:\/\/pubeurope.com\/@fr\/115013183533262644","error":""},"_links":{"self":[{"href":"https:\/\/www.europesays.com\/fr\/wp-json\/wp\/v2\/posts\/312850","targetHints":{"allow":["GET"]}}],"collection":[{"href":"https:\/\/www.europesays.com\/fr\/wp-json\/wp\/v2\/posts"}],"about":[{"href":"https:\/\/www.europesays.com\/fr\/wp-json\/wp\/v2\/types\/post"}],"author":[{"embeddable":true,"href":"https:\/\/www.europesays.com\/fr\/wp-json\/wp\/v2\/users\/2"}],"replies":[{"embeddable":true,"href":"https:\/\/www.europesays.com\/fr\/wp-json\/wp\/v2\/comments?post=312850"}],"version-history":[{"count":0,"href":"https:\/\/www.europesays.com\/fr\/wp-json\/wp\/v2\/posts\/312850\/revisions"}],"wp:featuredmedia":[{"embeddable":true,"href":"https:\/\/www.europesays.com\/fr\/wp-json\/wp\/v2\/media\/312851"}],"wp:attachment":[{"href":"https:\/\/www.europesays.com\/fr\/wp-json\/wp\/v2\/media?parent=312850"}],"wp:term":[{"taxonomy":"category","embeddable":true,"href":"https:\/\/www.europesays.com\/fr\/wp-json\/wp\/v2\/categories?post=312850"},{"taxonomy":"post_tag","embeddable":true,"href":"https:\/\/www.europesays.com\/fr\/wp-json\/wp\/v2\/tags?post=312850"}],"curies":[{"name":"wp","href":"https:\/\/api.w.org\/{rel}","templated":true}]}}