{"id":312852,"date":"2025-08-12T01:24:15","date_gmt":"2025-08-12T01:24:15","guid":{"rendered":"https:\/\/www.europesays.com\/fr\/312852\/"},"modified":"2025-08-12T01:24:15","modified_gmt":"2025-08-12T01:24:15","slug":"cristiano-ronaldo-et-georgina-enfin-fiances-lenorme-bague-en-diamant-devoilee","status":"publish","type":"post","link":"https:\/\/www.europesays.com\/fr\/312852\/","title":{"rendered":"Cristiano Ronaldo et Georgina enfin fianc\u00e9s : l\u2019\u00e9norme bague en diamant d\u00e9voil\u00e9e"},"content":{"rendered":"<p>C\u2019est d\u00e9sormais officiel ! Apr\u00e8s huit ans de relation, une famille recompos\u00e9e adorable et une histoire qui a fait r\u00eaver le monde entier, <strong>Cristiano Ronaldo<\/strong>, 40 ans, et <a href=\"https:\/\/www.public.fr\/voici-la-creme-hydratante-que-georgina-rodriguez-utilise-pour-avoir-une-peau-parfaite\" rel=\"nofollow noopener\" target=\"_blank\">Georgina Rodriguez<\/a>, 31 ans, vont enfin se dire \u00ab\u00a0oui\u00a0\u00bb. L\u2019annonce tant attendue est tomb\u00e9e sur Instagram, avec une photo qui a imm\u00e9diatement affol\u00e9 les compteurs : <strong>la bague de fian\u00e7ailles<\/strong>, somptueuse, a \u00e9t\u00e9 d\u00e9voil\u00e9e\u2026 et il n\u2019en fallait pas plus pour que le monde entier s\u2019emballe.<\/p>\n<p>Une histoire d\u2019amour digne d\u2019un conte de f\u00e9es<\/p>\n<p>Tout commence en 2016. Georgina, alors vendeuse dans une boutique de luxe \u00e0 Madrid, croise le chemin de la superstar mondiale du football. Ce n\u2019est pas une c\u00e9l\u00e9brit\u00e9, ni une influenceuse \u2014 pas encore du moins. Juste une jeune femme discr\u00e8te, passionn\u00e9e de danse et d\u2019\u00e9l\u00e9gance. Et c\u2019est peut-\u00eatre ce naturel, cette douceur, qui touche imm\u00e9diatement Cristiano.<\/p>\n<p>Huit ans plus tard, leur couple est devenu une r\u00e9f\u00e9rence. Entre voyages de r\u00eave, tapis rouges, <a href=\"https:\/\/www.public.fr\/diaporamas\/georgina-rodriguez-la-compagne-de-cristiano-ronaldo-annonce-une-grande-nouvelle-concernant-son-documentaire-netflix\" rel=\"nofollow noopener\" target=\"_blank\">moments familiaux partag\u00e9s sur les r\u00e9seaux<\/a> et soutien mutuel inconditionnel, <strong>Georgina et Cristiano ont travers\u00e9 les \u00e9preuves main dans la main<\/strong>. Leur histoire a r\u00e9sist\u00e9 au poids de la c\u00e9l\u00e9brit\u00e9, aux critiques, aux trag\u00e9dies, et a grandi sous les yeux attendris de millions de fans.<\/p>\n<p>Une famille soud\u00e9e, au c\u0153ur de leur bonheur<\/p>\n<p>Le couple est aujourd\u2019hui \u00e0 la t\u00eate d\u2019une grande famille pleine de vie. Ensemble, ils \u00e9l\u00e8vent cinq enfants, dont trois qu\u2019ils ont eu en commun : <strong>Alana Martina<\/strong> (n\u00e9e en 2017) et les jumeaux <strong>Bella Esmeralda et un petit ange malheureusement d\u00e9c\u00e9d\u00e9 \u00e0 la naissance en 2022<\/strong>, une \u00e9preuve qui a profond\u00e9ment marqu\u00e9 leur couple.<\/p>\n<p>Georgina est aussi tr\u00e8s impliqu\u00e9e dans l\u2019\u00e9ducation des enfants de Cristiano n\u00e9s par gestation pour autrui avant leur rencontre. Elle les consid\u00e8re comme les siens, et c\u2019est cette dynamique familiale, tendre et moderne, qui renforce le lien entre les deux amoureux. Leur maison, que ce soit \u00e0 Madrid, Turin, Manchester ou aujourd\u2019hui en Arabie Saoudite, est toujours le th\u00e9\u00e2tre de rires, d\u2019amour et de complicit\u00e9.<\/p>\n<p>Une bague \u00e0 la hauteur de la promesse<\/p>\n<p>Et quelle bague ! <strong>Un diamant impressionnant<\/strong>, mont\u00e9 sur un anneau en or blanc finement travaill\u00e9, tr\u00f4ne d\u00e9sormais \u00e0 l\u2019annulaire de Georgina. La photo post\u00e9e sur Instagram est \u00e0 la fois sobre et puissante : un gros plan sur sa main, avec celle de Cristiano en arri\u00e8re-plan, avec la l\u00e9gende simple, mais lourde de sens : \u00ab\u00a0Oui, je le veux. Dans cette vie et dans toutes les autres. \u00a0\u00bb a \u00e9crit en espagnol la future mari\u00e9e qui, on le rappelle, est d&rsquo;origine argentine. <\/p>\n<p>Selon certains bijoutiers en ligne, <a href=\"https:\/\/www.public.fr\/selena-gomez-voici-la-reference-exacte-du-vernis-a-ongles-quelle-portait-le-jour-de-ses-fiancailles\" rel=\"nofollow noopener\" target=\"_blank\">la valeur de la bague pourrait d\u00e9passer les <strong>500 000 euros<\/strong><\/a>, mais ce n\u2019est pas tant son prix qui impressionne que sa symbolique. Apr\u00e8s toutes ces ann\u00e9es d\u2019amour, d\u2019attente, de moments partag\u00e9s et de rumeurs d\u00e9menties, le couple officialise enfin ce que leurs regards disaient depuis longtemps : ils sont faits l\u2019un pour l\u2019autre.<\/p>\n<p>      Mentionn\u00e9s dans cet article<\/p>\n<p>      Sur le m\u00eame sujet<\/p>\n","protected":false},"excerpt":{"rendered":"C\u2019est d\u00e9sormais officiel ! Apr\u00e8s huit ans de relation, une famille recompos\u00e9e adorable et une histoire qui a&hellip;\n","protected":false},"author":2,"featured_media":312853,"comment_status":"","ping_status":"","sticky":false,"template":"","format":"standard","meta":{"footnotes":""},"categories":[2],"tags":[11,45251,13282,30056,1011,27,45252,1930,12,25],"class_list":{"0":"post-312852","1":"post","2":"type-post","3":"status-publish","4":"format-standard","5":"has-post-thumbnail","7":"category-actualites","8":"tag-actualites","9":"tag-bague","10":"tag-cristiano-ronaldo","11":"tag-fiancailles","12":"tag-fr","13":"tag-france","14":"tag-georgina-rodriguez","15":"tag-mariage","16":"tag-news","17":"tag-republique-francaise"},"share_on_mastodon":{"url":"https:\/\/pubeurope.com\/@fr\/115013187275742141","error":""},"_links":{"self":[{"href":"https:\/\/www.europesays.com\/fr\/wp-json\/wp\/v2\/posts\/312852","targetHints":{"allow":["GET"]}}],"collection":[{"href":"https:\/\/www.europesays.com\/fr\/wp-json\/wp\/v2\/posts"}],"about":[{"href":"https:\/\/www.europesays.com\/fr\/wp-json\/wp\/v2\/types\/post"}],"author":[{"embeddable":true,"href":"https:\/\/www.europesays.com\/fr\/wp-json\/wp\/v2\/users\/2"}],"replies":[{"embeddable":true,"href":"https:\/\/www.europesays.com\/fr\/wp-json\/wp\/v2\/comments?post=312852"}],"version-history":[{"count":0,"href":"https:\/\/www.europesays.com\/fr\/wp-json\/wp\/v2\/posts\/312852\/revisions"}],"wp:featuredmedia":[{"embeddable":true,"href":"https:\/\/www.europesays.com\/fr\/wp-json\/wp\/v2\/media\/312853"}],"wp:attachment":[{"href":"https:\/\/www.europesays.com\/fr\/wp-json\/wp\/v2\/media?parent=312852"}],"wp:term":[{"taxonomy":"category","embeddable":true,"href":"https:\/\/www.europesays.com\/fr\/wp-json\/wp\/v2\/categories?post=312852"},{"taxonomy":"post_tag","embeddable":true,"href":"https:\/\/www.europesays.com\/fr\/wp-json\/wp\/v2\/tags?post=312852"}],"curies":[{"name":"wp","href":"https:\/\/api.w.org\/{rel}","templated":true}]}}