{"id":312855,"date":"2025-08-12T01:26:22","date_gmt":"2025-08-12T01:26:22","guid":{"rendered":"https:\/\/www.europesays.com\/fr\/312855\/"},"modified":"2025-08-12T01:26:22","modified_gmt":"2025-08-12T01:26:22","slug":"france-des-milliers-de-meduses-mettent-la-centrale-nucleaire-de-gravelines-a-larret","status":"publish","type":"post","link":"https:\/\/www.europesays.com\/fr\/312855\/","title":{"rendered":"France : des milliers de m\u00e9duses mettent la centrale nucl\u00e9aire de Gravelines \u00e0 l\u2019arr\u00eat"},"content":{"rendered":"<p>\n  Par&amp;nbsp<b>Euronews<\/b>\n<\/p>\n<p>\n         Publi\u00e9 le<br \/>\n            11\/08\/2025 &#8211; 20:38 UTC+2\n            <\/p>\n<p>          <img decoding=\"async\" class=\"c-ad__placeholder__logo\" src=\"https:\/\/static.euronews.com\/website\/images\/logos\/logo-euronews-stacked-outlined-72x72-grey-9.svg\" width=\"72\" height=\"72\" alt=\"\" loading=\"lazy\"\/><br \/>\n          PUBLICIT\u00c9<\/p>\n<p>Les unit\u00e9s num\u00e9ro 2, 3 et 4 de production de la centrale nucl\u00e9aire de Gravelines se sont arr\u00eat\u00e9 automatiquement entre 23h et minuit dimanche soir. <\/p>\n<p>La centrale de Gravelines, la plus grande centrale nucl\u00e9aire d\u2019Europe occidentale, pompe ses eaux de refroidissement dans le port de Dunkerque o\u00f9 plusieurs milliers de m\u00e9duses ont d\u00e9riv\u00e9. <\/p>\n<p>Leur pr\u00e9sence des animaux g\u00e9latineux dans les stations de pompage de la centrale a forc\u00e9 l\u2019arr\u00eat de la production d\u2019\u00e9lectricit\u00e9 dans les trois secteurs alors en activit\u00e9s. Les deux autres, que portent les num\u00e9ro 1 et 5, sont en maintenance. <\/p>\n<p>L\u2019Autorit\u00e9 de s\u00fbret\u00e9 nucl\u00e9aire assure que l\u2019incident \u00ab n\u2019a pas affect\u00e9 le refroidissement des \u00e9quipements. \u00bb<\/p>\n<p>L\u2019organe de surveillance de la production nucl\u00e9aire pr\u00e9cise que les proc\u00e9dures sont automatiques et les risques connus. <\/p>\n<p>Des centrales aux \u00c9tats-Unis, en Su\u00e8de, en \u00c9cosse ont connu des \u00e9v\u00e9nements similaires. <\/p>\n<p>Plusieurs facteurs sont \u00e0 l\u2019origine de la prolif\u00e9ration des m\u00e9duses en mer du Nord, notamment le r\u00e9chauffement climatique et la p\u00eache de leurs pr\u00e9dateurs comme le thon.<\/p>\n<p>Le red\u00e9marrage de la centrale devrait prendre plusieurs jours. <\/p>\n","protected":false},"excerpt":{"rendered":"Par&amp;nbspEuronews Publi\u00e9 le 11\/08\/2025 &#8211; 20:38 UTC+2 PUBLICIT\u00c9 Les unit\u00e9s num\u00e9ro 2, 3 et 4 de production de&hellip;\n","protected":false},"author":2,"featured_media":312856,"comment_status":"","ping_status":"","sticky":false,"template":"","format":"standard","meta":{"footnotes":""},"categories":[4],"tags":[11,26627,1011,27,14319,12,5140,25],"class_list":{"0":"post-312855","1":"post","2":"type-post","3":"status-publish","4":"format-standard","5":"has-post-thumbnail","7":"category-france","8":"tag-actualites","9":"tag-centrale-nucleaire","10":"tag-fr","11":"tag-france","12":"tag-mer-du-nord","13":"tag-news","14":"tag-rechauffement-climatique","15":"tag-republique-francaise"},"share_on_mastodon":{"url":"https:\/\/pubeurope.com\/@fr\/115013195066316054","error":""},"_links":{"self":[{"href":"https:\/\/www.europesays.com\/fr\/wp-json\/wp\/v2\/posts\/312855","targetHints":{"allow":["GET"]}}],"collection":[{"href":"https:\/\/www.europesays.com\/fr\/wp-json\/wp\/v2\/posts"}],"about":[{"href":"https:\/\/www.europesays.com\/fr\/wp-json\/wp\/v2\/types\/post"}],"author":[{"embeddable":true,"href":"https:\/\/www.europesays.com\/fr\/wp-json\/wp\/v2\/users\/2"}],"replies":[{"embeddable":true,"href":"https:\/\/www.europesays.com\/fr\/wp-json\/wp\/v2\/comments?post=312855"}],"version-history":[{"count":0,"href":"https:\/\/www.europesays.com\/fr\/wp-json\/wp\/v2\/posts\/312855\/revisions"}],"wp:featuredmedia":[{"embeddable":true,"href":"https:\/\/www.europesays.com\/fr\/wp-json\/wp\/v2\/media\/312856"}],"wp:attachment":[{"href":"https:\/\/www.europesays.com\/fr\/wp-json\/wp\/v2\/media?parent=312855"}],"wp:term":[{"taxonomy":"category","embeddable":true,"href":"https:\/\/www.europesays.com\/fr\/wp-json\/wp\/v2\/categories?post=312855"},{"taxonomy":"post_tag","embeddable":true,"href":"https:\/\/www.europesays.com\/fr\/wp-json\/wp\/v2\/tags?post=312855"}],"curies":[{"name":"wp","href":"https:\/\/api.w.org\/{rel}","templated":true}]}}