{"id":312857,"date":"2025-08-12T01:29:14","date_gmt":"2025-08-12T01:29:14","guid":{"rendered":"https:\/\/www.europesays.com\/fr\/312857\/"},"modified":"2025-08-12T01:29:14","modified_gmt":"2025-08-12T01:29:14","slug":"il-y-a-des-joueurs-dans-le-dur-assure-giroud-apres-la-preparation-intense-des-bordelais","status":"publish","type":"post","link":"https:\/\/www.europesays.com\/fr\/312857\/","title":{"rendered":"\u00ab Il y a des joueurs dans le dur \u00bb assure Giroud apr\u00e8s la pr\u00e9paration intense des Bordelais"},"content":{"rendered":"<p>L\u2019Union Bordeaux-B\u00e8gles a d\u00e9cid\u00e9 de miser sur la confiance mutuelle et la responsabilisation des joueurs. Cet \u00e9t\u00e9, le staff de Yannick Bru a choisi d\u2019octroyer une longue p\u00e9riode de repos aux co\u00e9quipiers de Maxime Lucu apr\u00e8s leur saison \u00e9prouvante et historique. Seul le Stade Toulousain a repris apr\u00e8s eux, les Bordelais ayant retrouv\u00e9 les terrains mercredi dernier au Ceva Campus.<\/p>\n<p>\u00ab\u00a0Ils savaient que \u00e7a allait piquer d\u00e8s le 1er jour\u00a0\u00bb<\/p>\n<p>Par contre, Thibault Giroud leur avait concoct\u00e9 des programmes individuels \u00e0 effectuer durant leur vacance. Pour ceux qui n\u2019ont pas jou\u00e9 le jeu, la reprise a \u00e9t\u00e9 particuli\u00e8rement intense, comme l\u2019a expliqu\u00e9 \u00e0 <a href=\"https:\/\/www.francebleu.fr\/sports\/rugby\/on-va-chercher-la-chaleur-thibault-giroud-explique-pourquoi-l-ubb-part-en-stage-a-faro-au-portugal-9410705\" rel=\"nofollow noopener\" target=\"_blank\">Ici Gironde<\/a> l\u2019ancien pr\u00e9parateur physique du XV de France.<\/p>\n<blockquote>\n<p>\u00ab\u00a0C&rsquo;est un peu disparate comme souvent. Il y a des joueurs dans le dur, d&rsquo;autres faciles car il se sont pr\u00e9par\u00e9s en amont. Ils avaient un programme depuis 15 jours apr\u00e8s on ne peut pas contr\u00f4ler ce qu&rsquo;ils font ou non quand on n&rsquo;est pas avec eux. Apr\u00e8s, ils savaient que \u00e7a allait piquer d\u00e8s le premier jour, car c&rsquo;est une pr\u00e9paration tr\u00e8s courte. On a \u00e9t\u00e9 oblig\u00e9 de la compresser pour donner le plus de vacances possibles pour permettre \u00e0 tout le monde de bien recharger les batteries. Le but, c&rsquo;est de remettre tout l&rsquo;effectif au m\u00eame niveau.\u00a0\u00bb<\/p>\n<\/blockquote>\n<p>Partagez cette info avec vos amis et vos proches en cliquant ici<br \/>Pour r\u00e9sumer<\/p>\n<p>Thibault Giroud s\u2019est confi\u00e9 sur la reprise intense de l\u2019Union Bordeaux-B\u00e8gles en vue de la prochaine saison. S\u2019ils ont b\u00e9n\u00e9fici\u00e9 de longues vacances, les joueurs de Yannick Bru sont attendus au tournant par le staff.<\/p>\n<p> <img decoding=\"async\" width=\"76\" height=\"76\" loading=\"lazy\" src=\"https:\/\/www.europesays.com\/fr\/wp-content\/uploads\/2025\/04\/avatar-quinze.png\" alt=\"Arnaud D\u00e9chelotte\"\/><\/p>\n","protected":false},"excerpt":{"rendered":"L\u2019Union Bordeaux-B\u00e8gles a d\u00e9cid\u00e9 de miser sur la confiance mutuelle et la responsabilisation des joueurs. Cet \u00e9t\u00e9, le&hellip;\n","protected":false},"author":2,"featured_media":312858,"comment_status":"","ping_status":"","sticky":false,"template":"","format":"standard","meta":{"footnotes":""},"categories":[1416],"tags":[1011,27,479,1468,60],"class_list":{"0":"post-312857","1":"post","2":"type-post","3":"status-publish","4":"format-standard","5":"has-post-thumbnail","7":"category-rugby","8":"tag-fr","9":"tag-france","10":"tag-rugby","11":"tag-rugby-football","12":"tag-sports"},"share_on_mastodon":{"url":"https:\/\/pubeurope.com\/@fr\/115013206935386387","error":""},"_links":{"self":[{"href":"https:\/\/www.europesays.com\/fr\/wp-json\/wp\/v2\/posts\/312857","targetHints":{"allow":["GET"]}}],"collection":[{"href":"https:\/\/www.europesays.com\/fr\/wp-json\/wp\/v2\/posts"}],"about":[{"href":"https:\/\/www.europesays.com\/fr\/wp-json\/wp\/v2\/types\/post"}],"author":[{"embeddable":true,"href":"https:\/\/www.europesays.com\/fr\/wp-json\/wp\/v2\/users\/2"}],"replies":[{"embeddable":true,"href":"https:\/\/www.europesays.com\/fr\/wp-json\/wp\/v2\/comments?post=312857"}],"version-history":[{"count":0,"href":"https:\/\/www.europesays.com\/fr\/wp-json\/wp\/v2\/posts\/312857\/revisions"}],"wp:featuredmedia":[{"embeddable":true,"href":"https:\/\/www.europesays.com\/fr\/wp-json\/wp\/v2\/media\/312858"}],"wp:attachment":[{"href":"https:\/\/www.europesays.com\/fr\/wp-json\/wp\/v2\/media?parent=312857"}],"wp:term":[{"taxonomy":"category","embeddable":true,"href":"https:\/\/www.europesays.com\/fr\/wp-json\/wp\/v2\/categories?post=312857"},{"taxonomy":"post_tag","embeddable":true,"href":"https:\/\/www.europesays.com\/fr\/wp-json\/wp\/v2\/tags?post=312857"}],"curies":[{"name":"wp","href":"https:\/\/api.w.org\/{rel}","templated":true}]}}