{"id":312868,"date":"2025-08-12T01:36:10","date_gmt":"2025-08-12T01:36:10","guid":{"rendered":"https:\/\/www.europesays.com\/fr\/312868\/"},"modified":"2025-08-12T01:36:10","modified_gmt":"2025-08-12T01:36:10","slug":"harry-roselmack-sans-concession-sur-son-mariage-le-plus-grand-echec-de-sa-vie-les-enfants-ont-souffert","status":"publish","type":"post","link":"https:\/\/www.europesays.com\/fr\/312868\/","title":{"rendered":"Harry Roselmack sans concession sur son mariage, le plus grand \u00ab\u00a0\u00e9chec\u00a0\u00bb de sa vie : \u00ab\u00a0Les enfants ont souffert\u00a0\u00bb"},"content":{"rendered":"<p>      R\u00e9sum\u00e9<\/p>\n<p>Harry Roselmack revient avec \u00e9motion sur son divorce apr\u00e8s vingt ans de mariage, soulignant les r\u00e9percussions sur sa famille et l&rsquo;importance du foyer pour ses enfants.<\/p>\n<p>        Sommaire<\/p>\n<p><strong>En juillet 2022, apr\u00e8s plus de vingt ans de mariage<\/strong>, Chrislaine et Harry Roselmack <a href=\"https:\/\/www.public.fr\/le-long-message-de-la-compagne-du-journaliste-star-de-tf1-harry-roselmalck-sur-instagram-divorce-en-vue\" target=\"_blank\" rel=\"noopener\">annon\u00e7aient leur s\u00e9paration<\/a>. S&rsquo;il a depuis rapidement retrouv\u00e9 l&rsquo;amour, et coule des jours heureux aux c\u00f4t\u00e9s de la mannequin et styliste <a href=\"https:\/\/www.public.fr\/harry-roselmack-sept-a-huit-jade-chantelle-sa-compagne-de-26-ans-enflamme-la-scene-sur-france-2\" target=\"_blank\" rel=\"noopener\">Jade Chantelle<\/a>, Harry Roselmack n&rsquo;en reste pas moins marqu\u00e9 par son divorce. Ce dimanche 10 ao\u00fbt, dans une interview accord\u00e9e \u00e0 Paradox Sans Filtre, le journaliste est revenu avec \u00e9motion <strong>sur ce qu&rsquo;il estime \u00eatre le plus grand \u00ab\u00a0\u00e9chec\u00a0\u00bb de sa vie<\/strong>\u2026<\/p>\n<p>\u00ab\u00a0J&rsquo;ai divorc\u00e9 de la maman de mes enfants. <strong>Pour moi, \u00e7a a \u00e9t\u00e9 un \u00e9chec et pour nous cinq, parce qu&rsquo;on a trois enfants ensemble<\/strong>. \u00c7a a \u00e9t\u00e9 un \u00e9chec (&#8230;) Le foyer, c&rsquo;est important, la maison ce n&rsquo;est pas important. Le foyer, c&rsquo;est quelque chose qui est tr\u00e8s compliqu\u00e9 \u00e0 maintenir\u00a0\u00bb a ainsi expliqu\u00e9 Harry Roselmack. Mais non sans \u00e9motion, le journaliste, qui anime tous les dimanches <a href=\"https:\/\/vsd.fr\/tag\/sept-a-huit\/\" target=\"_blank\" rel=\"noopener\">le magazine Sept \u00e0 Huit sur TF1<\/a> a reconnu que ce divorce avait eu<strong> des r\u00e9percussions certaines sur ses trois enfants<\/strong>&#8230;<\/p>\n<p>Harry Roselmack boulevers\u00e9 par la peine inflig\u00e9e \u00e0 ses enfants<\/p>\n<p>\u00ab\u00a0<strong>Les enfants ont \u00e9videmment souffert de la situation<\/strong>. Mais au moins, on a des enfants \u00e9quilibr\u00e9s parce que les parents ont toujours fait en sorte qu&rsquo;ils restent au centre de ce qui allait se passer par la suite\u00a0\u00bb a ainsi expliqu\u00e9 Harry Roselmack. Le journaliste est toutefois fier <strong>d&rsquo;avoir r\u00e9ussi \u00e0 garder de pr\u00e9cieux liens avec Chrislaine<\/strong>. Les deux ex-\u00e9poux ne sont pas f\u00e2ch\u00e9s, et sont rest\u00e9s en tr\u00e8s bons termes.<\/p>\n<p>Mari\u00e9s en 2001, Harry Roselmack et Chrislaine ont attendu quelques ann\u00e9es avant de fonder une famille. Ils ont ensuite donn\u00e9 naissance \u00e0 trois enfants en l&rsquo;espace de trois ans. <strong>Omaya, l&rsquo;a\u00een\u00e9e, est n\u00e9e en 2007<\/strong>, et a \u00e9t\u00e9 suivie de <strong>Yana\u00ebl<\/strong> l&rsquo;ann\u00e9e suivante. En 2010 enfin, Harry Roselmack a eu le bonheur d&rsquo;avoir un petit gar\u00e7on, <strong>Leroy<\/strong>. Trois enfants bient\u00f4t majeurs, qui, heureusement, ont \u00e9t\u00e9 pr\u00e9serv\u00e9s par leurs parents.<\/p>\n<p>      Mentionn\u00e9s dans cet article<\/p>\n<p>      Sur le m\u00eame sujet<\/p>\n","protected":false},"excerpt":{"rendered":"R\u00e9sum\u00e9 Harry Roselmack revient avec \u00e9motion sur son divorce apr\u00e8s vingt ans de mariage, soulignant les r\u00e9percussions sur&hellip;\n","protected":false},"author":2,"featured_media":312869,"comment_status":"","ping_status":"","sticky":false,"template":"","format":"standard","meta":{"footnotes":""},"categories":[1359],"tags":[58,7681,59,652,1011,27,45253,973,17978],"class_list":{"0":"post-312868","1":"post","2":"type-post","3":"status-publish","4":"format-standard","5":"has-post-thumbnail","7":"category-people","8":"tag-divertissement","9":"tag-divorce","10":"tag-entertainment","11":"tag-famille","12":"tag-fr","13":"tag-france","14":"tag-harry-roselmack","15":"tag-people","16":"tag-sept-a-huit"},"share_on_mastodon":{"url":"https:\/\/pubeurope.com\/@fr\/115013234397531182","error":""},"_links":{"self":[{"href":"https:\/\/www.europesays.com\/fr\/wp-json\/wp\/v2\/posts\/312868","targetHints":{"allow":["GET"]}}],"collection":[{"href":"https:\/\/www.europesays.com\/fr\/wp-json\/wp\/v2\/posts"}],"about":[{"href":"https:\/\/www.europesays.com\/fr\/wp-json\/wp\/v2\/types\/post"}],"author":[{"embeddable":true,"href":"https:\/\/www.europesays.com\/fr\/wp-json\/wp\/v2\/users\/2"}],"replies":[{"embeddable":true,"href":"https:\/\/www.europesays.com\/fr\/wp-json\/wp\/v2\/comments?post=312868"}],"version-history":[{"count":0,"href":"https:\/\/www.europesays.com\/fr\/wp-json\/wp\/v2\/posts\/312868\/revisions"}],"wp:featuredmedia":[{"embeddable":true,"href":"https:\/\/www.europesays.com\/fr\/wp-json\/wp\/v2\/media\/312869"}],"wp:attachment":[{"href":"https:\/\/www.europesays.com\/fr\/wp-json\/wp\/v2\/media?parent=312868"}],"wp:term":[{"taxonomy":"category","embeddable":true,"href":"https:\/\/www.europesays.com\/fr\/wp-json\/wp\/v2\/categories?post=312868"},{"taxonomy":"post_tag","embeddable":true,"href":"https:\/\/www.europesays.com\/fr\/wp-json\/wp\/v2\/tags?post=312868"}],"curies":[{"name":"wp","href":"https:\/\/api.w.org\/{rel}","templated":true}]}}