{"id":312874,"date":"2025-08-12T01:40:16","date_gmt":"2025-08-12T01:40:16","guid":{"rendered":"https:\/\/www.europesays.com\/fr\/312874\/"},"modified":"2025-08-12T01:40:16","modified_gmt":"2025-08-12T01:40:16","slug":"wayne-lozinak-hatebreed-donne-des-nouvelles-apres-son-operation","status":"publish","type":"post","link":"https:\/\/www.europesays.com\/fr\/312874\/","title":{"rendered":"Wayne Lozinak (Hatebreed) donne des nouvelles apr\u00e8s son op\u00e9ration"},"content":{"rendered":"<p><strong>Op\u00e9r\u00e9 pour retirer une tumeur c\u00e9r\u00e9brale b\u00e9nigne, Wayne Lozinak, guitariste de <a href=\"https:\/\/www.metalzone.fr\/hatebreed\/\" target=\"_blank\" rel=\"noopener\">Hatebreed<\/a>, affirme que sa convalescence se d\u00e9roule bien.<\/strong><\/p>\n<p>Un r\u00e9tablissement en bonne voie<\/p>\n<p>Le 10 ao\u00fbt, Wayne Lozinak a annonc\u00e9 sur ses r\u00e9seaux sociaux qu\u2019il \u00e9tait enfin rentr\u00e9 chez lui, une semaine apr\u00e8s avoir subi une craniotomie pour retirer un m\u00e9ningiome b\u00e9nin. Le musicien, qui avait quitt\u00e9 la tourn\u00e9e europ\u00e9enne du groupe en juin dernier suite \u00e0 un malaise survenu apr\u00e8s le <a href=\"https:\/\/www.metalzone.fr\/download-festival\/\" target=\"_blank\" rel=\"noopener\">Download Festival<\/a>, se dit confiant : \u201cLa semaine derni\u00e8re a \u00e9t\u00e9 difficile, mais je vais un peu mieux chaque jour. La convalescence sera longue, mais \u00e7a se passe bien\u201d, a-t-il \u00e9crit.<\/p>\n<p>Il a tenu \u00e0 remercier ses proches, notamment sa compagne pour sa pr\u00e9sence constante \u00e0 l\u2019h\u00f4pital, ainsi que son \u00e9quipe m\u00e9dicale. Lozinak a \u00e9galement exprim\u00e9 sa gratitude envers ses fans pour les nombreux messages re\u00e7us, qu\u2019il a commenc\u00e9 \u00e0 lire \u00e0 son retour.<\/p>\n<p>Un \u00e9t\u00e9 mouvement\u00e9 pour Hatebreed<\/p>\n<p>Le diagnostic de Wayne Lozinak avait \u00e9t\u00e9 r\u00e9v\u00e9l\u00e9 mi-juin, \u00e0 la suite d\u2019examens r\u00e9alis\u00e9s en urgence \u00e0 Lille. Les m\u00e9decins avaient alors confirm\u00e9 la nature b\u00e9nigne de la tumeur, une situation d\u00e9j\u00e0 \u00e9voqu\u00e9e <a href=\"https:\/\/www.metalzone.fr\/news\/217428-wayne-lozinak-hatebreed-operation-nouvelles-rassurantes\/\" target=\"_blank\" rel=\"noopener\">dans cet article<\/a>. Pendant son absence, Matt Bachand (<a href=\"https:\/\/www.metalzone.fr\/shadows-fall\/\" target=\"_blank\" rel=\"noopener\">Shadows Fall<\/a>) l\u2019a remplac\u00e9 \u00e0 la guitare, tandis que Carl Schwartz (First Blood, <a href=\"https:\/\/www.metalzone.fr\/terror\/\" target=\"_blank\" rel=\"noopener\">Terror<\/a>) a pris la basse.<\/p>\n<p>Malgr\u00e9 cette \u00e9preuve et les tensions internes li\u00e9es au d\u00e9part du bassiste historique Chris Beattie, sujet d\u00e9velopp\u00e9 <a href=\"https:\/\/www.metalzone.fr\/news\/218433-chris-beattie-porte-plainte-contre-hatebreed\/\" target=\"_blank\" rel=\"noopener\">ici<\/a>, Hatebreed poursuit ses activit\u00e9s. Le groupe a r\u00e9cemment sorti Make The Demons Obey, son premier single depuis 2020, un \u00e9v\u00e9nement d\u00e9taill\u00e9 <a href=\"https:\/\/www.metalzone.fr\/news\/217831-hatebreed-make-the-demons-obey-premier-single-depuis-2020\/\" target=\"_blank\" rel=\"noopener\">dans cet autre article<\/a>.<\/p>\n<p>Pour l\u2019heure, Wayne Lozinak se concentre sur sa gu\u00e9rison, sans date pr\u00e9cise de retour sur sc\u00e8ne, mais avec l\u2019assurance de retrouver ses fans d\u00e8s qu\u2019il en aura la possibilit\u00e9.<\/p>\n<blockquote class=\"instagram-media\" style=\"background: #FFF; border: 0; border-radius: 3px; box-shadow: 0 0 1px 0 rgba(0,0,0,0.5),0 1px 10px 0 rgba(0,0,0,0.15); margin: 1px; max-width: 540px; min-width: 326px; padding: 0; width: calc(100% - 2px);\" data-instgrm-captioned=\"\" data-instgrm-permalink=\"https:\/\/www.instagram.com\/p\/DNL8mobSp2M\/?utm_source=ig_embed&amp;utm_campaign=loading\" data-instgrm-version=\"14\" data-darkreader-inline-bgimage=\"\" data-darkreader-inline-bgcolor=\"\" data-darkreader-inline-border-top=\"\" data-darkreader-inline-border-right=\"\" data-darkreader-inline-border-bottom=\"\" data-darkreader-inline-border-left=\"\" data-darkreader-inline-boxshadow=\"\"\/><p><script async src=\"\/\/www.instagram.com\/embed.js\"><\/script><\/p>\n","protected":false},"excerpt":{"rendered":"Op\u00e9r\u00e9 pour retirer une tumeur c\u00e9r\u00e9brale b\u00e9nigne, Wayne Lozinak, guitariste de Hatebreed, affirme que sa convalescence se d\u00e9roule&hellip;\n","protected":false},"author":2,"featured_media":312875,"comment_status":"","ping_status":"","sticky":false,"template":"","format":"standard","meta":{"footnotes":""},"categories":[1355],"tags":[58,59,1011,27,1361,873],"class_list":{"0":"post-312874","1":"post","2":"type-post","3":"status-publish","4":"format-standard","5":"has-post-thumbnail","7":"category-musique","8":"tag-divertissement","9":"tag-entertainment","10":"tag-fr","11":"tag-france","12":"tag-music","13":"tag-musique"},"share_on_mastodon":{"url":"https:\/\/pubeurope.com\/@fr\/115013250238962656","error":""},"_links":{"self":[{"href":"https:\/\/www.europesays.com\/fr\/wp-json\/wp\/v2\/posts\/312874","targetHints":{"allow":["GET"]}}],"collection":[{"href":"https:\/\/www.europesays.com\/fr\/wp-json\/wp\/v2\/posts"}],"about":[{"href":"https:\/\/www.europesays.com\/fr\/wp-json\/wp\/v2\/types\/post"}],"author":[{"embeddable":true,"href":"https:\/\/www.europesays.com\/fr\/wp-json\/wp\/v2\/users\/2"}],"replies":[{"embeddable":true,"href":"https:\/\/www.europesays.com\/fr\/wp-json\/wp\/v2\/comments?post=312874"}],"version-history":[{"count":0,"href":"https:\/\/www.europesays.com\/fr\/wp-json\/wp\/v2\/posts\/312874\/revisions"}],"wp:featuredmedia":[{"embeddable":true,"href":"https:\/\/www.europesays.com\/fr\/wp-json\/wp\/v2\/media\/312875"}],"wp:attachment":[{"href":"https:\/\/www.europesays.com\/fr\/wp-json\/wp\/v2\/media?parent=312874"}],"wp:term":[{"taxonomy":"category","embeddable":true,"href":"https:\/\/www.europesays.com\/fr\/wp-json\/wp\/v2\/categories?post=312874"},{"taxonomy":"post_tag","embeddable":true,"href":"https:\/\/www.europesays.com\/fr\/wp-json\/wp\/v2\/tags?post=312874"}],"curies":[{"name":"wp","href":"https:\/\/api.w.org\/{rel}","templated":true}]}}