{"id":312886,"date":"2025-08-12T01:46:13","date_gmt":"2025-08-12T01:46:13","guid":{"rendered":"https:\/\/www.europesays.com\/fr\/312886\/"},"modified":"2025-08-12T01:46:13","modified_gmt":"2025-08-12T01:46:13","slug":"le-prelevement-federal-de-15-sur-les-exportations-de-nvidia-en-chine-nouveau-signe-de-lingerence-de-donald-trump-dans-la-vie-economique","status":"publish","type":"post","link":"https:\/\/www.europesays.com\/fr\/312886\/","title":{"rendered":"Le pr\u00e9l\u00e8vement f\u00e9d\u00e9ral de 15\u00a0% sur les exportations de Nvidia en Chine, nouveau signe de l\u2019ing\u00e9rence de Donald Trump dans la vie \u00e9conomique"},"content":{"rendered":"<p>                         <img loading=\"lazy\" decoding=\"async\" src=\"https:\/\/www.europesays.com\/fr\/wp-content\/uploads\/2025\/08\/09cb73a_ftp-import-images-1-tmpn9r1vqw7x-5612286-01-06.jpg\" alt=\"Le pr\u00e9sident am\u00e9ricain, Donald Trump, (\u00e0 gauche) s\u2019entretient avec Jensen Huang, PDG de Nvidia, \u00e0 la Maison Blanche, \u00e0 Washington, DC, le 30\u00a0avril\u00a02025.\"   width=\"664\" height=\"443\"\/>    Le pr\u00e9sident am\u00e9ricain, Donald Trump, (\u00e0 gauche) s\u2019entretient avec Jensen Huang, PDG de Nvidia, \u00e0 la Maison Blanche, \u00e0 Washington, DC, le 30\u00a0avril\u00a02025.  JIM WATSON \/ AFP                 <\/p>\n<p class=\"article__paragraph  \">C\u2019est du jamais vu, et Donald Trump l\u2019a confirm\u00e9, lundi 11\u00a0ao\u00fbt, \u00e0 la Maison Blanche. La firme de microprocesseurs Nvidia, championne de l\u2019intelligence artificielle (IA) et premi\u00e8re capitalisation boursi\u00e8re mondiale, va obtenir l\u2019autorisation d\u2019exporter en Chine des puces nomm\u00e9es H20, mais, <a href=\"https:\/\/www.lemonde.fr\/economie\/article\/2025\/08\/11\/nvidia-et-amd-vont-verser-15-de-leurs-revenus-provenant-de-la-vente-de-puces-en-chine-au-gouvernement-americain_6628259_3234.html\" rel=\"nofollow noopener\" target=\"_blank\">en \u00e9change, elle reversera au Tr\u00e9sor am\u00e9ricain des royalties de 15\u00a0%<\/a>. M.\u00a0Trump a fait le r\u00e9cit de sa n\u00e9gociation avec le patron de la firme, Jensen Huang. \u00ab\u00a0Le H2O est obsol\u00e8te mais il a encore un march\u00e9. Alors j\u2019ai dit\u00a0: \u201cEcoutez, je veux 20\u00a0% \u2026 pour notre pays, pour les Etats-Unis, pas pour moi\u2026\u201d Et [Jensen Huang] a demand\u00e9\u00a0: \u201cVous iriez jusqu\u2019\u00e0 15\u00a0%\u00a0?\u201d Alors on a n\u00e9goci\u00e9 un petit accord\u00a0\u00bb, a racont\u00e9 le pr\u00e9sident.<\/p>\n<p class=\"article__paragraph  \">L\u2019affaire, r\u00e9v\u00e9l\u00e9e par le <a href=\"https:\/\/www.ft.com\/content\/cd1a0729-a8ab-41e1-a4d2-8907f4c01cac\" target=\"_blank\" rel=\"noopener nofollow\" title=\"Nouvelle fen\u00eatre\">Financial Times<\/a>, a fait grand bruit. Donald Trump m\u00e8ne avec P\u00e9kin une diplomatie du microprocesseur. Les puces d\u2019intelligence artificielle H2O ont \u00e9t\u00e9 d\u00e9velopp\u00e9es par Nvidia pour le march\u00e9 chinois apr\u00e8s que les Etats-Unis ont impos\u00e9 des restrictions \u00e0 l\u2019exportation sur les puces d\u2019IA avanc\u00e9es fin 2023. L\u2019administration Trump a interdit leur vente en avril au plus fort de la guerre commerciale avec la Chine, mais avait annul\u00e9 cette interdiction en juillet. L\u2019accord vaut aussi pour les puces MI308\u00a0de la firme AMD (Advanced Micro Devices).<\/p>\n<p class=\"reading-mode-only \"><strong>Il vous reste 80.07% de cet article \u00e0 lire. La suite est r\u00e9serv\u00e9e aux abonn\u00e9s.<\/strong><\/p>\n","protected":false},"excerpt":{"rendered":"Le pr\u00e9sident am\u00e9ricain, Donald Trump, (\u00e0 gauche) s\u2019entretient avec Jensen Huang, PDG de Nvidia, \u00e0 la Maison Blanche,&hellip;\n","protected":false},"author":2,"featured_media":312887,"comment_status":"","ping_status":"","sticky":false,"template":"","format":"standard","meta":{"footnotes":""},"categories":[6],"tags":[35,33,34,1011,27],"class_list":{"0":"post-312886","1":"post","2":"type-post","3":"status-publish","4":"format-standard","5":"has-post-thumbnail","7":"category-economie","8":"tag-business","9":"tag-economie","10":"tag-economy","11":"tag-fr","12":"tag-france"},"share_on_mastodon":{"url":"https:\/\/pubeurope.com\/@fr\/115013274217293560","error":""},"_links":{"self":[{"href":"https:\/\/www.europesays.com\/fr\/wp-json\/wp\/v2\/posts\/312886","targetHints":{"allow":["GET"]}}],"collection":[{"href":"https:\/\/www.europesays.com\/fr\/wp-json\/wp\/v2\/posts"}],"about":[{"href":"https:\/\/www.europesays.com\/fr\/wp-json\/wp\/v2\/types\/post"}],"author":[{"embeddable":true,"href":"https:\/\/www.europesays.com\/fr\/wp-json\/wp\/v2\/users\/2"}],"replies":[{"embeddable":true,"href":"https:\/\/www.europesays.com\/fr\/wp-json\/wp\/v2\/comments?post=312886"}],"version-history":[{"count":0,"href":"https:\/\/www.europesays.com\/fr\/wp-json\/wp\/v2\/posts\/312886\/revisions"}],"wp:featuredmedia":[{"embeddable":true,"href":"https:\/\/www.europesays.com\/fr\/wp-json\/wp\/v2\/media\/312887"}],"wp:attachment":[{"href":"https:\/\/www.europesays.com\/fr\/wp-json\/wp\/v2\/media?parent=312886"}],"wp:term":[{"taxonomy":"category","embeddable":true,"href":"https:\/\/www.europesays.com\/fr\/wp-json\/wp\/v2\/categories?post=312886"},{"taxonomy":"post_tag","embeddable":true,"href":"https:\/\/www.europesays.com\/fr\/wp-json\/wp\/v2\/tags?post=312886"}],"curies":[{"name":"wp","href":"https:\/\/api.w.org\/{rel}","templated":true}]}}