{"id":312888,"date":"2025-08-12T01:47:12","date_gmt":"2025-08-12T01:47:12","guid":{"rendered":"https:\/\/www.europesays.com\/fr\/312888\/"},"modified":"2025-08-12T01:47:12","modified_gmt":"2025-08-12T01:47:12","slug":"trump-prolonge-de-90-jours-la-treve-commerciale-entre-les-etats-unis-et-la-chine","status":"publish","type":"post","link":"https:\/\/www.europesays.com\/fr\/312888\/","title":{"rendered":"Trump prolonge de 90 jours la tr\u00eave commerciale entre les Etats-Unis et la Chine"},"content":{"rendered":"<p>A quelques heures de l\u2019expiration de la tr\u00eave commerciale conclue au printemps, <a href=\"https:\/\/www.20minutes.fr\/dossier\/donald_trump\" target=\"_blank\" class=\"color-ultramarine c-link\" rel=\"nofollow noopener\">Donald Trump<\/a> a d\u00e9cid\u00e9 de jouer la carte de l\u2019apaisement avec <a href=\"https:\/\/www.20minutes.fr\/dossier\/pekin\" target=\"_blank\" class=\"color-ultramarine c-link\" rel=\"nofollow noopener\">P\u00e9kin<\/a>. Le pr\u00e9sident am\u00e9ricain a sign\u00e9 un d\u00e9cret prolongeant de 90 jours la suspension de l\u2019escalade tarifaire entre les deux puissances, selon CNBC et le Wall Street Journal, citant un responsable de la Maison-Blanche. La Chine \u00ab continue de prendre des mesures importantes (&#8230;) pour r\u00e9pondre aux pr\u00e9occupations des Etats-Unis en mati\u00e8re de s\u00e9curit\u00e9 \u00e9conomique et nationale \u00bb, a indiqu\u00e9 Donald Trump, confirmant la signature d&rsquo;un d\u00e9cret \u00e0 ce sujet.<\/p>\n<p>Cette d\u00e9cision intervient alors que la tr\u00eave initiale, conclue en mai \u00e0 Gen\u00e8ve, fixait \u00e0 <a href=\"https:\/\/www.20minutes.fr\/economie\/4149895-20250423-droits-douane-donald-trump-annonce-baisse-substantielle-chine\" target=\"_blank\" class=\"color-ultramarine c-link\" rel=\"nofollow noopener\">30\u00a0% la surtaxe am\u00e9ricaine sur les produits chinois<\/a>, contre 10\u00a0% pour les droits impos\u00e9s par P\u00e9kin sur les produits am\u00e9ricains. Depuis, plusieurs cycles de discussions ont eu lieu \u00e0 Londres et Stockholm pour \u00e9viter un nouvel embrasement, mais aucune prolongation officielle n\u2019avait \u00e9t\u00e9 annonc\u00e9e avant la date butoir du 12\u00a0ao\u00fbt.<\/p>\n<\/p>\n<p>Trump, promoteur du soja am\u00e9ricain<\/p>\n<p>Lundi matin, Donald Trump affirmait que les n\u00e9gociations se d\u00e9roulaient \u00ab\u00a0plut\u00f4t bien\u00a0\u00bb et mettait en avant sa bonne entente avec <a href=\"https:\/\/www.20minutes.fr\/dossier\/xi_jinping\" target=\"_blank\" class=\"color-ultramarine c-link\" rel=\"nofollow noopener\">Xi Jinping<\/a>\u00a0: \u00ab\u00a0La relation entre le pr\u00e9sident Xi et moi est tr\u00e8s bonne\u00a0\u00bb, a-t-il d\u00e9clar\u00e9 depuis la <a href=\"https:\/\/www.20minutes.fr\/dossier\/maison_blanche\" target=\"_blank\" class=\"color-ultramarine c-link\" rel=\"nofollow noopener\">Maison-Blanche<\/a>. De son c\u00f4t\u00e9, P\u00e9kin a exprim\u00e9 son souhait d\u2019aboutir \u00e0 une issue \u00ab\u00a0positive\u00a0\u00bb, appelant Washington \u00e0 respecter le consensus trouv\u00e9 en juin entre les deux chefs d\u2019\u00c9tat et \u00e0 travailler sur la base de \u00ab\u00a0l\u2019\u00e9galit\u00e9, du respect et du b\u00e9n\u00e9fice mutuels\u00a0\u00bb, selon le porte-parole du minist\u00e8re chinois des Affaires \u00e9trang\u00e8res, Lin Jian.<\/p>\n<p><a href=\"https:\/\/www.20minutes.fr\/economie\/droits-douane-americains\/\" target=\"_blank\" class=\"c-link c-btn c-btn--primary\" rel=\"nofollow noopener\">Notre dossier sur les droits de douane am\u00e9ricains<\/a><\/p>\n<p>Le repr\u00e9sentant am\u00e9ricain au Commerce, Jamieson Greer, avait pr\u00e9venu \u00e0 l\u2019issue des pourparlers en Su\u00e8de que Donald Trump aurait \u00ab\u00a0le dernier mot\u00a0\u00bb sur toute prolongation. Dans la nuit de dimanche \u00e0 lundi, le pr\u00e9sident am\u00e9ricain a aussi interpell\u00e9 P\u00e9kin sur sa plateforme Truth Social, l\u2019appelant \u00e0 \u00ab\u00a0quadrupler ses achats de <a href=\"https:\/\/www.20minutes.fr\/dossier\/soja\" target=\"_blank\" class=\"color-ultramarine c-link\" rel=\"nofollow noopener\">soja<\/a> am\u00e9ricain\u00a0\u00bb afin de r\u00e9duire le d\u00e9ficit commercial et soutenir les producteurs locaux. \u00ab\u00a0La Chine s\u2019inqui\u00e8te de manquer de soja. Nos g\u00e9niaux <a href=\"https:\/\/www.20minutes.fr\/dossier\/agriculteurs\" target=\"_blank\" class=\"color-ultramarine c-link\" rel=\"nofollow noopener\">agriculteurs<\/a> produisent les meilleures graines de soja\u00a0\u00bb, a-t-il \u00e9crit, concluant par\u00a0: \u00ab\u00a0Merci pr\u00e9sident Xi\u00a0\u00bb.<\/p>\n","protected":false},"excerpt":{"rendered":"A quelques heures de l\u2019expiration de la tr\u00eave commerciale conclue au printemps, Donald Trump a d\u00e9cid\u00e9 de jouer&hellip;\n","protected":false},"author":2,"featured_media":312889,"comment_status":"","ping_status":"","sticky":false,"template":"","format":"standard","meta":{"footnotes":""},"categories":[5],"tags":[47,11,309,215,75,33742,33,73,1011,27,14,74,33527,12,13261,28,7084],"class_list":{"0":"post-312888","1":"post","2":"type-post","3":"status-publish","4":"format-standard","5":"has-post-thumbnail","7":"category-international","8":"tag-actualite","9":"tag-actualites","10":"tag-chine","11":"tag-commerce","12":"tag-donald-trump","13":"tag-droits-de-douane-americains","14":"tag-economie","15":"tag-etats-unis","16":"tag-fr","17":"tag-france","18":"tag-international","19":"tag-monde","20":"tag-negociation","21":"tag-news","22":"tag-soja","23":"tag-world","24":"tag-xi-jinping"},"share_on_mastodon":{"url":"https:\/\/pubeurope.com\/@fr\/115013277783088156","error":""},"_links":{"self":[{"href":"https:\/\/www.europesays.com\/fr\/wp-json\/wp\/v2\/posts\/312888","targetHints":{"allow":["GET"]}}],"collection":[{"href":"https:\/\/www.europesays.com\/fr\/wp-json\/wp\/v2\/posts"}],"about":[{"href":"https:\/\/www.europesays.com\/fr\/wp-json\/wp\/v2\/types\/post"}],"author":[{"embeddable":true,"href":"https:\/\/www.europesays.com\/fr\/wp-json\/wp\/v2\/users\/2"}],"replies":[{"embeddable":true,"href":"https:\/\/www.europesays.com\/fr\/wp-json\/wp\/v2\/comments?post=312888"}],"version-history":[{"count":0,"href":"https:\/\/www.europesays.com\/fr\/wp-json\/wp\/v2\/posts\/312888\/revisions"}],"wp:featuredmedia":[{"embeddable":true,"href":"https:\/\/www.europesays.com\/fr\/wp-json\/wp\/v2\/media\/312889"}],"wp:attachment":[{"href":"https:\/\/www.europesays.com\/fr\/wp-json\/wp\/v2\/media?parent=312888"}],"wp:term":[{"taxonomy":"category","embeddable":true,"href":"https:\/\/www.europesays.com\/fr\/wp-json\/wp\/v2\/categories?post=312888"},{"taxonomy":"post_tag","embeddable":true,"href":"https:\/\/www.europesays.com\/fr\/wp-json\/wp\/v2\/tags?post=312888"}],"curies":[{"name":"wp","href":"https:\/\/api.w.org\/{rel}","templated":true}]}}