{"id":312891,"date":"2025-08-12T01:49:18","date_gmt":"2025-08-12T01:49:18","guid":{"rendered":"https:\/\/www.europesays.com\/fr\/312891\/"},"modified":"2025-08-12T01:49:18","modified_gmt":"2025-08-12T01:49:18","slug":"le-tennisman-francais-arthur-rinderknech-mis-k-o-par-la-chaleur-etouffante-a-cincinnati","status":"publish","type":"post","link":"https:\/\/www.europesays.com\/fr\/312891\/","title":{"rendered":"Le tennisman fran\u00e7ais Arthur Rinderknech mis K.O par la chaleur \u00e9touffante \u00e0 Cincinnati"},"content":{"rendered":"<p>        <img decoding=\"async\" loading=\"lazy\" src=\"https:\/\/www.europesays.com\/fr\/wp-content\/uploads\/2025\/08\/4b9ffc6_upload-1-do949nvr4tbm-063-2229588261.jpg\"  width=\"728\" height=\"409\" alt=\"Arthur Rinderknech re\u00e7oit des soins m\u00e9dicaux lors de son match contre F\u00e9lix Auger-Aliassime, pendant l\u2019Open de Cincinnati au Lindner Family Tennis Center, le 11\u00a0ao\u00fbt 2025\u00a0\u00e0 Mason, dans l\u2019Ohio.\"\/>  <\/p>\n<p>MATTHEW STOCKMAN \/ Getty Images via AFP<\/p>\n<p>Arthur Rinderknech re\u00e7oit des soins m\u00e9dicaux lors de son match contre F\u00e9lix Auger-Aliassime, pendant l\u2019Open de Cincinnati au Lindner Family Tennis Center, le 11\u00a0ao\u00fbt 2025\u00a0\u00e0 Mason, dans l\u2019Ohio.<\/p>\n<p class=\"asset asset-text\">TENNIS &#8211; Une batterie \u00e0 plat. \u00c9puis\u00e9 par une chaleur \u00e9touffante, le Fran\u00e7ais <a href=\"https:\/\/www.huffingtonpost.fr\/sport\/article\/roland-garros-arthur-rinderknech-doit-abandonner-apres-s-etre-blesse-en-shootant-dans-un-mur_234766.html\" target=\"_blank\" rel=\"noopener\">Arthur Rinderknech <\/a>a fait un malaise avant d\u2019abandonner au troisi\u00e8me tour du<a href=\"https:\/\/www.huffingtonpost.fr\/sport\/article\/djokovic-l-emporte-face-a-alcaraz-au-masters-1-000-de-cincinnati-un-mois-apres-wimbledon_222013.html#:~:text=TENNIS%20%2D%20Au%20terme%20d\u2019une,49%20de%20jeu%20au%20N.\" target=\"_blank\" rel=\"noopener\"> Masters 1000 de Cincinnati <\/a>alors qu\u2019il \u00e9tait men\u00e9 7-6 (7\/4), 4-2 par le Canadien F\u00e9lix Auger-Aliassime (25\u00a0ans, 28e au classement ATP), ce lundi 11\u00a0ao\u00fbt.<\/p>\n<p class=\"asset asset-text\">\u00c0 2-2 dans la deuxi\u00e8me manche du tournoi am\u00e9ricain, Arthur Rinderknech (70e) s\u2019est soudainement allong\u00e9 en fond de cour, \u00e0 l\u2019ombre, une serviette sur la t\u00eate.<\/p>\n<p> La lecture de ce contenu est susceptible d\u2019entra\u00eener un d\u00e9p\u00f4t de cookies de la part de l\u2019op\u00e9rateur tiers qui l\u2019h\u00e9berge. Compte-tenu des choix que vous avez exprim\u00e9s en mati\u00e8re de d\u00e9p\u00f4t de cookies, nous avons bloqu\u00e9 l\u2019affichage de ce contenu. Si vous souhaitez y acc\u00e9der, vous devez accepter la cat\u00e9gorie de cookies \u201cContenus tiers\u201d en cliquant sur le bouton ci-dessous. <\/p>\n<p> Lire la Vid\u00e9o        <\/p>\n<p class=\"asset asset-text\">Apr\u00e8s l\u2019intervention d\u2019un m\u00e9decin pendant quelques minutes, le Fran\u00e7ais de 30\u00a0ans n\u2019a repris la partie que pour deux jeux avant de jeter l\u2019\u00e9ponge, visiblement \u00e0 bout de souffle, dans des conditions \u00e9touffantes\u00a0\u00e0 Mason : plus de 30 degr\u00e9s et 50% d\u2019humidit\u00e9.<\/p>\n<p>    <strong>\u00ab\u00a0C\u2019est de la survie\u00a0\u00bb<\/strong>    <\/p>\n<p class=\"asset asset-text\">\u00ab\u00a0Il faut juste essayer de tout remettre \u00e0 z\u00e9ro entre chaque point. Bien respirer, boire de la bonne mani\u00e8re, manger de la bonne mani\u00e8re. C\u2019est de la survie\u00a0\u00bb, avait-il expliqu\u00e9 au journal <a href=\"https:\/\/www.lequipe.fr\/Tennis\/Actualites\/Arthur-rinderknech-a-propos-des-conditions-de-jeu-a-cincinnati-c-est-de-la-survie\/1584275\" target=\"_blank\" rel=\"noopener\" title=\"Nouvelle fen\u00eatre\">L\u2019\u00c9quipe <\/a>apr\u00e8s son 2e tour dans l\u2019Ohio.<\/p>\n<p class=\"asset asset-text\">Lundi, dans le premier set, le Fran\u00e7ais a sauv\u00e9 quatre balles de break sans s\u2019en procurer afin de forcer un tie-break o\u00f9 il a men\u00e9 3-1 avant d\u2019\u00eatre d\u00e9pass\u00e9.<\/p>\n<p class=\"asset asset-text\">En huiti\u00e8mes de finale, Auger-Aliassime affrontera soit le Grec Stefanos Tsitsipas (27\u00a0ans, 29e), soit un autre Fran\u00e7ais, Benjamin Bonzi (29\u00a0ans, 63e).<\/p>\n","protected":false},"excerpt":{"rendered":"MATTHEW STOCKMAN \/ Getty Images via AFP Arthur Rinderknech re\u00e7oit des soins m\u00e9dicaux lors de son match contre&hellip;\n","protected":false},"author":2,"featured_media":312892,"comment_status":"","ping_status":"","sticky":false,"template":"","format":"standard","meta":{"footnotes":""},"categories":[2],"tags":[11,13208,73,1011,27,12,517,1467],"class_list":{"0":"post-312891","1":"post","2":"type-post","3":"status-publish","4":"format-standard","5":"has-post-thumbnail","7":"category-actualites","8":"tag-actualites","9":"tag-chaleur","10":"tag-etats-unis","11":"tag-fr","12":"tag-france","13":"tag-news","14":"tag-sport","15":"tag-tennis"},"share_on_mastodon":{"url":"https:\/\/pubeurope.com\/@fr\/115013285753935862","error":""},"_links":{"self":[{"href":"https:\/\/www.europesays.com\/fr\/wp-json\/wp\/v2\/posts\/312891","targetHints":{"allow":["GET"]}}],"collection":[{"href":"https:\/\/www.europesays.com\/fr\/wp-json\/wp\/v2\/posts"}],"about":[{"href":"https:\/\/www.europesays.com\/fr\/wp-json\/wp\/v2\/types\/post"}],"author":[{"embeddable":true,"href":"https:\/\/www.europesays.com\/fr\/wp-json\/wp\/v2\/users\/2"}],"replies":[{"embeddable":true,"href":"https:\/\/www.europesays.com\/fr\/wp-json\/wp\/v2\/comments?post=312891"}],"version-history":[{"count":0,"href":"https:\/\/www.europesays.com\/fr\/wp-json\/wp\/v2\/posts\/312891\/revisions"}],"wp:featuredmedia":[{"embeddable":true,"href":"https:\/\/www.europesays.com\/fr\/wp-json\/wp\/v2\/media\/312892"}],"wp:attachment":[{"href":"https:\/\/www.europesays.com\/fr\/wp-json\/wp\/v2\/media?parent=312891"}],"wp:term":[{"taxonomy":"category","embeddable":true,"href":"https:\/\/www.europesays.com\/fr\/wp-json\/wp\/v2\/categories?post=312891"},{"taxonomy":"post_tag","embeddable":true,"href":"https:\/\/www.europesays.com\/fr\/wp-json\/wp\/v2\/tags?post=312891"}],"curies":[{"name":"wp","href":"https:\/\/api.w.org\/{rel}","templated":true}]}}