{"id":312895,"date":"2025-08-12T01:51:13","date_gmt":"2025-08-12T01:51:13","guid":{"rendered":"https:\/\/www.europesays.com\/fr\/312895\/"},"modified":"2025-08-12T01:51:13","modified_gmt":"2025-08-12T01:51:13","slug":"saint-etienne-dans-le-top-10-des-villes-les-plus-moches-de-france","status":"publish","type":"post","link":"https:\/\/www.europesays.com\/fr\/312895\/","title":{"rendered":"SAINT-\u00c9TIENNE DANS LE TOP 10 DES VILLES LES PLUS MOCHES DE FRANCE"},"content":{"rendered":"<p>                <a href=\"https:\/\/cadenceradio.fr\" target=\"_blank\" aria-label=\"Banni\u00e8re Cadence 2025\" rel=\"nofollow noopener\"><img loading=\"lazy\" decoding=\"async\" src=\"https:\/\/www.europesays.com\/fr\/wp-content\/uploads\/2025\/07\/Banniere-Cadence-2025-scaled.jpg\" alt=\"\"   width=\"2560\" height=\"738\"\/><\/a><\/p>\n<p>Ces jugements, souvent controvers\u00e9s, r\u00e9v\u00e8lent des probl\u00e9matiques profondes d\u2019urbanisme, d\u2019architecture et d\u2019am\u00e9nagement du territoire qui m\u00e9ritent une analyse nuanc\u00e9e. <strong><a href=\"https:\/\/www.homeexchange.fr\/blog\/villes-plus-moches-france\/#:~:text=1%20%2D%20Saint%2DEtienne%20%3A%20l&#039;ancienne%20cit\u00e9%20industrielle%20et%20mini\u00e8re,-Nich\u00e9e%20au%20c\u0153ur&amp;text=Saint%2DEtienne%20se%20classe%20comme,plus%20moche%20de%20france%202024.\" target=\"_blank\" rel=\"noreferrer noopener nofollow\">Le classement de ces destinations moins favoris\u00e9es s\u2019appuie sur diff\u00e9rents crit\u00e8res : pollution visuelle, architecture industrielle vieillissante, espaces publics d\u00e9grad\u00e9s ou encore manque d\u2019harmonie urbaine<\/a><\/strong>. N\u00e9anmoins, chacune de ces cit\u00e9s poss\u00e8de des atouts souvent m\u00e9connus qui peuvent surprendre les visiteurs.<\/p>\n<p>Saint-\u00c9tienne : l\u2019h\u00e9ritage industriel en mutation<\/p>\n<p>La cit\u00e9 lig\u00e9rienne figure r\u00e9guli\u00e8rement en t\u00eate des classements peu flatteurs, h\u00e9ritant d\u2019un pass\u00e9 industriel qui a marqu\u00e9 durablement son paysage urbain. Cette ancienne capitale de la mine et de l\u2019acier porte encore les stigmates de sa reconversion \u00e9conomique, avec des quartiers marqu\u00e9s par la d\u00e9sindustrialisation.<\/p>\n<p>Pourtant, Saint-\u00c9tienne r\u00e9v\u00e8le des tr\u00e9sors cach\u00e9s pour qui sait les chercher. Le mus\u00e9e d\u2019art moderne et contemporain abrite une vaste collection remarquable, tandis que le mus\u00e9e de la mine offre un aper\u00e7u fascinant de l\u2019histoire r\u00e9gionale. La Cit\u00e9 du Design symbolise parfaitement cette renaissance culturelle de la ville.<\/p>\n<p>Charleville-M\u00e9zi\u00e8res : au-del\u00e0 de la premi\u00e8re impression<\/p>\n<p>Cette pr\u00e9fecture ardennaise peine \u00e0 s\u00e9duire les visiteurs, souvent confront\u00e9s \u00e0 un sentiment de tristesse et de d\u00e9solation. L\u2019architecture moderne de certains quartiers contraste brutalement avec le patrimoine historique local, cr\u00e9ant une impression d\u2019h\u00e9t\u00e9rog\u00e9n\u00e9it\u00e9 troublante.<\/p>\n<p>La ville dispose pourtant d\u2019alternatives attractives dans sa r\u00e9gion. Reims, avec son patrimoine historique exceptionnel, ou Sedan et son imposante forteresse, offrent des d\u00e9couvertes enrichissantes \u00e0 proximit\u00e9 pour les voyageurs en qu\u00eate d\u2019authenticit\u00e9.<\/p>\n<p>Tourcoing : les vestiges du textile en qu\u00eate de renouveau<\/p>\n<p>Ancienne cit\u00e9 industrielle textile \u00e0 la fronti\u00e8re belge, Tourcoing a perdu son \u00e9clat d\u2019antan, ses rues t\u00e9moignant d\u2019une certaine morosit\u00e9 avec des b\u00e2timents souvent d\u00e9labr\u00e9s. La reconversion post-industrielle s\u2019av\u00e8re complexe pour cette commune du Nord qui peine \u00e0 red\u00e9finir son identit\u00e9.<\/p>\n<p>Malgr\u00e9 ces difficult\u00e9s, la ville tente de se moderniser et de retrouver une attractivit\u00e9, notamment en valorisant son patrimoine architectural et en d\u00e9veloppant de nouveaux projets urbains.<\/p>\n<p>Le ph\u00e9nom\u00e8ne de la \u00ab\u00a0France moche\u00a0\u00bb officialis\u00e9e<\/p>\n<p>L\u2019association Paysages de France d\u00e9cerne annuellement le Prix de la France moche, distinctions qui visent \u00e0 sensibiliser sur la pollution visuelle plut\u00f4t qu\u2019\u00e0 stigmatiser. En 2024, plusieurs villes ont \u00e9t\u00e9 distingu\u00e9es, notamment pour la prolif\u00e9ration de panneaux publicitaires et d\u2019enseignes commerciales qui d\u00e9naturent leurs paysages.<\/p>\n<p>Honfleur, malgr\u00e9 la beaut\u00e9 de ses sites historiques, figure dans ce palmar\u00e8s en raison des nombreuses banni\u00e8res commerciales qui perturbent l\u2019harmonie visuelle de la cit\u00e9 normande. Cette situation illustre parfaitement le conflit entre d\u00e9veloppement \u00e9conomique local et pr\u00e9servation patrimoniale.<\/p>\n<p>Des initiatives pour reconqu\u00e9rir l\u2019attractivit\u00e9<\/p>\n<p>Face \u00e0 ces constats, de nombreuses communes engagent des strat\u00e9gies de requalification urbaine. Ces d\u00e9marches passent par la r\u00e9novation des centres-villes, la cr\u00e9ation d\u2019espaces verts, la valorisation du patrimoine existant et la r\u00e9gulation de l\u2019affichage publicitaire.<\/p>\n<p>Les politiques de redynamisation s\u2019appuient \u00e9galement sur le d\u00e9veloppement culturel et touristique, permettant de r\u00e9v\u00e9ler des potentiels insoup\u00e7onn\u00e9s. Mus\u00e9es sp\u00e9cialis\u00e9s, \u00e9v\u00e9nements culturels et mise en valeur de l\u2019histoire locale constituent autant de leviers pour transformer l\u2019image de ces territoires.<\/p>\n<p>Regarder au-del\u00e0 des pr\u00e9jug\u00e9s esth\u00e9tiques<\/p>\n<p>Ces classements, bien qu\u2019ils puissent para\u00eetre s\u00e9v\u00e8res, r\u00e9v\u00e8lent l\u2019importance croissante accord\u00e9e au cadre de vie et \u00e0 l\u2019esth\u00e9tique urbaine. Ils constituent \u00e9galement une opportunit\u00e9 de r\u00e9flexion sur les choix d\u2019am\u00e9nagement et leurs cons\u00e9quences \u00e0 long terme.<\/p>\n<p>Il convient cependant de nuancer ces jugements h\u00e2tifs. Chaque ville poss\u00e8de sa propre histoire, ses d\u00e9fis sp\u00e9cifiques et ses ressources particuli\u00e8res. La beaut\u00e9 urbaine ne se r\u00e9sume pas aux seuls crit\u00e8res architecturaux, mais englobe \u00e9galement la qualit\u00e9 de vie, l\u2019animation culturelle et la chaleur humaine de ses habitants.<\/p>\n<p>L\u2019enjeu consiste d\u00e9sormais \u00e0 concilier d\u00e9veloppement \u00e9conomique, pr\u00e9servation patrimoniale et qualit\u00e9 esth\u00e9tique, pour offrir aux r\u00e9sidents comme aux visiteurs des environnements urbains harmonieux et attractifs.<\/p>\n","protected":false},"excerpt":{"rendered":"Ces jugements, souvent controvers\u00e9s, r\u00e9v\u00e8lent des probl\u00e9matiques profondes d\u2019urbanisme, d\u2019architecture et d\u2019am\u00e9nagement du territoire qui m\u00e9ritent une analyse&hellip;\n","protected":false},"author":2,"featured_media":312896,"comment_status":"","ping_status":"","sticky":false,"template":"","format":"standard","meta":{"footnotes":""},"categories":[9653],"tags":[1111,11,2430,1777,674,1011,27,3367,12,25,4001],"class_list":{"0":"post-312895","1":"post","2":"type-post","3":"status-publish","4":"format-standard","5":"has-post-thumbnail","7":"category-saint-etienne","8":"tag-actu","9":"tag-actualites","10":"tag-auvergne-rhone-alpes","11":"tag-eu","12":"tag-europe","13":"tag-fr","14":"tag-france","15":"tag-loire","16":"tag-news","17":"tag-republique-francaise","18":"tag-saint-etienne"},"share_on_mastodon":{"url":"https:\/\/pubeurope.com\/@fr\/115013293387832738","error":""},"_links":{"self":[{"href":"https:\/\/www.europesays.com\/fr\/wp-json\/wp\/v2\/posts\/312895","targetHints":{"allow":["GET"]}}],"collection":[{"href":"https:\/\/www.europesays.com\/fr\/wp-json\/wp\/v2\/posts"}],"about":[{"href":"https:\/\/www.europesays.com\/fr\/wp-json\/wp\/v2\/types\/post"}],"author":[{"embeddable":true,"href":"https:\/\/www.europesays.com\/fr\/wp-json\/wp\/v2\/users\/2"}],"replies":[{"embeddable":true,"href":"https:\/\/www.europesays.com\/fr\/wp-json\/wp\/v2\/comments?post=312895"}],"version-history":[{"count":0,"href":"https:\/\/www.europesays.com\/fr\/wp-json\/wp\/v2\/posts\/312895\/revisions"}],"wp:featuredmedia":[{"embeddable":true,"href":"https:\/\/www.europesays.com\/fr\/wp-json\/wp\/v2\/media\/312896"}],"wp:attachment":[{"href":"https:\/\/www.europesays.com\/fr\/wp-json\/wp\/v2\/media?parent=312895"}],"wp:term":[{"taxonomy":"category","embeddable":true,"href":"https:\/\/www.europesays.com\/fr\/wp-json\/wp\/v2\/categories?post=312895"},{"taxonomy":"post_tag","embeddable":true,"href":"https:\/\/www.europesays.com\/fr\/wp-json\/wp\/v2\/tags?post=312895"}],"curies":[{"name":"wp","href":"https:\/\/api.w.org\/{rel}","templated":true}]}}