{"id":312897,"date":"2025-08-12T01:53:18","date_gmt":"2025-08-12T01:53:18","guid":{"rendered":"https:\/\/www.europesays.com\/fr\/312897\/"},"modified":"2025-08-12T01:53:18","modified_gmt":"2025-08-12T01:53:18","slug":"irez-vous-regarder-les-deux-spectacles","status":"publish","type":"post","link":"https:\/\/www.europesays.com\/fr\/312897\/","title":{"rendered":"irez-vous regarder les deux spectacles ?"},"content":{"rendered":"<p>Le match Metz\/Nancy se joue plus qu&rsquo;autour du foot, de la mirabelle ou du plus beau centre-ville&#8230; Ev\u00e9nements de l&rsquo;\u00e9t\u00e9, les mappings sont aussi entr\u00e9s dans le derby Metz\/Nancy. Ces spectacles gratuits, formidables outils d\u2019attractivit\u00e9 pour faire d\u00e9couvrir autrement le patrimoine, sont pris\u00e9s des locaux comme des touristes. Cet \u00e9t\u00e9, envisagez-vous de d\u00e9couvrir les deux cr\u00e9ations,\u00a0Morphing Architecture \u00e0 Nancy et Terraforma \u00e0 Metz ?<\/p>\n<p>&#13;<br \/>\n              Le R\u00e9publicain Lorrain  &#8211; &#13;<br \/>\n        &#13;<br \/>\n          Hier \u00e0 17:00&#13;<br \/>\n    &#13;<br \/>\n                  | mis \u00e0 jour hier \u00e0 17:57&#13;<br \/>\n              &#8211; Temps de lecture : &#13;<br \/>\n  &#13;\n<\/p>\n<p>                        &#13;<br \/>\n    &#13;<br \/>\n    &#13;<br \/>\n    <a href=\"https:\/\/cdn-s-www.republicain-lorrain.fr\/images\/C9413AB1-89C4-4993-A71E-B54D2F76F2C7\/NW_raw\/le-mapping-monumental-de-la-belle-saison-sur-la-place-stanislas-en-cet-ete-2025-morphing-architecture-photo-alexandre-marchi-1754914169.jpg\" title=\"Le mapping monumental de La Belle Saison, sur la place Stanislas en cet \u00e9t\u00e9 2025, Morphing Architecture. Photo Alexandre Marchi\" class=\"chocolat-image GA-tracking\" data-ga_type=\"click\" data-ga_category=\"D\u00e9tail\" data-ga_action=\"zoomer\" data-ga_label=\"aggrandir image\" target=\"_blank\" rel=\"noopener\">&#13;<br \/>\n        <img src=\"https:\/\/www.europesays.com\/fr\/wp-content\/uploads\/2025\/08\/le-mapping-monumental-de-la-belle-saison-sur-la-place-stanislas-en-cet-ete-2025-morphing-architectur.jpeg\"   alt=\"Le mapping monumental de La Belle Saison, sur la place Stanislas en cet \u00e9t\u00e9 2025, Morphing Architecture. Photo Alexandre Marchi\" fetchpriority=\"high\" decoding=\"async\" data-mobile=\"NW_detail_M|1754914169\" data-base=\"NW_detail|1754914169\"\/>&#13;<br \/>\n    <\/a>&#13;<\/p>\n<p>Le mapping monumental de La Belle Saison, sur la place Stanislas en cet \u00e9t\u00e9 2025, Morphing Architecture. Photo Alexandre Marchi<\/p>\n","protected":false},"excerpt":{"rendered":"Le match Metz\/Nancy se joue plus qu&rsquo;autour du foot, de la mirabelle ou du plus beau centre-ville&#8230; Ev\u00e9nements&hellip;\n","protected":false},"author":2,"featured_media":312898,"comment_status":"","ping_status":"","sticky":false,"template":"","format":"standard","meta":{"footnotes":""},"categories":[9635],"tags":[1111,11,1687,5598,7162,1777,674,1011,27,775,6212,1702,12,25,5995],"class_list":{"0":"post-312897","1":"post","2":"type-post","3":"status-publish","4":"format-standard","5":"has-post-thumbnail","7":"category-nancy","8":"tag-actu","9":"tag-actualites","10":"tag-culture-loisirs","11":"tag-edition-metz-et-agglomeration","12":"tag-edition-thionville-hayange","13":"tag-eu","14":"tag-europe","15":"tag-fr","16":"tag-france","17":"tag-grand-est","18":"tag-metz","19":"tag-nancy","20":"tag-news","21":"tag-republique-francaise","22":"tag-vote"},"share_on_mastodon":{"url":"https:\/\/pubeurope.com\/@fr\/115013301190003164","error":""},"_links":{"self":[{"href":"https:\/\/www.europesays.com\/fr\/wp-json\/wp\/v2\/posts\/312897","targetHints":{"allow":["GET"]}}],"collection":[{"href":"https:\/\/www.europesays.com\/fr\/wp-json\/wp\/v2\/posts"}],"about":[{"href":"https:\/\/www.europesays.com\/fr\/wp-json\/wp\/v2\/types\/post"}],"author":[{"embeddable":true,"href":"https:\/\/www.europesays.com\/fr\/wp-json\/wp\/v2\/users\/2"}],"replies":[{"embeddable":true,"href":"https:\/\/www.europesays.com\/fr\/wp-json\/wp\/v2\/comments?post=312897"}],"version-history":[{"count":0,"href":"https:\/\/www.europesays.com\/fr\/wp-json\/wp\/v2\/posts\/312897\/revisions"}],"wp:featuredmedia":[{"embeddable":true,"href":"https:\/\/www.europesays.com\/fr\/wp-json\/wp\/v2\/media\/312898"}],"wp:attachment":[{"href":"https:\/\/www.europesays.com\/fr\/wp-json\/wp\/v2\/media?parent=312897"}],"wp:term":[{"taxonomy":"category","embeddable":true,"href":"https:\/\/www.europesays.com\/fr\/wp-json\/wp\/v2\/categories?post=312897"},{"taxonomy":"post_tag","embeddable":true,"href":"https:\/\/www.europesays.com\/fr\/wp-json\/wp\/v2\/tags?post=312897"}],"curies":[{"name":"wp","href":"https:\/\/api.w.org\/{rel}","templated":true}]}}