{"id":312899,"date":"2025-08-12T01:55:30","date_gmt":"2025-08-12T01:55:30","guid":{"rendered":"https:\/\/www.europesays.com\/fr\/312899\/"},"modified":"2025-08-12T01:55:30","modified_gmt":"2025-08-12T01:55:30","slug":"hausse-moderee-des-prix-entre-juillet-et-aou%cc%82t-2025","status":"publish","type":"post","link":"https:\/\/www.europesays.com\/fr\/312899\/","title":{"rendered":"hausse mode\u0301re\u0301e des prix entre juillet et aou\u0302t 2025"},"content":{"rendered":"<p><strong>Le march\u00e9 immobilier toulonnais affiche une progression mesur\u00e9e au cours de l&rsquo;\u00e9t\u00e9 2025. Entre juillet et ao\u00fbt, les prix \u00e0 l&rsquo;achat et les loyers ont enregistr\u00e9 une hausse g\u00e9n\u00e9ralis\u00e9e mais contenue, t\u00e9moignant d&rsquo;une certaine stabilit\u00e9 du march\u00e9 dans la pr\u00e9fecture du Var.<\/strong><\/p>\n<p>Le march\u00e9 de l&rsquo;achat immobilier \u00e0 Toulon pr\u00e9sente une tendance haussi\u00e8re homog\u00e8ne sur la p\u00e9riode observ\u00e9e. Les appartements, qui repr\u00e9sentent la majorit\u00e9 des transactions dans cette ville m\u00e9diterran\u00e9enne, ont vu leur prix moyen progresser de 3\u00a0095\u00a0euros par m\u00e8tre carr\u00e9 en juillet \u00e0 3\u00a0130\u00a0euros par m\u00e8tre carr\u00e9 en ao\u00fbt, soit une augmentation de 35\u00a0euros par m\u00e8tre carr\u00e9. Cette hausse de 1,13% refl\u00e8te une demande soutenue dans le secteur de l&rsquo;habitat collectif.<\/p>\n<p>Du c\u00f4t\u00e9 des maisons individuelles, l&rsquo;\u00e9volution suit une trajectoire similaire avec des prix passant de 4\u00a0353\u00a0euros par m\u00e8tre carr\u00e9 \u00e0 4\u00a0385\u00a0euros par m\u00e8tre carr\u00e9, marquant une progression de 32\u00a0euros par m\u00e8tre carr\u00e9. Cette augmentation de 0,73% confirme l&rsquo;attrait persistant pour l&rsquo;habitat individuel dans l&rsquo;agglom\u00e9ration toulonnaise, malgr\u00e9 des niveaux de prix d\u00e9j\u00e0 \u00e9lev\u00e9s qui placent les maisons pr\u00e8s de 1\u00a0255\u00a0euros par m\u00e8tre carr\u00e9 au-dessus des appartements.<\/p>\n","protected":false},"excerpt":{"rendered":"Le march\u00e9 immobilier toulonnais affiche une progression mesur\u00e9e au cours de l&rsquo;\u00e9t\u00e9 2025. Entre juillet et ao\u00fbt, les&hellip;\n","protected":false},"author":2,"featured_media":312900,"comment_status":"","ping_status":"","sticky":false,"template":"","format":"standard","meta":{"footnotes":""},"categories":[9619],"tags":[1111,11,1777,674,1011,27,12,882,25,2310],"class_list":{"0":"post-312899","1":"post","2":"type-post","3":"status-publish","4":"format-standard","5":"has-post-thumbnail","7":"category-toulon","8":"tag-actu","9":"tag-actualites","10":"tag-eu","11":"tag-europe","12":"tag-fr","13":"tag-france","14":"tag-news","15":"tag-provence-alpes-cote-dazur","16":"tag-republique-francaise","17":"tag-toulon"},"share_on_mastodon":{"url":"https:\/\/pubeurope.com\/@fr\/115013309094693711","error":""},"_links":{"self":[{"href":"https:\/\/www.europesays.com\/fr\/wp-json\/wp\/v2\/posts\/312899","targetHints":{"allow":["GET"]}}],"collection":[{"href":"https:\/\/www.europesays.com\/fr\/wp-json\/wp\/v2\/posts"}],"about":[{"href":"https:\/\/www.europesays.com\/fr\/wp-json\/wp\/v2\/types\/post"}],"author":[{"embeddable":true,"href":"https:\/\/www.europesays.com\/fr\/wp-json\/wp\/v2\/users\/2"}],"replies":[{"embeddable":true,"href":"https:\/\/www.europesays.com\/fr\/wp-json\/wp\/v2\/comments?post=312899"}],"version-history":[{"count":0,"href":"https:\/\/www.europesays.com\/fr\/wp-json\/wp\/v2\/posts\/312899\/revisions"}],"wp:featuredmedia":[{"embeddable":true,"href":"https:\/\/www.europesays.com\/fr\/wp-json\/wp\/v2\/media\/312900"}],"wp:attachment":[{"href":"https:\/\/www.europesays.com\/fr\/wp-json\/wp\/v2\/media?parent=312899"}],"wp:term":[{"taxonomy":"category","embeddable":true,"href":"https:\/\/www.europesays.com\/fr\/wp-json\/wp\/v2\/categories?post=312899"},{"taxonomy":"post_tag","embeddable":true,"href":"https:\/\/www.europesays.com\/fr\/wp-json\/wp\/v2\/tags?post=312899"}],"curies":[{"name":"wp","href":"https:\/\/api.w.org\/{rel}","templated":true}]}}