{"id":312930,"date":"2025-08-12T02:19:11","date_gmt":"2025-08-12T02:19:11","guid":{"rendered":"https:\/\/www.europesays.com\/fr\/312930\/"},"modified":"2025-08-12T02:19:11","modified_gmt":"2025-08-12T02:19:11","slug":"pres-de-lyon-les-gendarmes-font-une-surprenante-decouverte-dans-un-garage-de-cette-commune","status":"publish","type":"post","link":"https:\/\/www.europesays.com\/fr\/312930\/","title":{"rendered":"Pr\u00e8s de Lyon. Les gendarmes font une surprenante d\u00e9couverte dans un garage de cette commune"},"content":{"rendered":"<p>            Par<br \/>\n        <strong><br \/>\n            <a href=\"https:\/\/actu.fr\/auteur\/emma-ressegaire\" title=\"Consulter tous les articles de Emma Ressegaire\" rel=\"nofollow noopener\" target=\"_blank\">Emma Ressegaire<\/a><br \/>\n        <\/strong><\/p>\n<p>        Publi\u00e9 le<\/p>\n<p>            11 ao\u00fbt 2025 \u00e0 17h10<br \/>\n        ; mis \u00e0 jour le 11 ao\u00fbt 2025 \u00e0 17h11    <\/p>\n<p>Les gendarmes du <a href=\"https:\/\/actu.fr\/auvergne-rhone-alpes\/rhone_69\" rel=\"nofollow noopener\" target=\"_blank\">Rh\u00f4ne<\/a> ont fait <strong>une belle prise<\/strong> le vendredi 8 ao\u00fbt dernier.\u00a0Le matin, une victime se pr\u00e9sente \u00e0 la brigade de gendarmerie de Neuville-sur-Sa\u00f4ne pour d\u00e9poser plainte suite au <strong>vol de son v\u00e9lo<\/strong>.<\/p>\n<p>Investigations sur des sites internet<\/p>\n<p class=\" wall-content\">Les gendarmes proc\u00e8dent donc \u00e0 des investigations sur Internet et notamment sur les <strong>sites de vente de particulier \u00e0 particulier<\/strong>.<\/p>\n<p class=\" wall-content\">Dans l\u2019apr\u00e8s-midi, <strong>gr\u00e2ce aux informations et aux photos fournies<\/strong> par la victime, les gendarmes r\u00e9ussissent \u00e0 identifier le receleur comme l\u2019explique la gendarmerie du Rh\u00f4ne sur ses r\u00e9seaux sociaux.<\/p>\n<p>    <a href=\"https:\/\/www.facebook.com\/plugins\/post.php?href=https%3A%2F%2Fwww.facebook.com%2Fgendarmeriedurhone%2Fposts%2Fpfbid02Zacpy8hPh8mVS5H35PBfS2AhBt8ms6oR2nRU6ya44rWM2asGCHnJGSSJ7F4QX3E5l&amp;show_text=true&amp;width=350\" title=\"Ouvrie le lien\" rel=\"nofollow noopener\" target=\"_blank\">Cliquez ici pour visualiser le contenu<\/a><\/p>\n<p>Une dizaine de v\u00e9los vol\u00e9s<\/p>\n<p class=\" wall-content\">Ces derniers se <strong>rendent donc au domicile du receleur<\/strong>, \u00e0 D\u00e9cines-Charpieu. Ils d\u00e9couvrent, dans un box en sous-sol, une dizaine de v\u00e9los vol\u00e9s dont celui de la victime venue d\u00e9poser plainte le matin m\u00eame.<\/p>\n<p class=\" wall-content\">L\u2019enqu\u00eate se poursuit pour <strong>restituer les autres v\u00e9los \u00e0 leurs propri\u00e9taires<\/strong>.<\/p>\n<p class=\" wall-content\">Dans un post sur les r\u00e9seaux sociaux, la gendarmerie du Rh\u00f4ne rappelle \u00ab\u00a0<strong>l\u2019importance de faire identifier vos v\u00e9los<\/strong> afin de permettre une restitution plus rapide\u00a0\u00bb.<\/p>\n<p class=\" wall-content\">Suivez toute l\u2019actualit\u00e9 de vos villes et m\u00e9dias favoris en vous inscrivant \u00e0 <a href=\"https:\/\/moncompte.actu.fr\" title=\"D\u00e9couvez Mon Actu\" rel=\"nofollow noopener\" data-trk=\"{&quot;cta&quot;:{&quot;action&quot;:&quot;https:\\\/\\\/moncompte.actu.fr&quot;,&quot;category&quot;:&quot;mon compte&quot;,&quot;from&quot;:&quot;article footer&quot;,&quot;name&quot;:&quot;Mon actu&quot;,&quot;type&quot;:&quot;cta&quot;}}\" target=\"_blank\">Mon Actu<\/a>.<\/p>\n","protected":false},"excerpt":{"rendered":"Par Emma Ressegaire Publi\u00e9 le 11 ao\u00fbt 2025 \u00e0 17h10 ; mis \u00e0 jour le 11 ao\u00fbt 2025&hellip;\n","protected":false},"author":2,"featured_media":312931,"comment_status":"","ping_status":"","sticky":false,"template":"","format":"standard","meta":{"footnotes":""},"categories":[1889],"tags":[1111,11,2430,1777,674,118,1011,27,3381,2428,12,25,208],"class_list":{"0":"post-312930","1":"post","2":"type-post","3":"status-publish","4":"format-standard","5":"has-post-thumbnail","7":"category-lyon","8":"tag-actu","9":"tag-actualites","10":"tag-auvergne-rhone-alpes","11":"tag-eu","12":"tag-europe","13":"tag-faits-divers","14":"tag-fr","15":"tag-france","16":"tag-gendarmerie","17":"tag-lyon","18":"tag-news","19":"tag-republique-francaise","20":"tag-velo"},"share_on_mastodon":{"url":"https:\/\/pubeurope.com\/@fr\/115013403568918906","error":""},"_links":{"self":[{"href":"https:\/\/www.europesays.com\/fr\/wp-json\/wp\/v2\/posts\/312930","targetHints":{"allow":["GET"]}}],"collection":[{"href":"https:\/\/www.europesays.com\/fr\/wp-json\/wp\/v2\/posts"}],"about":[{"href":"https:\/\/www.europesays.com\/fr\/wp-json\/wp\/v2\/types\/post"}],"author":[{"embeddable":true,"href":"https:\/\/www.europesays.com\/fr\/wp-json\/wp\/v2\/users\/2"}],"replies":[{"embeddable":true,"href":"https:\/\/www.europesays.com\/fr\/wp-json\/wp\/v2\/comments?post=312930"}],"version-history":[{"count":0,"href":"https:\/\/www.europesays.com\/fr\/wp-json\/wp\/v2\/posts\/312930\/revisions"}],"wp:featuredmedia":[{"embeddable":true,"href":"https:\/\/www.europesays.com\/fr\/wp-json\/wp\/v2\/media\/312931"}],"wp:attachment":[{"href":"https:\/\/www.europesays.com\/fr\/wp-json\/wp\/v2\/media?parent=312930"}],"wp:term":[{"taxonomy":"category","embeddable":true,"href":"https:\/\/www.europesays.com\/fr\/wp-json\/wp\/v2\/categories?post=312930"},{"taxonomy":"post_tag","embeddable":true,"href":"https:\/\/www.europesays.com\/fr\/wp-json\/wp\/v2\/tags?post=312930"}],"curies":[{"name":"wp","href":"https:\/\/api.w.org\/{rel}","templated":true}]}}