{"id":312934,"date":"2025-08-12T02:23:12","date_gmt":"2025-08-12T02:23:12","guid":{"rendered":"https:\/\/www.europesays.com\/fr\/312934\/"},"modified":"2025-08-12T02:23:12","modified_gmt":"2025-08-12T02:23:12","slug":"10-mois-de-prison-ferme-pour-lun-des-deux-agresseurs","status":"publish","type":"post","link":"https:\/\/www.europesays.com\/fr\/312934\/","title":{"rendered":"10 mois de prison ferme pour l&rsquo;un des deux agresseurs"},"content":{"rendered":"<p class=\"article__intro\">Les deux hommes qui ont agress\u00e9 des vigiles dans le centre-ville de Reims vendredi 8 ao\u00fbt en plein apr\u00e8s-midi, rue de Vesles, ont \u00e9t\u00e9 condamn\u00e9s \u00e0 des peines d&#8217;emprisonnement. Le plus jeune \u00e9cope de 10 mois ferme.<\/p>\n<p>\n      La Quotidienne Soci\u00e9t\u00e9\n    <\/p>\n<p>\n      De la vie quotidienne aux grands enjeux, recevez tous les jours les sujets qui font la soci\u00e9t\u00e9 locale, comme la justice, l\u2019\u00e9ducation, la sant\u00e9 et la famille.\n    <\/p>\n<p>    France T\u00e9l\u00e9visions utilise votre adresse e-mail afin de vous envoyer la newsletter \u00ab\u00a0La Quotidienne Soci\u00e9t\u00e9\u00a0\u00bb. Vous pouvez vous d\u00e9sinscrire \u00e0 tout moment via le lien en bas de cette newsletter. <a target=\"_blank\" href=\"https:\/\/www.francetelevisions.fr\/groupe\/confidentialite\/politique-de-confidentialite\/politique-de-confidentialite-de-france-televisions-6503\" rel=\"nofollow noopener\">Notre politique de confidentialit\u00e9<\/a><\/p>\n<p>Les deux hommes de 20 et 27 ans interpell\u00e9s vendredi 8 ao\u00fbt rue de Vesles \u00e0 Reims (Marne) apr\u00e8s des faits de violence devant un magasin Sephora ont \u00e9t\u00e9 jug\u00e9s en comparution imm\u00e9diate ce lundi 11 ao\u00fbt \u00e0 Reims \u00ab\u00a0pour \u2060violences aggrav\u00e9es sur agent de s\u00e9curit\u00e9 et en r\u00e9unions et en r\u00e9cidive pour celui \u00e2g\u00e9 de 20 ans\u00a0\u00bb, selon les termes du procureur.<\/p>\n<p>Les faits se sont d\u00e9roul\u00e9s dans l&rsquo;apr\u00e8s-midi du vendredi 8 ao\u00fbt dans cette art\u00e8re pi\u00e9tonne tr\u00e8s fr\u00e9quent\u00e9e \u00e0 Reims. Ils ont \u00e9t\u00e9 partiellement capt\u00e9es par plusieurs vid\u00e9os qui ont circul\u00e9 sur les r\u00e9seaux sociaux. Sur ces images, on voit plusieurs jeunes femmes tr\u00e8s agressives envers des agents de s\u00e9curit\u00e9 du magasin Sephora. On voit ensuite un homme arriver en courant et donner un violent coup de pied \u00e0 l&rsquo;un des vigiles avant de le frapper \u00e9galement \u00e0 coups de poings. La s\u00e9quence est tr\u00e8s violente. Des faits confirm\u00e9s dimanche 11 ao\u00fbt par le procureur de la r\u00e9publique Fran\u00e7ois Schneider qui pr\u00e9cisaient \u00e9galement que \u00ab\u00a0des femmes, non identifi\u00e9es, auraient\u00a0\u00bb, dans un premier temps, \u00ab\u00a0eu une altercation avec les vigiles car elles \u00e9taient venues voler\u00a0\u00bb le matin m\u00eame. Pour l&rsquo;un des \u00ab\u00a0deux vigiles frapp\u00e9s\u00a0\u00bb, il est recens\u00e9 six jours <a target=\"_blank\" rel=\"noopener nofollow\" href=\"https:\/\/association-aide-victimes-france.fr\/accueil-association-daide-a-lindemnisation-victimes\/lexique-indemnisation-prejudice-corporel\/definition-itt\">d&rsquo;incapacit\u00e9 temporaire totale<\/a> (ITT). Concernant le deuxi\u00e8me, il y en a \u00e9galement mais son chiffre n&rsquo;a pas \u00e9t\u00e9 communiqu\u00e9.<\/p>\n<p>Lors de la comparution imm\u00e9diate, \u00e0 laquelle Amandine Rouve de France 3 Champagne Ardenne a pu assister, deux versions se sont affront\u00e9es. Pour les avocats des pr\u00e9venus, Ma\u00eetres Elisabeth Rota-Gualtieri et Bernard Roussel, les deux hommes sont venues d\u00e9fendre des femmes qui se faisaient agresser. L&rsquo;homme de 20 ans, qui a \u00e9t\u00e9 le plus violent, a, selon son avocate, \u00e9t\u00e9 traumatis\u00e9 par le f\u00e9minicide de sa m\u00e8re par son p\u00e8re alors qu&rsquo;il avait cinq ans, ce qui a pu conditionner son geste impulsif.<\/p>\n<p>La partie civile, repr\u00e9sent\u00e9e par Ma\u00eetre Chlo\u00e9 Di Fatta, s&rsquo;est oppos\u00e9e \u00e0 cette version. Le vigile ne nie pas avoir donner une claque \u00e0 l&rsquo;une des jeunes femmes appartenant \u00e0 la communaut\u00e9 des gens du voyage, pr\u00e9sentes devant le magasin, mais \u00e9voque, en substance, avoir d\u00e9fendu son coll\u00e8gue apr\u00e8s les gestes des jeunes femmes pr\u00e9sentes devant le magasin et avec qui le ton commen\u00e7ait \u00e0 monter. L&rsquo;avocate de la partie civile a aussi indiqu\u00e9 qu&rsquo;on ne pouvait laisser commettre des actes de violence justifi\u00e9s par des \u00ab\u00a0pulsions\u00a0\u00bb, r\u00e9futant ainsi la th\u00e8se de \u00ab\u00a0chevaliers blancs\u00a0\u00bb avanc\u00e9e par la d\u00e9fense. Th\u00e8se \u00e9galement contredite par le procureur g\u00e9n\u00e9ral qui a demand\u00e9 aux pr\u00e9venus : \u00ab\u00a0Si vous veniez pour d\u00e9fendre ces femmes, pourquoi avez-vous pris la fuite ?\u00a0\u00bb<\/p>\n<p>L&rsquo;homme de 20 ans, qui ne comparaissait pas libre, a \u00e9t\u00e9 condamn\u00e9 \u00e0 18 mois d&#8217;emprisonnement (10 mois ferme et 8 mois de sursis probatoire). L&rsquo;homme de 27 ans a \u00e9t\u00e9 condam\u00e9 \u00e0 8 mois avec sursis, avec un sursis probatoire de deux ans.<\/p>\n","protected":false},"excerpt":{"rendered":"Les deux hommes qui ont agress\u00e9 des vigiles dans le centre-ville de Reims vendredi 8 ao\u00fbt en plein&hellip;\n","protected":false},"author":2,"featured_media":312935,"comment_status":"","ping_status":"","sticky":false,"template":"","format":"standard","meta":{"footnotes":""},"categories":[1888],"tags":[1111,1928,11,1927,1777,674,1011,27,12,1926,626,1925,25],"class_list":{"0":"post-312934","1":"post","2":"type-post","3":"status-publish","4":"format-standard","5":"has-post-thumbnail","7":"category-paris","8":"tag-actu","9":"tag-actu-paris","10":"tag-actualites","11":"tag-actualites-paris","12":"tag-eu","13":"tag-europe","14":"tag-fr","15":"tag-france","16":"tag-news","17":"tag-news-paris","18":"tag-paris","19":"tag-paris-news","20":"tag-republique-francaise"},"share_on_mastodon":{"url":"https:\/\/pubeurope.com\/@fr\/115013419218494929","error":""},"_links":{"self":[{"href":"https:\/\/www.europesays.com\/fr\/wp-json\/wp\/v2\/posts\/312934","targetHints":{"allow":["GET"]}}],"collection":[{"href":"https:\/\/www.europesays.com\/fr\/wp-json\/wp\/v2\/posts"}],"about":[{"href":"https:\/\/www.europesays.com\/fr\/wp-json\/wp\/v2\/types\/post"}],"author":[{"embeddable":true,"href":"https:\/\/www.europesays.com\/fr\/wp-json\/wp\/v2\/users\/2"}],"replies":[{"embeddable":true,"href":"https:\/\/www.europesays.com\/fr\/wp-json\/wp\/v2\/comments?post=312934"}],"version-history":[{"count":0,"href":"https:\/\/www.europesays.com\/fr\/wp-json\/wp\/v2\/posts\/312934\/revisions"}],"wp:featuredmedia":[{"embeddable":true,"href":"https:\/\/www.europesays.com\/fr\/wp-json\/wp\/v2\/media\/312935"}],"wp:attachment":[{"href":"https:\/\/www.europesays.com\/fr\/wp-json\/wp\/v2\/media?parent=312934"}],"wp:term":[{"taxonomy":"category","embeddable":true,"href":"https:\/\/www.europesays.com\/fr\/wp-json\/wp\/v2\/categories?post=312934"},{"taxonomy":"post_tag","embeddable":true,"href":"https:\/\/www.europesays.com\/fr\/wp-json\/wp\/v2\/tags?post=312934"}],"curies":[{"name":"wp","href":"https:\/\/api.w.org\/{rel}","templated":true}]}}