{"id":312941,"date":"2025-08-12T02:27:15","date_gmt":"2025-08-12T02:27:15","guid":{"rendered":"https:\/\/www.europesays.com\/fr\/312941\/"},"modified":"2025-08-12T02:27:15","modified_gmt":"2025-08-12T02:27:15","slug":"russie-4-a-7-ans-de-detention-contre-10-temoins-de-jehovah-requis-par-le-parquet","status":"publish","type":"post","link":"https:\/\/www.europesays.com\/fr\/312941\/","title":{"rendered":"RUSSIE, 4 \u00e0 7 ans de d\u00e9tention contre 10 T\u00e9moins de J\u00e9hovah requis par le parquet"},"content":{"rendered":"<p>Fran\u00e7ais Le 6 ao\u00fbt 2025, lors d&rsquo;un d\u00e9bat au tribunal du district de Komsomolsky du territoire de Khabarovsk, le procureur a requis la peine de 10 T\u00e9moins de J\u00e9hovah. Les croyants Mikha\u00efl Dorofeev, Nikola\u00ef Kovadnev et Radion Chitov, accus\u00e9s en vertu de la partie 1 de l&rsquo;article 282.2 du Code p\u00e9nal (organisation des activit\u00e9s d&rsquo;une organisation extr\u00e9miste), le procureur a requis sept ans de prison, et les autres accus\u00e9s dans l&rsquo;affaire &#8211; les \u00e9poux Ulita et Sergei Sachnev, Irina Bondareva et son fils Vasily, Marina Voitko, Ivan Nikitine et Svetlana Zharkova &#8211; quatre ans de prison en vertu de la partie 2 de l&rsquo;article 282.2 du Code p\u00e9nal (participation aux activit\u00e9s d&rsquo;une organisation extr\u00e9miste).<\/p>\n<p>L&rsquo;enqu\u00eate p\u00e9nale a \u00e9t\u00e9 ouverte le 4 mai 2023. Le 25 mai de la m\u00eame ann\u00e9e, des perquisitions massives ont eu lieu chez des T\u00e9moins de J\u00e9hovah \u00e0 Komsomolsk-sur-l&rsquo;Amour. Selon l&rsquo;enqu\u00eate, les fid\u00e8les ont tenu des r\u00e9unions religieuses, des discours et des services religieux, notamment via Zoom. L&rsquo;affaire a \u00e9t\u00e9 port\u00e9e devant le tribunal en octobre 2024.<\/p>\n<p class=\"gt-block\">Les T\u00e9moins de J\u00e9hovah sont accus\u00e9s d&rsquo;\u00eatre impliqu\u00e9s dans les activit\u00e9s d&rsquo;une organisation extr\u00e9miste en raison du fait qu&rsquo;en avril 2017, la Cour supr\u00eame de Russie\u00a0<a href=\"http:\/\/www.sova-center.ru\/misuse\/news\/persecution\/2017\/04\/d36871\/\" rel=\"nofollow noopener\" target=\"_blank\"><strong>d\u00e9cid\u00e9<\/strong><strong>\u00a0<\/strong><\/a>de reconna\u00eetre le Centre de gestion des T\u00e9moins de J\u00e9hovah en Russie et 395 organisations religieuses locales comme extr\u00e9mistes.<\/p>\n<p class=\"gt-block\">Cette d\u00e9cision, qui a entra\u00een\u00e9 une pers\u00e9cution massive des croyants en vertu de l&rsquo;article 282.2 du Code p\u00e9nal, n&rsquo;avait aucun fondement juridique et doit \u00eatre consid\u00e9r\u00e9e comme une manifestation de discrimination religieuse. En juin 2022, la CEDH a rendu son arr\u00eat.\u00a0<a href=\"https:\/\/www.sova-center.ru\/misuse\/news\/counteraction\/2022\/06\/d46438\/\" target=\"_blank\" rel=\"noreferrer noopener nofollow\"><strong>une commande<\/strong>\u00a0<\/a>sur la plainte des T\u00e9moins de J\u00e9hovah, dans laquelle ils ont reconnu que l&rsquo;interdiction de leurs mat\u00e9riels et organisations et la pers\u00e9cution des croyants contredisent la Convention de sauvegarde des droits de l&rsquo;homme et des libert\u00e9s fondamentales, et ont exig\u00e9 l&rsquo;arr\u00eat des poursuites p\u00e9nales en vertu de l&rsquo;article 282.2 du Code p\u00e9nal contre les T\u00e9moins de J\u00e9hovah et la lib\u00e9ration des croyants en prison.<\/p>\n","protected":false},"excerpt":{"rendered":"Fran\u00e7ais Le 6 ao\u00fbt 2025, lors d&rsquo;un d\u00e9bat au tribunal du district de Komsomolsky du territoire de Khabarovsk,&hellip;\n","protected":false},"author":2,"featured_media":312942,"comment_status":"","ping_status":"","sticky":false,"template":"","format":"standard","meta":{"footnotes":""},"categories":[1591],"tags":[11,1887,12,1885,1886,132],"class_list":{"0":"post-312941","1":"post","2":"type-post","3":"status-publish","4":"format-standard","5":"has-post-thumbnail","7":"category-russie","8":"tag-actualites","9":"tag-federation-de-russie","10":"tag-news","11":"tag-russia","12":"tag-russian-federation","13":"tag-russie"},"share_on_mastodon":{"url":"https:\/\/pubeurope.com\/@fr\/115013434960895074","error":""},"_links":{"self":[{"href":"https:\/\/www.europesays.com\/fr\/wp-json\/wp\/v2\/posts\/312941","targetHints":{"allow":["GET"]}}],"collection":[{"href":"https:\/\/www.europesays.com\/fr\/wp-json\/wp\/v2\/posts"}],"about":[{"href":"https:\/\/www.europesays.com\/fr\/wp-json\/wp\/v2\/types\/post"}],"author":[{"embeddable":true,"href":"https:\/\/www.europesays.com\/fr\/wp-json\/wp\/v2\/users\/2"}],"replies":[{"embeddable":true,"href":"https:\/\/www.europesays.com\/fr\/wp-json\/wp\/v2\/comments?post=312941"}],"version-history":[{"count":0,"href":"https:\/\/www.europesays.com\/fr\/wp-json\/wp\/v2\/posts\/312941\/revisions"}],"wp:featuredmedia":[{"embeddable":true,"href":"https:\/\/www.europesays.com\/fr\/wp-json\/wp\/v2\/media\/312942"}],"wp:attachment":[{"href":"https:\/\/www.europesays.com\/fr\/wp-json\/wp\/v2\/media?parent=312941"}],"wp:term":[{"taxonomy":"category","embeddable":true,"href":"https:\/\/www.europesays.com\/fr\/wp-json\/wp\/v2\/categories?post=312941"},{"taxonomy":"post_tag","embeddable":true,"href":"https:\/\/www.europesays.com\/fr\/wp-json\/wp\/v2\/tags?post=312941"}],"curies":[{"name":"wp","href":"https:\/\/api.w.org\/{rel}","templated":true}]}}