{"id":312949,"date":"2025-08-12T02:31:36","date_gmt":"2025-08-12T02:31:36","guid":{"rendered":"https:\/\/www.europesays.com\/fr\/312949\/"},"modified":"2025-08-12T02:31:36","modified_gmt":"2025-08-12T02:31:36","slug":"comment-la-question-de-limmigration-est-devenue-le-sujet-numero-un-dans-le-debat-public-en-allemagne","status":"publish","type":"post","link":"https:\/\/www.europesays.com\/fr\/312949\/","title":{"rendered":"Comment la question de l\u2019immigration est devenue le\u00a0sujet num\u00e9ro\u00a0un\u00a0dans le d\u00e9bat public en Allemagne"},"content":{"rendered":"<p>      <img fetchpriority=\"high\" decoding=\"async\" class=\"mx-auto\" src=\"data:image\/svg+xml,%3Csvg%20xmlns%3D%27http%3A%2F%2Fwww.w3.org%2F2000%2Fsvg%27%20fill%3D%22%23e4e4e4%22%20viewBox%3D%270%200%20510%20340%27%20width%3D%22510%22%20height%3D%22340%22%3E%3Cpath%20d%3D%27M0%200h510v340H0z%27%2F%3E%3C%2Fsvg%3E\"  loading=\"eager\" width=\"510\" height=\"340\" data-oncrawl-image-size=\"510x340\" alt=\"Retransmission du d\u00e9bat t\u00e9l\u00e9vis\u00e9 entre Olaf Scholz (chancelier sortant et candidat des sociaux d\u00e9mocrates), Robert Habeck (ministre de l\u2019Economie sortant et candidat des Verts, Friedrich Merz (candidate de conservateurs de la CDU) et Alice Weidel (candidate du parti d\u2019extr\u00eame droit AfD) le 16\u00a0f\u00e9vrier 2025, \u00e0 Berlin, \u00e0 une semaine des \u00e9lections f\u00e9d\u00e9rales allemandes.\"\/>      <\/p>\n<p class=\"latino-100m text-grey-600\">\n            Retransmission du d\u00e9bat t\u00e9l\u00e9vis\u00e9 entre Olaf Scholz (chancelier sortant et candidat des sociaux d\u00e9mocrates), Robert Habeck (ministre de l\u2019Economie sortant et candidat des Verts, Friedrich Merz (candidate de conservateurs de la CDU) et Alice Weidel (candidate du parti d\u2019extr\u00eame droit AfD) le 16\u00a0f\u00e9vrier 2025, \u00e0 Berlin, \u00e0 une semaine des \u00e9lections f\u00e9d\u00e9rales allemandes.\u00a0MICHAEL KAPPELER\/AFP        <\/p>\n<p>        Lire\u00a0plus\u00a0tard      <\/p>\n<p><a aria-label=\"Nous suivre sur Google News\" href=\"https:\/\/news.google.com\/publications\/CAAqBwgKMJe4nQkw3dFs?hl=fr&amp;gl=FR&amp;ceid=FR%3Afr\" target=\"_blank\" data-piano=\"Page_Article,Sous_date_publi,Nous_suivre_sur_google_news,1er_clic,action\" class=\"btn btn--small btn--tertiary btn--icon-only\" rel=\"noopener\"><\/p>\n<p>      Google Actualit\u00e9s<br \/>\n  <\/a><\/p>\n<p>  Partager<\/p>\n<p>        Facebook<\/p>\n<p>        Bluesky<\/p>\n<p>        E-mail<\/p>\n<p>        Copier le lien<\/p>\n<p>      Envoyer<\/p>\n<p>      S\u2019abonner pour lire    <\/p>\n<p class=\"node__paragraphe antonia-750r text-grey-800 pb-24 pb-md-30\">\n\u00ab\u00a0Wir schaffen das\u00a0!\u00a0\u00bb (\u00ab\u00a0Nous y arriverons\u00a0!\u00a0\u00bb)\u2026 Tout le monde se souvient de la phrase prononc\u00e9e par\u00a0la chanceli\u00e8re Angela Merkel le 31\u00a0ao\u00fbt\u00a02015. Les grandes gares du pays \u2013 Berlin, Munich, Hambourg\u2026 \u2013 voient alors d\u00e9filer des trains remplis de r\u00e9fugi\u00e9s, des hommes, des femmes, des enfants, le regard \u00e9puis\u00e9, l\u2019air hagard, apr\u00e8s des semaines, des mois, de p\u00e9riple. A leur arriv\u00e9e, tout est pr\u00e9vu\u00a0: des hordes de b\u00e9n\u00e9voles, des panneaux de bienvenue \u00e9crits en arabe, des g\u00e2teaux secs, du jus d\u2019orange, des peluches pour les plus jeunes, des m\u00e9decins pour les examiner, des bus en rang d\u2019oignon sur les parkings et des centres d\u2019h\u00e9bergement, pour beaucoup d\u2019anciens b\u00e2timents de l\u2019arm\u00e9e, o\u00f9 ils trouvent enfin un lit, des draps propres, des v\u00eatements qui ne tombent pas en lambeaux, de quoi se nourrir\u2026 En quelques mois, un million de personnes arrivent en Allemagne, pour la plupart des Afghans, des Irakiens et des Syriens qui\u00a0ont fui un pays ravag\u00e9 par la guerre. Les trois mots de la chanceli\u00e8re, fille de pasteur qui a grandi \u00e0 l\u2019Est, symbolisent l\u2019ouverture de la R\u00e9publique f\u00e9d\u00e9rale. Sa Willkommenskultur, sa \u00ab\u00a0culture de l\u2019accueil\u00a0\u00bb.<\/p>\n<p class=\"node__paragraphe antonia-750r text-grey-800 pb-8\">\nDix ans plus tard, l\u2019ambiance n\u2019est plus aux messages de\u00a0bienvenue. Limiter l\u2019immigration est d\u00e9sormais le\u00a0sujet num\u00e9ro\u00a0un\u00a0dans le d\u00e9bat public outre-Rhin. <a href=\"https:\/\/www.nouvelobs.com\/monde\/20250221.OBS100581\/extreme-droite-le-pare-feu-allemand-s-est-largement-effrite.html\" target=\"_blank\" rel=\"noopener\">Le parti d\u2019extr\u00eame droite Alternative f\u00fcr Deutschland<\/a> (AfD, Alternative pour l\u2019Allemagne), antimigrants et ouvertement x\u00e9nophobe, est devenu la \u2026<\/p>\n<p>  <img loading=\"lazy\" decoding=\"async\" class=\"floating-img\" src=\"https:\/\/www.europesays.com\/fr\/wp-content\/uploads\/2025\/07\/img-paywall@2x.png\" width=\"142\" height=\"91\" alt=\"\"\/><\/p>\n<p class=\"latino-100m text-blue-400\">Article r\u00e9serv\u00e9 aux abonn\u00e9s.<\/p>\n<p>          Se connecter<\/p>\n<p class=\"pb-16 text-center antonia-1850c\">Offre d\u2019\u00e9t\u00e9\u00a0:<br \/>1\u20ac\/mois pendant 6\u00a0mois<\/p>\n<p>\n        S&rsquo;abonner\n      <\/p>\n<p>          D\u00e9couvrir toutes nos offres<\/p>\n","protected":false},"excerpt":{"rendered":"Retransmission du d\u00e9bat t\u00e9l\u00e9vis\u00e9 entre Olaf Scholz (chancelier sortant et candidat des sociaux d\u00e9mocrates), Robert Habeck (ministre de&hellip;\n","protected":false},"author":2,"featured_media":312950,"comment_status":"","ping_status":"","sticky":false,"template":"","format":"standard","meta":{"footnotes":""},"categories":[1587],"tags":[17,11,672,1804,1805,1292,1803,42980,1777,674,1801,1061,74,12,9210,3532,7515,1802],"class_list":{"0":"post-312949","1":"post","2":"type-post","3":"status-publish","4":"format-standard","5":"has-post-thumbnail","7":"category-allemagne","8":"tag-17","9":"tag-actualites","10":"tag-allemagne","11":"tag-bundesrepublik-deutschland","12":"tag-de","13":"tag-debat","14":"tag-deutschland","15":"tag-devenue","16":"tag-eu","17":"tag-europe","18":"tag-germany","19":"tag-immigration","20":"tag-monde","21":"tag-news","22":"tag-numero","23":"tag-public","24":"tag-question","25":"tag-republique-federale-dallemagne"},"share_on_mastodon":{"url":"https:\/\/pubeurope.com\/@fr\/115013451260218338","error":""},"_links":{"self":[{"href":"https:\/\/www.europesays.com\/fr\/wp-json\/wp\/v2\/posts\/312949","targetHints":{"allow":["GET"]}}],"collection":[{"href":"https:\/\/www.europesays.com\/fr\/wp-json\/wp\/v2\/posts"}],"about":[{"href":"https:\/\/www.europesays.com\/fr\/wp-json\/wp\/v2\/types\/post"}],"author":[{"embeddable":true,"href":"https:\/\/www.europesays.com\/fr\/wp-json\/wp\/v2\/users\/2"}],"replies":[{"embeddable":true,"href":"https:\/\/www.europesays.com\/fr\/wp-json\/wp\/v2\/comments?post=312949"}],"version-history":[{"count":0,"href":"https:\/\/www.europesays.com\/fr\/wp-json\/wp\/v2\/posts\/312949\/revisions"}],"wp:featuredmedia":[{"embeddable":true,"href":"https:\/\/www.europesays.com\/fr\/wp-json\/wp\/v2\/media\/312950"}],"wp:attachment":[{"href":"https:\/\/www.europesays.com\/fr\/wp-json\/wp\/v2\/media?parent=312949"}],"wp:term":[{"taxonomy":"category","embeddable":true,"href":"https:\/\/www.europesays.com\/fr\/wp-json\/wp\/v2\/categories?post=312949"},{"taxonomy":"post_tag","embeddable":true,"href":"https:\/\/www.europesays.com\/fr\/wp-json\/wp\/v2\/tags?post=312949"}],"curies":[{"name":"wp","href":"https:\/\/api.w.org\/{rel}","templated":true}]}}