{"id":312951,"date":"2025-08-12T02:32:12","date_gmt":"2025-08-12T02:32:12","guid":{"rendered":"https:\/\/www.europesays.com\/fr\/312951\/"},"modified":"2025-08-12T02:32:12","modified_gmt":"2025-08-12T02:32:12","slug":"consultation-publique-un-plan-europeen-pour-des-logements-abordables","status":"publish","type":"post","link":"https:\/\/www.europesays.com\/fr\/312951\/","title":{"rendered":"Consultation publique : un plan europ\u00e9en pour des logements abordables"},"content":{"rendered":"<p><strong>Objectif de la consultation<\/strong><\/p>\n<p>Cette <a href=\"https:\/\/ec.europa.eu\/info\/law\/better-regulation\/have-your-say\/initiatives\/14670-European-affordable-housing-plan\/public-consultation_fr\" target=\"_blank\" rel=\"noopener\">consultation<\/a> a pour but de \u00a0recueillir les exp\u00e9riences et les contributions\u00a0des parties prenantes \u00a0afin d\u2019orienter les\u00a0\u00a0futures actions du <a href=\"https:\/\/housing.ec.europa.eu\/index_en?prefLang=fr\" target=\"_blank\" rel=\"noopener\">plan europ\u00e9en pour des logements abordables<\/a>, dont l\u2019adoption est pr\u00e9vue au premier trimestre \u00a02026. Les actions propos\u00e9es viseront \u00e0 apporter une valeur ajout\u00e9e au niveau europ\u00e9en, tout en \u00e9tant adapt\u00e9es aux\u00a0\u00a0contextes nationaux, r\u00e9gionaux et locaux.<\/p>\n<p><strong>Comment \u00a0participer\u00a0?<\/strong><\/p>\n<p>\u00a0La consultation prend la forme d\u2019un <strong>questionnaire en ligne<\/strong>, disponible en fran\u00e7ais.<br \/>\u00a0&#8211;&gt; <a href=\"https:\/\/ec.europa.eu\/eusurvey\/runner\/OPC_Affordable_Housing?surveylanguage=fr\" target=\"_blank\" rel=\"noopener\">Acc\u00e9der au questionnaire<\/a><\/p>\n<p>\u00a0Pour y r\u00e9pondre, il est n\u00e9cessaire de <strong>vous inscrire ou de vous connecter<\/strong> via un compte utilisateur ou un r\u00e9seau social.<\/p>\n<p>\u00a0Deux s\u00e9ries de questions sont propos\u00e9es : \u00a0une \u00e0 destination du grand public et une autre sp\u00e9cifiquement con\u00e7ue\u00a0pour les autorit\u00e9s publiques.\u00a0\u00a0La s\u00e9rie qui vous est pr\u00e9sent\u00e9e d\u00e9pend des informations fournies dans la section \u00ab\u00a0Informations vous concernant\u00a0\u00bb du formulaire.<\/p>\n<p>Un rapport de synth\u00e8se sera publi\u00e9 sur la page de la consultation dans les huit semaines suivant sa cl\u00f4ture. \u00a0Une synth\u00e8se des r\u00e9ponses r\u00e9\u00e7ues sera \u00e9galement pr\u00e9par\u00e9e.\u00a0<\/p>\n<p><strong>Pourquoi les collectivit\u00e9s locales sont concern\u00e9es ?\u00a0<\/strong>\u00a0<\/p>\n<p>Le futur plan europ\u00e9en pour des logements abordables entend r\u00e9pondre \u00e0 la crise du logement qui touche de nombreuses communes, qu\u2019elles soient urbaines, p\u00e9riurbaines ou rurales. Les collectivit\u00e9s locales ont un r\u00f4le essentiel \u00e0 jouer : en participant \u00e0 cette consultation, elles peuvent faire valoir leurs besoins, influencer les priorit\u00e9s du plan et s&rsquo;assurer que les mesures propos\u00e9es r\u00e9pondent aux d\u00e9fis sp\u00e9cifiques de leurs territoires.\u00a0<\/p>\n<p><strong>Contexte politique<\/strong><\/p>\n<p>La Pr\u00e9sidente Ursula von der Leyen a annonc\u00e9, dans ses orientations politiques pour 2024-2029, \u00a0l\u2019\u00e9laboration du premier plan europ\u00e9en pour des logements abordables. \u00a0Ce plan vise \u00e0 faire face \u00e0 une urgence croissante : \u00a0\u00a0des millions de citoyens europ\u00e9ens, en particulier des\u00a0familles et de jeunes,\u00a0peinent\u00a0\u00e0 acc\u00e9der \u00e0 un logement d\u00e9cent \u00e0 un prix abordable.\u00a0<\/p>\n<p>Si la comp\u00e9tence en mati\u00e8re de \u00a0logement reste principalement nationale,\u00a0de nombreuses voix s\u2019\u00e9l\u00e8vent pour une r\u00e9ponse coordonn\u00e9e au niveau de l\u2019Union face \u00e0 la p\u00e9nurie de logements adapt\u00e9s et \u00e0 l\u2019envol\u00e9e des prix.\u00a0Le futur plan europ\u00e9en et ses actions connexes r\u00e9pondront \u00e0 ces attentes, en soutenant les \u00c9tats membres ainsi que les autorit\u00e9s r\u00e9gionales et locales, dans la mise en \u0153uvre de \u00a0logements abordables et durables. Ce plan respectera\u00a0<a href=\"https:\/\/eur-lex.europa.eu\/FR\/legal-content\/glossary\/principle-of-subsidiarity.html\" target=\"_blank\" rel=\"noopener\">https:\/\/eur-lex.europa.eu\/FR\/legal-content\/glossary\/principle-of-subsidiarity.html<\/a><\/p>\n<p>et tiendra compte de la diversit\u00e9 des contextes et des int\u00e9r\u00eats des diff\u00e9rentes parties prenantes.\u00a0<\/p>\n<p><strong>Une d\u00e9marche participative\u00a0<\/strong><\/p>\n<p>La consultation publique\u00a0\u00a0fait suite \u00e0\u00a0<a href=\"https:\/\/ec.europa.eu\/info\/law\/better-regulation\/have-your-say\/initiatives\/14670-Plan-europeen-pour-des-logements-abordables_fr\" target=\"_blank\" rel=\"noopener\">l\u2019appel \u00e0 contributions<\/a> lanc\u00e9 du 7 mai au 4 juin 2025, au cours duquel les citoyens \u00a0et les parties prenantes ont pu r\u00e9agir \u00e0 l\u2019analyse du probl\u00e8me et aux premi\u00e8res pistes de solution envisag\u00e9es par la Commission europ\u00e9enne. Par ailleurs, l\u2019initiative en faveur du logement social et abordable est \u00a0l\u2019un des objectives sp\u00e9cifiques identifi\u00e9s dans les projets de Plans de partenariat nationaux et r\u00e9gionaux (PNR). Elle est \u00e9galement int\u00e9gr\u00e9e \u00a0dans la proposition de la Commission du <a href=\"https:\/\/ec.europa.eu\/commission\/presscorner\/detail\/fr\/ip_25_1847\" target=\"_blank\" rel=\"noopener\">budget \u00e0 long terme<\/a> de l\u2019Union europ\u00e9enne.\u00a0<\/p>\n<p>\u00a0<\/p>\n<p><strong>Pour aller plus loin:<\/strong><\/p>\n<p><strong>\u00a0Proposition de budget \u00e0 long terme de l\u2019UE<\/strong> en soutien \u00e0 l\u2019investissement dans le logement :\u00a0<a href=\"https:\/\/housing.ec.europa.eu\/news\/commission-proposal-eu-long-term-budget-boost-housing-investment-2025-07-18_en\" target=\"_blank\" rel=\"noopener\">https:\/\/housing.ec.europa.eu\/news\/commission-proposal-eu-long-term-budget-boost-housing-investment-2025-07-18_en<\/a>\u00a0<\/p>\n<p><strong>\u00a0R\u00e9sultats de l\u2019appel \u00e0 contributions (mai-juin 2025)<\/strong> :<br \/>\u00a0<a href=\"https:\/\/ec.europa.eu\/info\/law\/better-regulation\/have-your-say\/initiatives\/14670-Plan-europeen-pour-des-logements-abordables\/feedback_fr?p_id=56729761\" target=\"_blank\" rel=\"noopener\">https:\/\/ec.europa.eu\/info\/law\/better-regulation\/have-your-say\/initiatives\/14670-Plan-europeen-pour-des-logements-abordables\/feedback_fr?p_id=56729761<\/a><\/p>\n","protected":false},"excerpt":{"rendered":"Objectif de la consultation Cette consultation a pour but de \u00a0recueillir les exp\u00e9riences et les contributions\u00a0des parties prenantes&hellip;\n","protected":false},"author":2,"featured_media":312952,"comment_status":"","ping_status":"","sticky":false,"template":"","format":"standard","meta":{"footnotes":""},"categories":[1586],"tags":[11,39045,1777,674,1011,27,12,25],"class_list":{"0":"post-312951","1":"post","2":"type-post","3":"status-publish","4":"format-standard","5":"has-post-thumbnail","7":"category-europe","8":"tag-actualites","9":"tag-collectivite-territoriale","10":"tag-eu","11":"tag-europe","12":"tag-fr","13":"tag-france","14":"tag-news","15":"tag-republique-francaise"},"share_on_mastodon":{"url":"https:\/\/pubeurope.com\/@fr\/115013454663533613","error":""},"_links":{"self":[{"href":"https:\/\/www.europesays.com\/fr\/wp-json\/wp\/v2\/posts\/312951","targetHints":{"allow":["GET"]}}],"collection":[{"href":"https:\/\/www.europesays.com\/fr\/wp-json\/wp\/v2\/posts"}],"about":[{"href":"https:\/\/www.europesays.com\/fr\/wp-json\/wp\/v2\/types\/post"}],"author":[{"embeddable":true,"href":"https:\/\/www.europesays.com\/fr\/wp-json\/wp\/v2\/users\/2"}],"replies":[{"embeddable":true,"href":"https:\/\/www.europesays.com\/fr\/wp-json\/wp\/v2\/comments?post=312951"}],"version-history":[{"count":0,"href":"https:\/\/www.europesays.com\/fr\/wp-json\/wp\/v2\/posts\/312951\/revisions"}],"wp:featuredmedia":[{"embeddable":true,"href":"https:\/\/www.europesays.com\/fr\/wp-json\/wp\/v2\/media\/312952"}],"wp:attachment":[{"href":"https:\/\/www.europesays.com\/fr\/wp-json\/wp\/v2\/media?parent=312951"}],"wp:term":[{"taxonomy":"category","embeddable":true,"href":"https:\/\/www.europesays.com\/fr\/wp-json\/wp\/v2\/categories?post=312951"},{"taxonomy":"post_tag","embeddable":true,"href":"https:\/\/www.europesays.com\/fr\/wp-json\/wp\/v2\/tags?post=312951"}],"curies":[{"name":"wp","href":"https:\/\/api.w.org\/{rel}","templated":true}]}}