{"id":312953,"date":"2025-08-12T02:33:21","date_gmt":"2025-08-12T02:33:21","guid":{"rendered":"https:\/\/www.europesays.com\/fr\/312953\/"},"modified":"2025-08-12T02:33:21","modified_gmt":"2025-08-12T02:33:21","slug":"lue-valide-le-projet-medlink-entre-lalgerie-et-litalie","status":"publish","type":"post","link":"https:\/\/www.europesays.com\/fr\/312953\/","title":{"rendered":"L&rsquo;UE valide le projet Medlink entre l&rsquo;Alg\u00e9rie et l&rsquo;Italie"},"content":{"rendered":"<p>La Commission europ\u00e9enne <a href=\"https:\/\/ec.europa.eu\/info\/law\/better-regulation\/have-your-say\/initiatives\/14462-Fourth-list-of-renewable-energy-cross-border-projects-under-CEF-_en\" target=\"_blank\" rel=\"noopener\">a annonc\u00e9<\/a>, le 29 juillet 2025, l\u2019int\u00e9gration du projet Medlink Renewable Generation \u2013 MedGen dans la <a href=\"https:\/\/algerie-eco.com\/2025\/08\/06\/lue-valide-le-projet-medlink-entre-lalgerie-et-litalie\/file:\/\/\/C:\/Users\/PC\/Downloads\/090166e52012fe74.pdf\" target=\"_blank\" rel=\"noopener\">liste des projets transfrontaliers prioritaires<\/a> en mati\u00e8re d\u2019\u00e9nergies renouvelables. Cette inscription permet \u00e0 Medlink de demander un soutien financier europ\u00e9en dans le cadre du M\u00e9canisme pour l\u2019interconnexion en Europe.<\/p>\n<p>Le projet Medlink vise \u00e0 \u00e9tablir une connexion \u00e9lectrique entre l\u2019Alg\u00e9rie et l\u2019Italie via la Tunisie, gr\u00e2ce \u00e0 un c\u00e2ble sous-marin haute tension d\u2019une capacit\u00e9 de 2 000 m\u00e9gawatts. Il pr\u00e9voit \u00e9galement le d\u00e9ploiement d\u2019environ 10 GW d\u2019\u00e9nergie solaire, d\u2019\u00e9olien terrestre et de stockage par batteries en Alg\u00e9rie et en Tunisie, pour couvrir une partie de la consommation locale et exporter de l\u2019\u00e9lectricit\u00e9 verte vers l\u2019Union europ\u00e9enne.<\/p>\n<p><a href=\"https:\/\/algerie-eco.com\/2022\/05\/26\/electricite-lalgerie-veut-alimenter-une-partie-de-leurope-par-cable-sous-marin\/\" target=\"_blank\" rel=\"noopener\">Ce projet a \u00e9t\u00e9 \u00e9voqu\u00e9<\/a> pour la premi\u00e8re fois en mai 2022 par le pr\u00e9sident Abdelmadjid Tebboune lors de sa visite d\u2019\u00c9tat en Italie. \u00ab\u00a0Nous avons propos\u00e9 la r\u00e9alisation d\u2019un c\u00e2ble sous-marin entre l\u2019Alg\u00e9rie et l\u2019Italie, \u00e0 travers lequel nous pourrons approvisionner l\u2019Italie et une partie de l\u2019Europe en \u00e9nergie \u00e9lectrique\u00a0\u00bb, avait-il d\u00e9clar\u00e9.<\/p>\n<p>Medlink a aussi \u00e9t\u00e9 mentionn\u00e9 dans la d\u00e9claration commune publi\u00e9e \u00e0 l\u2019issue de cette visite, o\u00f9 Alger et Rome ont soulign\u00e9 \u00ab\u00a0l\u2019importance de la transition \u00e9nerg\u00e9tique et d\u2019un partenariat solide et durable sur le d\u00e9veloppement des \u00e9nergies renouvelables, dont l\u2019hydrog\u00e8ne et l\u2019\u00e9lectricit\u00e9 vertes, ainsi qu\u2019aux infrastructures qui y sont n\u00e9cessaires \u00e0 travers, notamment le projet\u202f\u201cSoutH2 Corridor\u201d\u202fd\u2019hydrog\u00e8ne vert et le projet d\u2019interconnexion \u00e9lectrique Medlink\u00a0\u00bb.<\/p>\n<p>Pour la Commission europ\u00e9enne, l\u2019int\u00e9gration de Medlink \u00e0 la liste des projets transfrontaliers traduit son int\u00e9r\u00eat strat\u00e9gique pour la transition \u00e9nerg\u00e9tique et la s\u00e9curit\u00e9 d\u2019approvisionnement. L\u2019inscription \u00e0 cette liste ne garantit pas encore un financement, mais elle ouvre la voie \u00e0 une \u00e9ventuelle aide europ\u00e9enne, sous r\u00e9serve du respect des proc\u00e9dures environnementales et administratives dans chaque pays concern\u00e9.<\/p>\n","protected":false},"excerpt":{"rendered":"La Commission europ\u00e9enne a annonc\u00e9, le 29 juillet 2025, l\u2019int\u00e9gration du projet Medlink Renewable Generation \u2013 MedGen dans&hellip;\n","protected":false},"author":2,"featured_media":312954,"comment_status":"","ping_status":"","sticky":false,"template":"","format":"standard","meta":{"footnotes":""},"categories":[1586],"tags":[11,15,45265,2196,579,1777,674,1779,1011,27,452,12,45266,25,2028,1778,364],"class_list":{"0":"post-312953","1":"post","2":"type-post","3":"status-publish","4":"format-standard","5":"has-post-thumbnail","7":"category-europe","8":"tag-actualites","9":"tag-algerie","10":"tag-cable-sous-marin","11":"tag-commission-europeenne","12":"tag-electricite","13":"tag-eu","14":"tag-europe","15":"tag-european-union","16":"tag-fr","17":"tag-france","18":"tag-italie","19":"tag-news","20":"tag-projet-medlink","21":"tag-republique-francaise","22":"tag-tunisie","23":"tag-ue","24":"tag-union-europeenne"},"share_on_mastodon":{"url":"https:\/\/pubeurope.com\/@fr\/115013458577603629","error":""},"_links":{"self":[{"href":"https:\/\/www.europesays.com\/fr\/wp-json\/wp\/v2\/posts\/312953","targetHints":{"allow":["GET"]}}],"collection":[{"href":"https:\/\/www.europesays.com\/fr\/wp-json\/wp\/v2\/posts"}],"about":[{"href":"https:\/\/www.europesays.com\/fr\/wp-json\/wp\/v2\/types\/post"}],"author":[{"embeddable":true,"href":"https:\/\/www.europesays.com\/fr\/wp-json\/wp\/v2\/users\/2"}],"replies":[{"embeddable":true,"href":"https:\/\/www.europesays.com\/fr\/wp-json\/wp\/v2\/comments?post=312953"}],"version-history":[{"count":0,"href":"https:\/\/www.europesays.com\/fr\/wp-json\/wp\/v2\/posts\/312953\/revisions"}],"wp:featuredmedia":[{"embeddable":true,"href":"https:\/\/www.europesays.com\/fr\/wp-json\/wp\/v2\/media\/312954"}],"wp:attachment":[{"href":"https:\/\/www.europesays.com\/fr\/wp-json\/wp\/v2\/media?parent=312953"}],"wp:term":[{"taxonomy":"category","embeddable":true,"href":"https:\/\/www.europesays.com\/fr\/wp-json\/wp\/v2\/categories?post=312953"},{"taxonomy":"post_tag","embeddable":true,"href":"https:\/\/www.europesays.com\/fr\/wp-json\/wp\/v2\/tags?post=312953"}],"curies":[{"name":"wp","href":"https:\/\/api.w.org\/{rel}","templated":true}]}}