{"id":312983,"date":"2025-08-12T02:53:18","date_gmt":"2025-08-12T02:53:18","guid":{"rendered":"https:\/\/www.europesays.com\/fr\/312983\/"},"modified":"2025-08-12T02:53:18","modified_gmt":"2025-08-12T02:53:18","slug":"cristiano-ronaldo-et-georgina-rodriguez-bientot-maries-vous-navez-jamais-vu-un-aussi-gros-diamant","status":"publish","type":"post","link":"https:\/\/www.europesays.com\/fr\/312983\/","title":{"rendered":"Cristiano Ronaldo et Georgina Rodriguez bient\u00f4t mari\u00e9s ! Vous n\u2019avez jamais vu un aussi GROS diamant"},"content":{"rendered":"<p>Tout semble sourire \u00e0 la star du ballon rond. Depuis des ann\u00e9es,<br \/>\nCristiano Ronaldo n\u2019a cess\u00e9 de faire r\u00eaver, devenant l&rsquo;idole de<br \/>\nplusieurs g\u00e9n\u00e9rations. Que l\u2019on soit passionn\u00e9 de football ou non,<br \/>\nimpossible de ne jamais avoir entendu son nom. \u00c2g\u00e9e de 40 ans, la<br \/>\nstar mondiale du football n\u2019a toujours pas pris sa retraite et<br \/>\ncontinue de faire r\u00eaver sur le terrain.<\/p>\n<p>Mais outre ses passes sur la pelouse verte, c\u2019est aussi son<br \/>\ncouple qui attire les cam\u00e9ras. Depuis neuf ans, <a class=\"qbe-widget\" href=\"https:\/\/www.closermag.fr\/people\/elle-ne-fait-rien-a-part-cristiano-ronaldo-excede-par-sa-femme-ce-comportement-qu-il-ne-tolererait-plus-1714293#item=1\" target=\"_blank\" rel=\"noopener noreferrer\">il partage la vie de<br \/>\nGeorgina Rodriguez<\/a>, avec qui il a eu deux enfants. <a class=\"qbe-widget\" href=\"https:\/\/www.closermag.fr\/people\/cristiano-ronaldo-et-georgina-rodriguez-maries-en-secret-cette-boulette-du-footballeur-qui-en-dit-long-3505389\" target=\"_blank\" rel=\"noopener noreferrer\">Leur histoire d\u2019amour<\/a><br \/>\nvient de prendre un tout nouveau tournant, puisque les deux<br \/>\ntourtereaux sont d\u00e9sormais fianc\u00e9s et vont donc bient\u00f4t <a class=\"qbe-widget\" href=\"https:\/\/www.closermag.fr\/people\/cristiano-ronaldo-et-georgina-rodriguez-maries-ces-deux-mots-du-footballeur-mettent-le-feu-aux-poudres-3513329\" target=\"_blank\" rel=\"noopener noreferrer\">se marier<\/a> ! Et la<br \/>\nphoto de la bague de fian\u00e7ailles n\u2019a laiss\u00e9 personne<br \/>\nindiff\u00e9rent.<\/p>\n<p>Georgina Rodriguez montre sa bague de fian\u00e7ailles.<\/p>\n<p>Si la tradition veut que les mari\u00e9s portent des alliances, le<br \/>\nfait de se fiancer est aussi l\u2019occasion d\u2019offrir une bague. Et le<br \/>\nmoins que l\u2019on puisse dire, c\u2019est que pour l\u2019occasion<a class=\"qbe-widget\" href=\"https:\/\/www.closermag.fr\/people\/cristiano-ronaldo-en-deuil-il-devoile-le-prenom-de-sa-fille-quelques-semaines-apres-la-mort-de-son-fils-1567562#item=1\" target=\"_blank\" rel=\"noopener noreferrer\">, le p\u00e8re de cinq<br \/>\nenfants<\/a> n\u2019a pas fait dans la demi-mesure. Sa fianc\u00e9e dispose<br \/>\nd\u2019une bague avec <strong>un \u00e9norme diamant,<\/strong> presque aussi<br \/>\ngros qu\u2019un ballon de foot (bon d\u2019accord, c\u2019est peut-\u00eatre un peu<br \/>\nexag\u00e9r\u00e9). Il n\u2019emp\u00eache que la pierre pr\u00e9cieuse qu\u2019elle porte autour<br \/>\nde son doigt est vraiment cons\u00e9quente.<\/p>\n<p>C\u2019est via son compte Instagram que <a class=\"qbe-widget\" href=\"https:\/\/www.closermag.fr\/mode\/georgina-rodriguez-ultra-sexy-en-corset-push-up-la-compagne-de-cristiano-ronaldo-incendiaire-pour-sa-derniere-sortie-3554288\" target=\"_blank\" rel=\"noopener noreferrer\">la mannequin de 31<br \/>\nans<\/a> a post\u00e9 une photo de son nouveau bijou le lundi 11 aout, en<br \/>\n\u00e9crivant : \u201c<strong>Oui, je le veux. Pour cette vie et pour<br \/>\ntoutes les autre<\/strong>s\u201d, confirmant que Cristiano Ronaldo<br \/>\navait enfin fait sa demande. En commentaire, les fans semblent plus<br \/>\nque ravis. Cette nouvelle a aussi fait le bonheur de leurs c\u00e9l\u00e8bres<br \/>\namis. Charlotte Tilbury a comment\u00e9 : \u201cCh\u00e9ri, quelle fabuleuse<br \/>\nnouvelle ! Je vous adresse \u00e0 tous les deux mes plus sinc\u00e8res<br \/>\nf\u00e9licitations et beaucoup d&rsquo;AMOUR !\u201d et Lauren Sanchez,<br \/>\nr\u00e9cemment mari\u00e9e \u00e0 Jeff Bezos, \u00e9tait aussi ravie de cette annonce :<br \/>\n\u201cJe suis tellement heureuse pour toi.\u201d<\/p>\n<blockquote class=\"instagram-media\" style=\"background: #ffffff;border: 0;margin: 1px;width: 100%;padding: 0;max-width: 500px;\" data-instgrm-permalink=\"https:\/\/www.instagram.com\/p\/DNOPitPoAgN\/\" data-instgrm-version=\"14\"\/><p>\nCristiano Ronaldo et Georgina Rodriguez<br \/>\nenfin fianc\u00e9s<\/p>\n<p>Cette annonce n\u2019est pourtant pas vraiment surprenante. \u00c0<br \/>\nplusieurs reprises, Cristiano Ronaldo avait laiss\u00e9 entendre que le<br \/>\nmoment viendrait, sans jamais fixer de date. Aujourd\u2019hui, ce moment<br \/>\nsemble \u00eatre arriv\u00e9.<\/p>\n<p>Maintenant, reste \u00e0 savoir quand et dans quelles conditions aura<br \/>\nlieu l\u2019union des <a class=\"qbe-widget\" href=\"https:\/\/www.closermag.fr\/people\/cristiano-ronaldo-sa-femme-se-confie-sur-la-mort-de-leur-fille-le-pire-moment-de-sa-vie-1654410#item=1\" target=\"_blank\" rel=\"noopener noreferrer\">parents d&rsquo;Alana et<br \/>\nBella.<\/a> Quoi qu\u2019il en soit, cela attirera s\u00fbrement les cam\u00e9ras<br \/>\ndu monde entier.<\/p>\n<p><script async src=\"\/\/www.instagram.com\/embed.js\"><\/script><\/p>\n","protected":false},"excerpt":{"rendered":"Tout semble sourire \u00e0 la star du ballon rond. Depuis des ann\u00e9es, Cristiano Ronaldo n\u2019a cess\u00e9 de faire&hellip;\n","protected":false},"author":2,"featured_media":312984,"comment_status":"","ping_status":"","sticky":false,"template":"","format":"standard","meta":{"footnotes":""},"categories":[9],"tags":[548,13282,1011,27,45252,60],"class_list":{"0":"post-312983","1":"post","2":"type-post","3":"status-publish","4":"format-standard","5":"has-post-thumbnail","7":"category-sports","8":"tag-article-simple","9":"tag-cristiano-ronaldo","10":"tag-fr","11":"tag-france","12":"tag-georgina-rodriguez","13":"tag-sports"},"share_on_mastodon":{"url":"https:\/\/pubeurope.com\/@fr\/115013537207999635","error":""},"_links":{"self":[{"href":"https:\/\/www.europesays.com\/fr\/wp-json\/wp\/v2\/posts\/312983","targetHints":{"allow":["GET"]}}],"collection":[{"href":"https:\/\/www.europesays.com\/fr\/wp-json\/wp\/v2\/posts"}],"about":[{"href":"https:\/\/www.europesays.com\/fr\/wp-json\/wp\/v2\/types\/post"}],"author":[{"embeddable":true,"href":"https:\/\/www.europesays.com\/fr\/wp-json\/wp\/v2\/users\/2"}],"replies":[{"embeddable":true,"href":"https:\/\/www.europesays.com\/fr\/wp-json\/wp\/v2\/comments?post=312983"}],"version-history":[{"count":0,"href":"https:\/\/www.europesays.com\/fr\/wp-json\/wp\/v2\/posts\/312983\/revisions"}],"wp:featuredmedia":[{"embeddable":true,"href":"https:\/\/www.europesays.com\/fr\/wp-json\/wp\/v2\/media\/312984"}],"wp:attachment":[{"href":"https:\/\/www.europesays.com\/fr\/wp-json\/wp\/v2\/media?parent=312983"}],"wp:term":[{"taxonomy":"category","embeddable":true,"href":"https:\/\/www.europesays.com\/fr\/wp-json\/wp\/v2\/categories?post=312983"},{"taxonomy":"post_tag","embeddable":true,"href":"https:\/\/www.europesays.com\/fr\/wp-json\/wp\/v2\/tags?post=312983"}],"curies":[{"name":"wp","href":"https:\/\/api.w.org\/{rel}","templated":true}]}}