{"id":312991,"date":"2025-08-12T02:57:13","date_gmt":"2025-08-12T02:57:13","guid":{"rendered":"https:\/\/www.europesays.com\/fr\/312991\/"},"modified":"2025-08-12T02:57:13","modified_gmt":"2025-08-12T02:57:13","slug":"allah-est-lesbienne-le-t-shirt-de-cette-militante-feministe-na-pas-du-tout-plu-aux-autorites-marocaines-le-huffpost","status":"publish","type":"post","link":"https:\/\/www.europesays.com\/fr\/312991\/","title":{"rendered":"\u00ab Allah est lesbienne \u00bb : le t-shirt de cette militante f\u00e9ministe n\u2019a pas du tout plu aux autorit\u00e9s marocaines &#8211; Le HuffPost"},"content":{"rendered":"<ol>\n<li><a href=\"https:\/\/news.google.com\/rss\/articles\/CBMi_AFBVV95cUxORUpZWHhjcDR5SlBsMlBGd3h1OWVZLWhXbFRwTTRnaVA4Z0kzRUw0bnpFUDYyYy00LS1pN1Z3TWswSmh1Q2FXOTNUQ25XWUxpN3pvdG9RNUM1M2M1R09USHV0emNadXpWeTNhTGVGcTh1ZW4zaXowU0ZXUjFJVXV3bWszUzcyNUZGYm00RExwdE1kYUhkeVpIUjRFNU52eUFLM3ZLMnJLd1pFamRvQWQ2WG5lYjNFaTVJOFlLX1pfMGRUaHF2S0NPTUUxYlNEVUpsZDFPY2ZOTkdTRmtxN1ZHcGM2UlM4OGFkaEpHLUdDSzFXNVNRaFlPUkVNLWQ?oc=5\" target=\"_blank\" rel=\"nofollow noopener\">\u00ab Allah est lesbienne \u00bb : le t-shirt de cette militante f\u00e9ministe n\u2019a pas du tout plu aux autorit\u00e9s marocaines<\/a>&nbsp;&nbsp;Le HuffPost<\/li>\n<li><a href=\"https:\/\/news.google.com\/rss\/articles\/CBMixwFBVV95cUxNRTJLSDdfbVZicTRuTG4zcldaOG1FXzN1ZVpOUFpfZVlKZ2lPYkszM0p5LUhZN2l1RDNDU0ZweHVlaUlqTVFoQWNtQkhETE10UjlhQjMyaTBoeEZwT2UyZi1wV0VIaXEzT3NVMFB2bGU0NTBOLXF4U18tRDZ1bHlOWm96aEFVcWJMQXdiUlRHRmZxUXdjaGd1cXJWMlNrSExzUTRpU0Uyc0NTUFM5SWx1WURlbXI5WFVKMUdGa05tTWx2cW4xSVNB?oc=5\" target=\"_blank\" rel=\"nofollow noopener\">Maroc : arrestation d\u2019une militante f\u00e9ministe pour des propos jug\u00e9s blasph\u00e9matoires<\/a>&nbsp;&nbsp;Le Figaro<\/li>\n<li><a href=\"https:\/\/news.google.com\/rss\/articles\/CBMihAJBVV95cUxPVTdKa2MwUVVJY3pEYzJ3czlVZ3dzeC1jdnVNLUdWWVRITVJjWmRJNVRmWFpTb1NHaUQtdzBCNEtmNHJ2U2RSNGx6eUNoNnpacm9TaUdXdzhUZzh5T3diSl9Za1ctU2NQQUE5WEhMMzVlTGpiT001dnlFbUJSX1VCS0VDUzBHbUhmRThtN1I5TG1uSWlnS3dZSXU3QktQWVhYUDFEd1dCa3BucnhHOGt1MDZUbF9Fem5BMXkzcTM0ZnVPdHMweUNpMzU4cTdnYTI3VmpadXNROVQzdDZZcGwyRzk4VEhHbDgxa1ZEMERCSE5BVy1TT3pKdzlzeDhlWlZnYjFhVA?oc=5\" target=\"_blank\" rel=\"nofollow noopener\">Au Maroc, Ibtissame \u00abBetty\u00bb Lachgar, militante f\u00e9ministe arr\u00eat\u00e9e pour un tweet jug\u00e9 \u00aboffensant\u00bb<\/a>&nbsp;&nbsp;Lib\u00e9ration<\/li>\n<li><a href=\"https:\/\/news.google.com\/rss\/articles\/CBMigAJBVV95cUxPaU5vMUp4bFo5VzhSdmlVampSLWxDZ1Y5TDg1VUtlSEdHQXc3eW1fVV94bGtQaHphQjFPRGNnQXd2SWd6OHdUUFVaZkwyXzBuWDJTNXg3Yl8yOGM0UWd3UF9XUFVmRHZfZ2F2QXJZNFl4dmJiYlBaYXYzc0ZzTGNLNGQzN0NPanFMWTVIeGNYSnZCRHZua0tNYTM1Y0NhVFRHbHFOZ0tVTXp6ZDBRNllEaFBFc2t0Yy0tUmFlLW50ZzExWUFvTlplSnF4ak40VU9ielpkOGY4YThoVmhvYnk2OUVVc3E1Njk4bGt0LWdKWmRsMjhZTXF2ZjMxNmVjclFB?oc=5\" target=\"_blank\" rel=\"nofollow noopener\">Qui est Betty Lachgar, la militante f\u00e9ministe arr\u00eat\u00e9e au Maroc pour un t-shirt jug\u00e9 blasph\u00e9matoire ?<\/a>&nbsp;&nbsp;Ouest-France<\/li>\n<li><a href=\"https:\/\/news.google.com\/rss\/articles\/CBMitwFBVV95cUxQWW1QWllzYXZVX0FvWFpFYnhOQ2RNOG0zSDFGM1IzQ2hwNVp5WTRlcm9BSVp2OThmYlhaSmRpMXBobDFiY1FGcjV2dFZybWdYbzRyVnNBemVQb19NZ1FPUVhUX2NvUTZYaW5VYTdmN2ROc1hHdklqX0JSWU9QZm44Z3FVT2NYMmFuZjI3WnphaXdoWTJOQmE3dExUUXF1QUd5QjEtaGtUQ0ZoN1EzQXRyQmsySHpZcnc?oc=5\" target=\"_blank\" rel=\"nofollow noopener\">Une militante f\u00e9ministe arr\u00eat\u00e9e au Maroc pour propos jug\u00e9s blasph\u00e9matoires<\/a>&nbsp;&nbsp;20 Minutes<\/li>\n<\/ol>\n","protected":false},"excerpt":{"rendered":"\u00ab Allah est lesbienne \u00bb : le t-shirt de cette militante f\u00e9ministe n\u2019a pas du tout plu aux&hellip;\n","protected":false},"author":2,"featured_media":1445,"comment_status":"","ping_status":"","sticky":false,"template":"","format":"standard","meta":{"footnotes":""},"categories":[5],"tags":[11,1011,27,14,12,28],"class_list":{"0":"post-312991","1":"post","2":"type-post","3":"status-publish","4":"format-standard","5":"has-post-thumbnail","7":"category-international","8":"tag-actualites","9":"tag-fr","10":"tag-france","11":"tag-international","12":"tag-news","13":"tag-world"},"share_on_mastodon":{"url":"https:\/\/pubeurope.com\/@fr\/115013552935063755","error":""},"_links":{"self":[{"href":"https:\/\/www.europesays.com\/fr\/wp-json\/wp\/v2\/posts\/312991","targetHints":{"allow":["GET"]}}],"collection":[{"href":"https:\/\/www.europesays.com\/fr\/wp-json\/wp\/v2\/posts"}],"about":[{"href":"https:\/\/www.europesays.com\/fr\/wp-json\/wp\/v2\/types\/post"}],"author":[{"embeddable":true,"href":"https:\/\/www.europesays.com\/fr\/wp-json\/wp\/v2\/users\/2"}],"replies":[{"embeddable":true,"href":"https:\/\/www.europesays.com\/fr\/wp-json\/wp\/v2\/comments?post=312991"}],"version-history":[{"count":0,"href":"https:\/\/www.europesays.com\/fr\/wp-json\/wp\/v2\/posts\/312991\/revisions"}],"wp:featuredmedia":[{"embeddable":true,"href":"https:\/\/www.europesays.com\/fr\/wp-json\/wp\/v2\/media\/1445"}],"wp:attachment":[{"href":"https:\/\/www.europesays.com\/fr\/wp-json\/wp\/v2\/media?parent=312991"}],"wp:term":[{"taxonomy":"category","embeddable":true,"href":"https:\/\/www.europesays.com\/fr\/wp-json\/wp\/v2\/categories?post=312991"},{"taxonomy":"post_tag","embeddable":true,"href":"https:\/\/www.europesays.com\/fr\/wp-json\/wp\/v2\/tags?post=312991"}],"curies":[{"name":"wp","href":"https:\/\/api.w.org\/{rel}","templated":true}]}}