{"id":313020,"date":"2025-08-12T03:24:29","date_gmt":"2025-08-12T03:24:29","guid":{"rendered":"https:\/\/www.europesays.com\/fr\/313020\/"},"modified":"2025-08-12T03:24:29","modified_gmt":"2025-08-12T03:24:29","slug":"les-infos-de-18h-canicule-bordeaux-bat-un-record-de-chaleur-avec-416c","status":"publish","type":"post","link":"https:\/\/www.europesays.com\/fr\/313020\/","title":{"rendered":"Les infos de 18h &#8211; Canicule : Bordeaux bat un record de chaleur avec 41,6\u00b0C"},"content":{"rendered":"<p class=\"article-p mdl\">Le sud-ouest croule sous la chaleur, la canicule est bel et bien install\u00e9e. Cet apr\u00e8s-midi,\u00a041,4\u00b0C ont \u00e9t\u00e9 atteints \u00e0\u00a0<a class=\"link\" href=\"https:\/\/www.rtl.fr\/actu\/justice-faits-divers\/invite-rtl-le-maire-de-bergerac-raconte-la-deflagration-dans-la-poudrerie-7900175180\" title=\"INVIT\u00c9 RTL - Le maire de Bergerac raconte la &quot;d\u00e9flagration&quot; dans la poudrerie\" target=\"_blank\" rel=\"noopener\">Bergerac\u00a0<\/a>(Dordogne), un record pour la ville tout comme \u00e0 Bordeaux.\u00a0<\/p>\n<p class=\"article-p mdl\">Dans la\u00a0<a class=\"link\" href=\"https:\/\/www.rtl.fr\/actu\/meteo\/canicule-41-c-a-toulouse-40-a-limoges-39-a-bordeaux-ou-va-t-il-faire-le-plus-chaud-cette-semaine-7900529187\" title=\"Canicule : 41\u00b0C \u00e0 Toulouse, 40 \u00e0 Limoges, 39 \u00e0 Bordeaux... O\u00f9 va-t-il faire le plus chaud cette semaine ?\" target=\"_blank\" rel=\"noopener\">capitale girondine<\/a>, <strong>le thermom\u00e8tre a affich\u00e9 41,6\u00b0C<\/strong>, la temp\u00e9rature la plus \u00e9lev\u00e9e jamais enregistr\u00e9e. Face \u00e0 cette chaleur, les habitants et les touristes \u00e9vitent les rues du centre-ville.\u00a0<\/p>\n<p class=\"article-p mdl\">Parmi les lieux privil\u00e9gi\u00e9s pour se rafra\u00eechir : <strong>le mus\u00e9e des Beaux-Arts<\/strong>.\u00a0\u00c0\u00a0l&rsquo;int\u00e9rieur, 18\u00b0C, un soulagement imm\u00e9diat pour les visiteurs. \u00a0\u00bb On s&rsquo;est dit &lsquo;Mais o\u00f9 est-ce qu&rsquo;il fait frais ?&rsquo; Dans les bus et les mus\u00e9es\u00a0\u00bb, affirme Greg, l&rsquo;un des visiteurs. \u00a0\u00bb On cherchait un endroit o\u00f9 se rafra\u00eechir tout en se cultivant\u00a0\u00bb, ajoute Christine. \u00ab\u00a0C&rsquo;est l&rsquo;endroit parfait\u00a0\u00bb, conclut Greg.\u00a0<\/p>\n<p class=\"article-p mdl\"><strong>Pourquoi les mus\u00e9es sont des \u00eelots de fra\u00eecheur <\/strong>? \u00ab\u00a0Pour bien conserver ce patrimoine tr\u00e8s pr\u00e9cieux, nous avons un climat qui est ma\u00eetris\u00e9, contr\u00f4l\u00e9. <strong>Une temp\u00e9rature autour de 20 degr\u00e9s<\/strong> et une hygrom\u00e9trie, l&rsquo;humidit\u00e9 dans l&rsquo;air, autour de <strong>50% d&rsquo;humidit\u00e9<\/strong>\u00ab\u00a0, explique Sandra Buratti-Hasan, la conservatrice du mus\u00e9e des Beaux-Arts.\u00a0<\/p>\n<p class=\"article-p mdl\">16 d\u00e9partements seront concern\u00e9s par la vigilance rouge canicule \u00e0 partir de mardi midi.\u00a0<\/p>\n<p>            \u00c0 \u00e9couter \u00e9galement dans ce journal<\/p>\n<p class=\"article-p mdl\"><strong>\u00a0Centrale nucl\u00e9aire de Gravelines <\/strong>&#8211;\u00a0Quatre r\u00e9acteurs ont \u00e9t\u00e9 <strong>mis \u00e0 l&rsquo;arr\u00eat<\/strong> \u00e0 cause de l&rsquo;arriv\u00e9e massive et non pr\u00e9visible de\u00a0<a class=\"link\" href=\"https:\/\/www.rtl.fr\/actu\/debats-societe\/comment-une-invasion-de-meduses-a-mis-a-l-arret-la-centrale-nucleaire-de-gravelines-7900529772\" title=\"Invasion de m\u00e9duses : comment la centrale nucl\u00e9aire de Gravelines a \u00e9t\u00e9 mise \u00e0 l&#039;arr\u00eat\" target=\"_blank\" rel=\"noopener\">m\u00e9duses\u00a0<\/a>depuis la mer jusqu&rsquo;aux portes de la centrale. EDF a assur\u00e9 qu&rsquo;il n&rsquo;y aurait aucun impact sur la production d&rsquo;\u00e9lectricit\u00e9.\u00a0<\/p>\n<p class=\"article-p mdl\"><strong>Guerre \u00e0 Gaza<\/strong> &#8211;\u00a0Emmanuel Macron entend maintenir la pression sur Isra\u00ebl. Le chef de l&rsquo;\u00c9tat insiste en faveur d&rsquo;une <strong>mission de s\u00e9curit\u00e9 de l&rsquo;ONU<\/strong> \u00e0\u00a0<a class=\"link\" href=\"https:\/\/www.rtl.fr\/actu\/international\/gaza-en-quoi-consiste-le-plan-du-premier-ministre-israelien-pour-prendre-le-controle-de-la-ville-7900529836\" title=\"Gaza : en quoi consiste le plan du Premier ministre isra\u00e9lien pour prendre le contr\u00f4le de la ville ?\" target=\"_blank\" rel=\"noopener\">Gaza<\/a>, tout en d\u00e9non\u00e7ant un \u00ab\u00a0d\u00e9sastre annonc\u00e9\u00a0\u00bb apr\u00e8s l&rsquo;annonce du Premier ministre isra\u00e9lien Benjamin Netanyahu d&rsquo;occuper militairement Gaza.<\/p>\n<p class=\"article-p mdl\"><strong>Ligue 1<\/strong> &#8211; Le championnat de France reprend dans quatre jours et les <strong>abonnements\u00a0<\/strong>pour suivre les matchs sont ouverts. La<a class=\"link\" href=\"https:\/\/www.rtl.fr\/sport\/football\/ligue-1-ou-regarder-la-chaine-ligue-1-7900528868\" title=\"Ligue 1 : o\u00f9 regarder la cha\u00eene Ligue 1+ ?\" target=\"_blank\" rel=\"noopener\"> cha\u00eene Ligue 1+<\/a>\u00a0souhaite proposer une offre pour faire revenir les t\u00e9l\u00e9spectateurs.\u00a0<\/p>\n<p>    La r\u00e9daction vous recommande<\/p>\n<p class=\"s-newsletter__title\">\n                L\u2019actualit\u00e9 par la r\u00e9daction de RTL dans votre bo\u00eete mail.\n            <\/p>\n<p class=\"s-newsletter__subtitle\">\n                Gr\u00e2ce \u00e0 votre compte RTL abonnez-vous \u00e0 la newsletter RTL info pour suivre toute l&rsquo;actualit\u00e9 au quotidien\n            <\/p>\n<p>\n                                    Lire la suite\n                                <\/p>\n","protected":false},"excerpt":{"rendered":"Le sud-ouest croule sous la chaleur, la canicule est bel et bien install\u00e9e. Cet apr\u00e8s-midi,\u00a041,4\u00b0C ont \u00e9t\u00e9 atteints&hellip;\n","protected":false},"author":2,"featured_media":313021,"comment_status":"","ping_status":"","sticky":false,"template":"","format":"standard","meta":{"footnotes":""},"categories":[2817],"tags":[1111,11,1997,6698,14817,1777,674,107,1011,27,2487,12,2219,362,360,25],"class_list":{"0":"post-313020","1":"post","2":"type-post","3":"status-publish","4":"format-standard","5":"has-post-thumbnail","7":"category-bordeaux","8":"tag-actu","9":"tag-actualites","10":"tag-bordeaux","11":"tag-canicule","12":"tag-dordogne","13":"tag-eu","14":"tag-europe","15":"tag-fil-info","16":"tag-fr","17":"tag-france","18":"tag-meteo","19":"tag-news","20":"tag-nouvelle-aquitaine","21":"tag-replay","22":"tag-replay-integral","23":"tag-republique-francaise"},"share_on_mastodon":{"url":"https:\/\/pubeurope.com\/@fr\/115013659078129405","error":""},"_links":{"self":[{"href":"https:\/\/www.europesays.com\/fr\/wp-json\/wp\/v2\/posts\/313020","targetHints":{"allow":["GET"]}}],"collection":[{"href":"https:\/\/www.europesays.com\/fr\/wp-json\/wp\/v2\/posts"}],"about":[{"href":"https:\/\/www.europesays.com\/fr\/wp-json\/wp\/v2\/types\/post"}],"author":[{"embeddable":true,"href":"https:\/\/www.europesays.com\/fr\/wp-json\/wp\/v2\/users\/2"}],"replies":[{"embeddable":true,"href":"https:\/\/www.europesays.com\/fr\/wp-json\/wp\/v2\/comments?post=313020"}],"version-history":[{"count":0,"href":"https:\/\/www.europesays.com\/fr\/wp-json\/wp\/v2\/posts\/313020\/revisions"}],"wp:featuredmedia":[{"embeddable":true,"href":"https:\/\/www.europesays.com\/fr\/wp-json\/wp\/v2\/media\/313021"}],"wp:attachment":[{"href":"https:\/\/www.europesays.com\/fr\/wp-json\/wp\/v2\/media?parent=313020"}],"wp:term":[{"taxonomy":"category","embeddable":true,"href":"https:\/\/www.europesays.com\/fr\/wp-json\/wp\/v2\/categories?post=313020"},{"taxonomy":"post_tag","embeddable":true,"href":"https:\/\/www.europesays.com\/fr\/wp-json\/wp\/v2\/tags?post=313020"}],"curies":[{"name":"wp","href":"https:\/\/api.w.org\/{rel}","templated":true}]}}