{"id":313030,"date":"2025-08-12T03:30:20","date_gmt":"2025-08-12T03:30:20","guid":{"rendered":"https:\/\/www.europesays.com\/fr\/313030\/"},"modified":"2025-08-12T03:30:20","modified_gmt":"2025-08-12T03:30:20","slug":"des-fermetures-nocturnes-concerneront-le-tunnel-prado-carenage-et-la-l2-cette-semaine","status":"publish","type":"post","link":"https:\/\/www.europesays.com\/fr\/313030\/","title":{"rendered":"des fermetures nocturnes concerneront le tunnel Prado Car\u00e9nage et la L2 cette semaine"},"content":{"rendered":"<p>Peu de <a href=\"https:\/\/www.laprovence.com\/article\/region\/1020860973825514\/c-est-un-parcours-du-combattant-ces-automobilistes-irrites-par-les-fermetures-d-autoroutes-autour-de-marseille\" target=\"_blank\" rel=\"noopener\">fermetures d&rsquo;autoroutes<\/a> sont \u00e0 pr\u00e9voir, le soir et la nuit dans les Bouches-du-Rh\u00f4ne, pour la semaine du lundi 11 au vendredi 15 ao\u00fbt. Dans son planning hebdomadaire, la Direction interd\u00e9partementale des routes M\u00e9diterran\u00e9e (<a href=\"https:\/\/www.laprovence.com\/article\/region\/2295799866146215\/video-autoroutes-a-marseille-des-oeuvres-pour-limiter-la-profusion-des-tags-et-promouvoir-les-artistes-locaux\" target=\"_blank\" rel=\"noopener\">Dirmed<\/a>) pr\u00e9voit tout de m\u00eame la mise en place de quelques restrictions, qui s&rsquo;arr\u00eateront avant le 15 ao\u00fbt, jour f\u00e9ri\u00e9 oblige.<\/p>\n<p>Ces fermetures, qui entra\u00eenent in\u00e9vitablement des d\u00e9viations, vont uniquement concerner la rocade L2. Elles permettent aux agents de la Dirmed de r\u00e9aliser des travaux de maintenance.<\/p>\n<p>Seuls deux soirs sont en r\u00e9alit\u00e9 concern\u00e9s par des coupures de la circulation, en d\u00e9but de semaine. De leur c\u00f4t\u00e9, ni <a href=\"https:\/\/www.laprovence.com\/article\/region\/1275909485811914\/bientot-moins-d-embouteillages-a-salon-la-bifurcation-a7-a54-operationnelle\" target=\"_blank\" rel=\"noopener\">Vinci Autoroutes<\/a>, ni la <a href=\"https:\/\/www.laprovence.com\/article\/region\/2036325502738215\/plan-de-mobilite-de-la-metropole-aix-marseille-provence-et-si-on-avancait-enfin-en-pays-daix\" target=\"_blank\" rel=\"noopener\">M\u00e9tropole Aix-Marseille-Provence<\/a> ne pr\u00e9voient de fermetures sur les axes dont ils s&rsquo;occupent.<\/p>\n<p>Voici <strong>le d\u00e9tail des fermetures d&rsquo;autoroutes dans les Bouches-du-Rh\u00f4ne<\/strong>, du lundi 11 au vendredi 15 ao\u00fbt.<\/p>\n<p>Autoroutes<\/p>\n<p><strong>Nuit du lundi 11 au mardi 12 ao\u00fbt<\/strong><\/p>\n<ul>&#13;<\/p>\n<li><strong>A507 (rocade L2) : <\/strong>coupure totale de la circulation dans le sens Aubagne-Aix-en-Provence, de 21 h \u00e0 6 h<\/li>\n<p>&#13;<\/p>\n<li><strong>Le tunnel Prado Car\u00e9nage<\/strong> sera ferm\u00e9<strong> <\/strong>de 22h30 \u00e0 1h00, dans le sens Aubagne-Marseille&#13;<br \/>\n&#13;\n<\/li>\n<p>&#13;\n<\/ul>\n<p><strong>Nuit du mardi 12 au mercredi 13 ao\u00fbt<\/strong><\/p>\n<ul>&#13;<\/p>\n<li><strong>A507 (rocade L2) : <\/strong>coupure totale de la circulation dans le sens Aix-en-Provence-Aubagne, de 21 h \u00e0 6 h<\/li>\n<p>&#13;<\/p>\n<li>\u00a0<strong>Le tunnel Prado Car\u00e9nage<\/strong> sera ferm\u00e9<strong> <\/strong>de 22h30 \u00e0 1h00, dans le sens Aubagne-Marseille\u00a0<\/li>\n<p>&#13;\n<\/ul>\n","protected":false},"excerpt":{"rendered":"Peu de fermetures d&rsquo;autoroutes sont \u00e0 pr\u00e9voir, le soir et la nuit dans les Bouches-du-Rh\u00f4ne, pour la semaine&hellip;\n","protected":false},"author":2,"featured_media":313031,"comment_status":"","ping_status":"","sticky":false,"template":"","format":"standard","meta":{"footnotes":""},"categories":[2814],"tags":[17,1111,11,885,1102,45269,154,1777,674,20685,1011,27,884,12,30283,13098,882,16,25,17374],"class_list":{"0":"post-313030","1":"post","2":"type-post","3":"status-publish","4":"format-standard","5":"has-post-thumbnail","7":"category-marseille","8":"tag-17","9":"tag-actu","10":"tag-actualites","11":"tag-bouches-du-rhone","12":"tag-breakingnews","13":"tag-concerneront","14":"tag-des","15":"tag-eu","16":"tag-europe","17":"tag-fermetures","18":"tag-fr","19":"tag-france","20":"tag-marseille","21":"tag-news","22":"tag-nocturnes","23":"tag-prado","24":"tag-provence-alpes-cote-dazur","25":"tag-region","26":"tag-republique-francaise","27":"tag-tunnel"},"share_on_mastodon":{"url":"https:\/\/pubeurope.com\/@fr\/115013682727376917","error":""},"_links":{"self":[{"href":"https:\/\/www.europesays.com\/fr\/wp-json\/wp\/v2\/posts\/313030","targetHints":{"allow":["GET"]}}],"collection":[{"href":"https:\/\/www.europesays.com\/fr\/wp-json\/wp\/v2\/posts"}],"about":[{"href":"https:\/\/www.europesays.com\/fr\/wp-json\/wp\/v2\/types\/post"}],"author":[{"embeddable":true,"href":"https:\/\/www.europesays.com\/fr\/wp-json\/wp\/v2\/users\/2"}],"replies":[{"embeddable":true,"href":"https:\/\/www.europesays.com\/fr\/wp-json\/wp\/v2\/comments?post=313030"}],"version-history":[{"count":0,"href":"https:\/\/www.europesays.com\/fr\/wp-json\/wp\/v2\/posts\/313030\/revisions"}],"wp:featuredmedia":[{"embeddable":true,"href":"https:\/\/www.europesays.com\/fr\/wp-json\/wp\/v2\/media\/313031"}],"wp:attachment":[{"href":"https:\/\/www.europesays.com\/fr\/wp-json\/wp\/v2\/media?parent=313030"}],"wp:term":[{"taxonomy":"category","embeddable":true,"href":"https:\/\/www.europesays.com\/fr\/wp-json\/wp\/v2\/categories?post=313030"},{"taxonomy":"post_tag","embeddable":true,"href":"https:\/\/www.europesays.com\/fr\/wp-json\/wp\/v2\/tags?post=313030"}],"curies":[{"name":"wp","href":"https:\/\/api.w.org\/{rel}","templated":true}]}}