{"id":313032,"date":"2025-08-12T03:31:17","date_gmt":"2025-08-12T03:31:17","guid":{"rendered":"https:\/\/www.europesays.com\/fr\/313032\/"},"modified":"2025-08-12T03:31:17","modified_gmt":"2025-08-12T03:31:17","slug":"deux-nouveaux-morts-par-noyade-en-moins-de-24-heures-2","status":"publish","type":"post","link":"https:\/\/www.europesays.com\/fr\/313032\/","title":{"rendered":"Deux nouveaux morts par noyade en moins de 24 heures"},"content":{"rendered":"<p>Deux hommes sont d\u00e9c\u00e9d\u00e9s \u00e0 <a href=\"https:\/\/www.20minutes.fr\/marseille\/\" class=\"color-ultramarine c-link\" rel=\"nofollow noopener\" target=\"_blank\">Marseille <\/a>par <a href=\"https:\/\/www.20minutes.fr\/dossier\/noyade\" class=\"color-ultramarine c-link\" rel=\"nofollow noopener\" target=\"_blank\">noyade<\/a>, en moins de vingt-quatre heures. T\u00f4t dans la journ\u00e9e de dimanche, un homme \u00e2g\u00e9 de 68 ans est mort de noyade sur une plage du huiti\u00e8me arrondissement.<\/p>\n<p>Le second, \u00e2g\u00e9 d\u2019une soixantaine d\u2019ann\u00e9es, est d\u00e9c\u00e9d\u00e9 ce lundi sur la plage du Prado, au cours de la matin\u00e9e, \u00e9voque <a href=\"https:\/\/www.francebleu.fr\/infos\/faits-divers-justice\/un-homme-meurt-noye-plage-du-prado-a-marseille-4578980\" target=\"_blank\" class=\"color-ultramarine c-link\" rel=\"nofollow noopener\">Ici Provence<\/a>. A l\u2019arriv\u00e9e des sapeurs-pompiers, vers 8 heures du matin, la victime \u00e9tait en arr\u00eat cardiorespiratoire. Malgr\u00e9 leurs efforts, ils n\u2019ont pas pu le ranimer.<\/p>\n<p>Une longue liste de victimes de noyades au cours de l\u2019\u00e9t\u00e9<\/p>\n<p>Ces deux hommes s\u2019ajoutent \u00e0 une longue liste de victimes en France depuis le d\u00e9but de l\u2019\u00e9t\u00e9. Avec les fortes chaleurs depuis le mois de juin, le nombre de noyades, suivies ou nom de d\u00e9c\u00e8s, a explos\u00e9 en France en\u00a02025. Pr\u00e8s de 200 personnes sont mortes en France au cours des mois de juin et juillet. Soit 45\u00a0% de plus qu\u2019en\u00a02024.<\/p>\n","protected":false},"excerpt":{"rendered":"Deux hommes sont d\u00e9c\u00e9d\u00e9s \u00e0 Marseille par noyade, en moins de vingt-quatre heures. T\u00f4t dans la journ\u00e9e de&hellip;\n","protected":false},"author":2,"featured_media":313033,"comment_status":"","ping_status":"","sticky":false,"template":"","format":"standard","meta":{"footnotes":""},"categories":[2814],"tags":[1111,47,11,885,1777,674,118,7505,1011,27,884,12,7781,883,882,25],"class_list":{"0":"post-313032","1":"post","2":"type-post","3":"status-publish","4":"format-standard","5":"has-post-thumbnail","7":"category-marseille","8":"tag-actu","9":"tag-actualite","10":"tag-actualites","11":"tag-bouches-du-rhone","12":"tag-eu","13":"tag-europe","14":"tag-faits-divers","15":"tag-faits-divers-marseille","16":"tag-fr","17":"tag-france","18":"tag-marseille","19":"tag-news","20":"tag-noyade","21":"tag-paca","22":"tag-provence-alpes-cote-dazur","23":"tag-republique-francaise"},"share_on_mastodon":{"url":"https:\/\/pubeurope.com\/@fr\/115013686610703974","error":""},"_links":{"self":[{"href":"https:\/\/www.europesays.com\/fr\/wp-json\/wp\/v2\/posts\/313032","targetHints":{"allow":["GET"]}}],"collection":[{"href":"https:\/\/www.europesays.com\/fr\/wp-json\/wp\/v2\/posts"}],"about":[{"href":"https:\/\/www.europesays.com\/fr\/wp-json\/wp\/v2\/types\/post"}],"author":[{"embeddable":true,"href":"https:\/\/www.europesays.com\/fr\/wp-json\/wp\/v2\/users\/2"}],"replies":[{"embeddable":true,"href":"https:\/\/www.europesays.com\/fr\/wp-json\/wp\/v2\/comments?post=313032"}],"version-history":[{"count":0,"href":"https:\/\/www.europesays.com\/fr\/wp-json\/wp\/v2\/posts\/313032\/revisions"}],"wp:featuredmedia":[{"embeddable":true,"href":"https:\/\/www.europesays.com\/fr\/wp-json\/wp\/v2\/media\/313033"}],"wp:attachment":[{"href":"https:\/\/www.europesays.com\/fr\/wp-json\/wp\/v2\/media?parent=313032"}],"wp:term":[{"taxonomy":"category","embeddable":true,"href":"https:\/\/www.europesays.com\/fr\/wp-json\/wp\/v2\/categories?post=313032"},{"taxonomy":"post_tag","embeddable":true,"href":"https:\/\/www.europesays.com\/fr\/wp-json\/wp\/v2\/tags?post=313032"}],"curies":[{"name":"wp","href":"https:\/\/api.w.org\/{rel}","templated":true}]}}