{"id":313034,"date":"2025-08-12T03:32:10","date_gmt":"2025-08-12T03:32:10","guid":{"rendered":"https:\/\/www.europesays.com\/fr\/313034\/"},"modified":"2025-08-12T03:32:10","modified_gmt":"2025-08-12T03:32:10","slug":"la46-bloquee-a-cause-de-lincendie-dun-camion-transportant-du-papier","status":"publish","type":"post","link":"https:\/\/www.europesays.com\/fr\/313034\/","title":{"rendered":"l&rsquo;A46 bloqu\u00e9e \u00e0 cause de l&rsquo;incendie d&rsquo;un camion transportant du papier"},"content":{"rendered":"<p itemprop=\"description\"><strong>C&rsquo;est une apr\u00e8s-midi de cauchemar pour les pompiers et les automobilistes coinc\u00e9s sur l&rsquo;A46.<\/strong><\/p>\n<p>Vers 13h, un poids-lourd a \u00e9t\u00e9 victime d&rsquo;un incendie qui s&rsquo;est d\u00e9clar\u00e9 sur l&rsquo;axe en direction de Marseille et \u00e0 hauteur de Communay.<\/p>\n<p>Trois heures et demi plus tard, le sinistre n&rsquo;\u00e9tait toujours pas \u00e9teint, car les pompiers font face \u00e0 un d\u00e9tail significatif : le camion transportait du papier et des cartons\u2026<\/p>\n<p>L&rsquo;intervention s&rsquo;\u00e9ternisant, sans oublier la future \u00e9vacuation du v\u00e9hicule sinistr\u00e9, la situation devient explosive sur l&rsquo;axe.<\/p>\n<p>En plein soleil, les automobilistes pi\u00e9g\u00e9s dans les bouchons sont \u00e9vacu\u00e9s, tandis qu&rsquo;il est formellement d\u00e9conseill\u00e9 d&#8217;emprunter l&rsquo;A46 sud.<\/p>\n","protected":false},"excerpt":{"rendered":"C&rsquo;est une apr\u00e8s-midi de cauchemar pour les pompiers et les automobilistes coinc\u00e9s sur l&rsquo;A46. Vers 13h, un poids-lourd&hellip;\n","protected":false},"author":2,"featured_media":313035,"comment_status":"","ping_status":"","sticky":false,"template":"","format":"standard","meta":{"footnotes":""},"categories":[1889],"tags":[1111,11,2813,2190,2430,1109,251,1112,2811,1777,674,118,1011,27,1922,1110,1114,2428,2810,12,241,316,25,2812,517,800],"class_list":{"0":"post-313034","1":"post","2":"type-post","3":"status-publish","4":"format-standard","5":"has-post-thumbnail","7":"category-lyon","8":"tag-actu","9":"tag-actualites","10":"tag-article","11":"tag-asvel","12":"tag-auvergne-rhone-alpes","13":"tag-breves","14":"tag-culture","15":"tag-depeches","16":"tag-economique","17":"tag-eu","18":"tag-europe","19":"tag-faits-divers","20":"tag-fr","21":"tag-france","22":"tag-info","23":"tag-informations","24":"tag-infos","25":"tag-lyon","26":"tag-lyonmag","27":"tag-news","28":"tag-ol","29":"tag-politique","30":"tag-republique-francaise","31":"tag-sociale","32":"tag-sport","33":"tag-transports"},"share_on_mastodon":{"url":"https:\/\/pubeurope.com\/@fr\/115013690879260281","error":""},"_links":{"self":[{"href":"https:\/\/www.europesays.com\/fr\/wp-json\/wp\/v2\/posts\/313034","targetHints":{"allow":["GET"]}}],"collection":[{"href":"https:\/\/www.europesays.com\/fr\/wp-json\/wp\/v2\/posts"}],"about":[{"href":"https:\/\/www.europesays.com\/fr\/wp-json\/wp\/v2\/types\/post"}],"author":[{"embeddable":true,"href":"https:\/\/www.europesays.com\/fr\/wp-json\/wp\/v2\/users\/2"}],"replies":[{"embeddable":true,"href":"https:\/\/www.europesays.com\/fr\/wp-json\/wp\/v2\/comments?post=313034"}],"version-history":[{"count":0,"href":"https:\/\/www.europesays.com\/fr\/wp-json\/wp\/v2\/posts\/313034\/revisions"}],"wp:featuredmedia":[{"embeddable":true,"href":"https:\/\/www.europesays.com\/fr\/wp-json\/wp\/v2\/media\/313035"}],"wp:attachment":[{"href":"https:\/\/www.europesays.com\/fr\/wp-json\/wp\/v2\/media?parent=313034"}],"wp:term":[{"taxonomy":"category","embeddable":true,"href":"https:\/\/www.europesays.com\/fr\/wp-json\/wp\/v2\/categories?post=313034"},{"taxonomy":"post_tag","embeddable":true,"href":"https:\/\/www.europesays.com\/fr\/wp-json\/wp\/v2\/tags?post=313034"}],"curies":[{"name":"wp","href":"https:\/\/api.w.org\/{rel}","templated":true}]}}