{"id":313036,"date":"2025-08-12T03:33:14","date_gmt":"2025-08-12T03:33:14","guid":{"rendered":"https:\/\/www.europesays.com\/fr\/313036\/"},"modified":"2025-08-12T03:33:14","modified_gmt":"2025-08-12T03:33:14","slug":"vigilance-rouge-canicule-a-lyon-des-conseils-bons-a-rappeler","status":"publish","type":"post","link":"https:\/\/www.europesays.com\/fr\/313036\/","title":{"rendered":"Vigilance rouge canicule \u00e0 Lyon : des conseils bons \u00e0 rappeler&#8230;"},"content":{"rendered":"<p>M\u00e9t\u00e9o-France place le d\u00e9partement du Rh\u00f4ne et la M\u00e9tropole de Lyon au niveau de vigilance rouge \u00ab CANICULE \u00bb, \u00e0 partir du ce mardi 12 ao\u00fbt 12h<\/p>\n<p>Les <strong>fortes temp\u00e9ratures<\/strong> enregistr\u00e9es ces derniers jours vont s\u2019intensifier dans les prochaines heures et pendant plusieurs jours. L\u2019<strong>effet de la chaleur<\/strong> sur l\u2019organisme peut \u00eatre rapide et survient d\u00e8s les premi\u00e8res augmentations de temp\u00e9rature. A compter du premier niveau de <strong>vigilance m\u00e9t\u00e9orologique<\/strong>\u2026<\/p>\n<p>Pendant les <strong>fortes chaleurs<\/strong>, les personnes d\u00e9j\u00e0 fragilis\u00e9es (personnes \u00e2g\u00e9es, personnes atteintes d\u2019une maladie chronique, nourrissons, enfants de moins de 4 ans et personnes isol\u00e9es\u2026) sont particuli\u00e8rement vuln\u00e9rables. Elles risquent une <strong>d\u00e9shydratation<\/strong>, l\u2019aggravation de leur <strong>maladie chronique<\/strong> ou encore un <strong>coup de chaleur<\/strong>.<\/p>\n<p>Les effets peuvent \u00e9galement \u00eatre d\u00e9cal\u00e9s dans le temps. Entra\u00eenant une <strong>fatigue anormale<\/strong> et une <strong>aggravation des pathologies existantes<\/strong>\u2026<\/p>\n<p>Ecoutez aussi : <a href=\"https:\/\/www.lyondemain.fr\/parc-mandela-lyon-part-dieu\/\" target=\"_blank\" rel=\"noreferrer noopener\">Parc Mandela : un espace de respiration pr\u00e8s de la Part-Dieu<\/a><\/p>\n<p>Vigilance rouge canicule : des conseils pour les particuliers, des mesures pour les professionnels<\/p>\n<p>Devant les risques li\u00e9s \u00e0 cette <strong>alerte m\u00e9t\u00e9orologique<\/strong>, la Pr\u00e9f\u00e8te <strong>Fabienne BUCCIO<\/strong>, en lien avec les services de l\u2019\u00c9tat, les partenaires et les collectivit\u00e9s, prend les mesures suivantes pendant toute la dur\u00e9e de la vigilance.<\/p>\n<p>L\u2019ensemble des <strong>activit\u00e9s de chantier<\/strong> du secteur du b\u00e2timent et des travaux publics r\u00e9alis\u00e9s en ext\u00e9rieur sont suspendues entre 12h00 et 22h00.<\/p>\n<p>La tenue de toute <strong>manifestation publique<\/strong>, revendicative, culturelle, cultuelle, sportive ou comm\u00e9morative, en ext\u00e9rieur ou dans des \u00e9tablissements non climatis\u00e9s ou r\u00e9frig\u00e9r\u00e9s recevant du public, est interdite de 12h00 \u00e0 20h00 dans le d\u00e9partement du Rh\u00f4ne et la M\u00e9tropole de Lyon.<\/p>\n<p>Ecoutez aussi : <a href=\"https:\/\/www.lyondemain.fr\/johnny-entourage-lien-social\/\" target=\"_blank\" rel=\"noreferrer noopener\">Entourage : les Johnny rallument le feu du lien social<\/a><\/p>\n<blockquote class=\"twitter-tweet\" data-media-max-width=\"560\">\n<p lang=\"fr\" dir=\"ltr\">\ud83c\udf21\ud83c\udf1e \ud83d\udd34 <a href=\"https:\/\/twitter.com\/hashtag\/Vigilance?src=hash&amp;ref_src=twsrc%5Etfw\" target=\"_blank\" rel=\"noopener\">#Vigilance<\/a> <\/p>\n<p>\u00c0 compter de demain, mardi 12 ao\u00fbt, le d\u00e9partement du <a href=\"https:\/\/twitter.com\/hashtag\/Rh%C3%B4ne?src=hash&amp;ref_src=twsrc%5Etfw\" target=\"_blank\" rel=\"noopener\">#Rh\u00f4ne<\/a> et la <a href=\"https:\/\/twitter.com\/hashtag\/M%C3%A9tropole?src=hash&amp;ref_src=twsrc%5Etfw\" target=\"_blank\" rel=\"noopener\">#M\u00e9tropole<\/a> de Lyon passent en vigilance rouge canicule d\u00e8s 12h00. <\/p>\n<p>Devant les risques li\u00e9s \u00e0 cette alerte m\u00e9t\u00e9orologique, la Pr\u00e9f\u00e8te du Rh\u00f4ne prend les mesures suivantes \u2b07\ufe0f\u2026 <a href=\"https:\/\/t.co\/6bwTZu9FkK\">pic.twitter.com\/6bwTZu9FkK<\/a><\/p>\n<p>\u2014 Pr\u00e9f\u00e8te de r\u00e9gion Auvergne-Rh\u00f4ne-Alpes et du Rh\u00f4ne (@prefetrhone) <a href=\"https:\/\/twitter.com\/prefetrhone\/status\/1954938071520350717?ref_src=twsrc%5Etfw\" target=\"_blank\" rel=\"noopener\">August 11, 2025<\/a><\/p><\/blockquote>\n<p>Un centre op\u00e9rationnel d\u00e9partemental activ\u00e9<\/p>\n<p>Pour assurer la s\u00e9curit\u00e9 des biens et des personnes, le <strong>centre op\u00e9rationnel d\u00e9partemental<\/strong> sera activ\u00e9 d\u00e8s mardi 12 ao\u00fbt 2025, en pr\u00e9fecture.<\/p>\n<p>Les autorit\u00e9s recommandent \u00e0 chacun de <strong>faire preuve de la plus grande vigilance<\/strong>; Et pr\u00e9conisent notamment \u00e0 destination des <strong>personnes fragiles<\/strong> les principaux <strong>conseils et gestes simples \u00e0 adopter<\/strong> pour se prot\u00e9ger des <strong>fortes chaleurs<\/strong>.<\/p>\n<p><strong>Buvez r\u00e9guli\u00e8rement<\/strong> de l\u2019eau sans attendre d\u2019avoir soif. Rafra\u00eechissez-vous et <strong>mouillez-vous le corps<\/strong> (au moins le visage et les avants bras) plusieurs fois par jour. <strong>Mangez en quantit\u00e9 suffisante<\/strong> et <strong>ne buvez pas d\u2019alcool<\/strong>. <strong>\u00c9vitez de sortir aux heures les plus chaudes<\/strong>. Et <strong>passez plusieurs heures par jour dans un lieu frais<\/strong> (cin\u00e9ma, biblioth\u00e8que municipale, supermarch\u00e9\u2026).<\/p>\n<p><strong>\u00c9vitez les heures les plus chaudes<\/strong> de la journ\u00e9e pour les activit\u00e9s sportives. <strong>Maintenez votre logement frais<\/strong>. <strong>Fermez fen\u00eatres et volets la journ\u00e9e<\/strong>, ouvrez-les le soir et la nuit s\u2019il fait plus frais. Pensez \u00e0 <strong>donner r\u00e9guli\u00e8rement de vos nouvelles<\/strong> \u00e0 vos proches. Et, d\u00e8s que n\u00e9cessaire, <strong>osez demander de l\u2019aide<\/strong> pour faire face \u00e0 la chaleur qui occasionne cette vigilance rouge canicule.<\/p>\n<p>Ecoutez aussi : <a href=\"https:\/\/www.lyondemain.fr\/le-carrosse-de-vincent-triporteur\/\" target=\"_blank\" rel=\"noreferrer noopener\">Le Carrosse de Vincent : le triporteur qui se faufile partout \u00e0 Lyon\u2026<\/a><\/p>\n<p>En cas d\u2019urgence, appelez le 15 imm\u00e9diatement<\/p>\n<p>Un num\u00e9ro de t\u00e9l\u00e9phone national, \u00ab canicule info services \u00bb au <strong>0800 06 66 66 <\/strong>est mis en place. Cette plateforme d\u2019information fonctionne tous les jours. Elle permet d\u2019obtenir des conseils pour aider \u00e0 supporter les fortes chaleurs. Et des informations utiles en cas de situation particuli\u00e8re.<\/p>\n<p><strong>Travailleurs<\/strong> : lors de p\u00e9riodes de fortes chaleurs, certains travailleurs peuvent \u00eatre particuli\u00e8rement expos\u00e9s aux risques li\u00e9s aux fortes chaleurs. Buvez beaucoup d\u2019eau, plusieurs fois par jour. Soyez vigilant pour vos coll\u00e8gues et vous-m\u00eame. Prot\u00e9gez votre peau du soleil, et si vous vous sentez mal, signalez-le rapidement.<\/p>\n<p><strong>Employeurs<\/strong> : \u00e9valuez les risques, prenez les d\u00e9cisions qui s\u2019imposent, notamment l\u2019am\u00e9nagement des horaires afin de limiter l\u2019exposition des salari\u00e9s \u00e0 la chaleur de la journ\u00e9e et le report des taches p\u00e9nibles. Dans le secteur du b\u00e2timent et des travaux publics par exemple, am\u00e9nagez les chantiers pour assurer la sant\u00e9 et la s\u00e9curit\u00e9 de vos salari\u00e9s<\/p>\n<p>Pour toute information compl\u00e9mentaire :<br \/><a href=\"http:\/\/www.santepubliquefrance.fr\" target=\"_blank\" rel=\"noopener\">Sant\u00e9 Publique France<\/a> <br \/><a href=\"http:\/\/vigilance.meteofrance.fr\/fr\/canicule\" target=\"_blank\" rel=\"noreferrer noopener\">M\u00e9teo-France<\/a> <br \/><a href=\"http:\/\/travail-emploi.gouv.fr\/sante-au-travail\/prevention-des-risques-pour-lasante-au-travail\/article\/chaleur-et-canicule-au-travail-les-precautions-a-prendre\" target=\"_blank\" rel=\"noreferrer noopener\">Minist\u00e8re du Travail<\/a> <\/p>\n<p>Des mesures de la Ville de Lyon pour faire face \u00e0 la canicule<\/p>\n<p>Le <strong>parc Blandan<\/strong> sera ouvert toute la nuit. Il sera possible d\u2019y dormir en amenant son sac de couchage. Le<strong> parc de Gerland<\/strong> restera ouvert jusqu\u2019\u00e0 minuit. Le parc de la T\u00eate d\u2019Or jusqu\u2019\u00e0 23h30.<\/p>\n<p>Les <strong>mus\u00e9es des Beaux-Arts et Gadagne<\/strong> ouvriront gratuitement leurs portes pour s\u2019y rafra\u00eechir, aux jours et aux horaires d\u2019ouverture habituels (\u00e0 partir du mercredi 13 ao\u00fbt, ces mus\u00e9es \u00e9tant ferm\u00e9s tous les mardis)<\/p>\n<p>La <strong>Ville de Lyon<\/strong> met en place le dispositif \u00ab <strong>Objectif Fra\u00eecheur<\/strong> \u00bb avec plusieurs actions majeures pour vous aider \u00e0 mieux vivre ces <strong>\u00e9pisodes de chaleur<\/strong> : https:\/\/www.lyon.fr\/fortes-chaleurs<\/p>\n<p>Le num\u00e9ro de la <strong>Ville de Lyon<\/strong> pour rester inform\u00e9s : 04 72 10 36 26<\/p>\n<p>Ecoutez aussi : <a href=\"https:\/\/www.lyondemain.fr\/la-melting-coop-epicerie-participative\/\" target=\"_blank\" rel=\"noreferrer noopener\">La Melting Coop : l\u2019alternative au supermarch\u00e9\u2026<\/a><\/p>\n<p><img fetchpriority=\"high\" decoding=\"async\" width=\"1200\" height=\"675\" src=\"https:\/\/www.europesays.com\/fr\/wp-content\/uploads\/2025\/08\/Vigilance-rouge-canicule-Lyon.jpg\" alt=\"Vigilance rouge canicule Lyon\" class=\"wp-image-250983\"  \/><br \/>\nJ\u2019aime \u00e7a\u00a0:<\/p>\n<p>J\u2019aime chargement\u2026<\/p>\n<p><a class=\"sd-link-color\"\/><\/p>\n<p>\n\tArticles similaires\n<\/p>\n<p>\t\t\t\t<img decoding=\"async\" src=\"https:\/\/www.europesays.com\/fr\/wp-content\/uploads\/2025\/08\/1754969594_901_7866158698e17e8ed633c05e8f8e7fe5d9e057ad78661c4dc34e413abb6b9f19\" alt=\"G\u00e9rald Bouchon\"\/><\/p>\n<p>Pionnier des radios libres, passionn\u00e9 de radio, journaliste et dirigeant de m\u00e9dias \u00e9co-responsables..<\/p>\n<p>\t\t\t<script async src=\"https:\/\/platform.twitter.com\/widgets.js\" charset=\"utf-8\"><\/script><\/p>\n","protected":false},"excerpt":{"rendered":"M\u00e9t\u00e9o-France place le d\u00e9partement du Rh\u00f4ne et la M\u00e9tropole de Lyon au niveau de vigilance rouge \u00ab CANICULE&hellip;\n","protected":false},"author":2,"featured_media":313037,"comment_status":"","ping_status":"","sticky":false,"template":"","format":"standard","meta":{"footnotes":""},"categories":[1889],"tags":[1111,11,2430,6698,13208,1777,674,1011,27,2428,12,25],"class_list":{"0":"post-313036","1":"post","2":"type-post","3":"status-publish","4":"format-standard","5":"has-post-thumbnail","7":"category-lyon","8":"tag-actu","9":"tag-actualites","10":"tag-auvergne-rhone-alpes","11":"tag-canicule","12":"tag-chaleur","13":"tag-eu","14":"tag-europe","15":"tag-fr","16":"tag-france","17":"tag-lyon","18":"tag-news","19":"tag-republique-francaise"},"share_on_mastodon":{"url":"https:\/\/pubeurope.com\/@fr\/115013694489178308","error":""},"_links":{"self":[{"href":"https:\/\/www.europesays.com\/fr\/wp-json\/wp\/v2\/posts\/313036","targetHints":{"allow":["GET"]}}],"collection":[{"href":"https:\/\/www.europesays.com\/fr\/wp-json\/wp\/v2\/posts"}],"about":[{"href":"https:\/\/www.europesays.com\/fr\/wp-json\/wp\/v2\/types\/post"}],"author":[{"embeddable":true,"href":"https:\/\/www.europesays.com\/fr\/wp-json\/wp\/v2\/users\/2"}],"replies":[{"embeddable":true,"href":"https:\/\/www.europesays.com\/fr\/wp-json\/wp\/v2\/comments?post=313036"}],"version-history":[{"count":0,"href":"https:\/\/www.europesays.com\/fr\/wp-json\/wp\/v2\/posts\/313036\/revisions"}],"wp:featuredmedia":[{"embeddable":true,"href":"https:\/\/www.europesays.com\/fr\/wp-json\/wp\/v2\/media\/313037"}],"wp:attachment":[{"href":"https:\/\/www.europesays.com\/fr\/wp-json\/wp\/v2\/media?parent=313036"}],"wp:term":[{"taxonomy":"category","embeddable":true,"href":"https:\/\/www.europesays.com\/fr\/wp-json\/wp\/v2\/categories?post=313036"},{"taxonomy":"post_tag","embeddable":true,"href":"https:\/\/www.europesays.com\/fr\/wp-json\/wp\/v2\/tags?post=313036"}],"curies":[{"name":"wp","href":"https:\/\/api.w.org\/{rel}","templated":true}]}}