{"id":313038,"date":"2025-08-12T03:36:18","date_gmt":"2025-08-12T03:36:18","guid":{"rendered":"https:\/\/www.europesays.com\/fr\/313038\/"},"modified":"2025-08-12T03:36:18","modified_gmt":"2025-08-12T03:36:18","slug":"les-restes-dun-chercheur-britannique-disparu-en-antarctique-il-y-a-plus-de-six-decennies-retrouves","status":"publish","type":"post","link":"https:\/\/www.europesays.com\/fr\/313038\/","title":{"rendered":"Les restes d&rsquo;un chercheur britannique disparu en Antarctique il y a plus de six d\u00e9cennies retrouv\u00e9s"},"content":{"rendered":"<p class=\"c-chapo \">\n  Dennis Bell, jeune m\u00e9t\u00e9orologue de 25 ans, \u00e9tait tomb\u00e9 dans une crevasse sur un glacier de l&rsquo;Ile du Roi-George, plus grande \u00eele de l&rsquo;archipel des \u00eeles Shetland du Sud, le 26 juillet 1959.\n<\/p>\n<p>            lire plus tard<\/p>\n<p id=\"dialog__title\" class=\"dialog__title\">Pour sauvegarder cet article, connectez-vous ou cr\u00e9ez un compte franceinfo<\/p>\n<p class=\"dialog__description\">Sans paiement. Sans abonnement.<\/p>\n<p>        Fermer la fen\u00eatre d\u2019activation des notifications France Info<\/p>\n<p>            cr\u00e9er votre compte<\/p>\n<p>            se connecter<\/p>\n<p>        Fermer la fen\u00eatre de pr\u00e9sentation<\/p>\n<p>    <img loading=\"lazy\" decoding=\"async\" class=\"signature__image lazyload\" width=\"100\" height=\"100\" data- alt=\"\" src=\"https:\/\/www.europesays.com\/fr\/wp-content\/uploads\/2025\/05\/64a68815cd1a7_placeholder-36b69ec8.png\"\/><\/p>\n<p>    Publi\u00e9 le 11\/08\/2025 18:38<\/p>\n<p>      Mis \u00e0 jour le 11\/08\/2025 19:44<\/p>\n<p>        Temps de lecture : 1min<\/p>\n<p>    <img decoding=\"async\"  alt=\"Le glacier Shoesmith, en Antarctique, le 18 f\u00e9vrier 2024. (SEBNEM COSKUN \/ AFP)\" width=\"432\" height=\"243\" src=\"https:\/\/www.europesays.com\/fr\/wp-content\/uploads\/2025\/08\/068-aa-23022024-1546366-689a1c1d6a19f321627455.jpg\" fetchpriority=\"high\"\/><\/p>\n<p>      Le glacier Shoesmith, en Antarctique, le 18 f\u00e9vrier 2024. (SEBNEM COSKUN \/ AFP)<\/p>\n<p>Il avait disparu en 1959 lors d&rsquo;une mission en <a href=\"https:\/\/www.franceinfo.fr\/replay-radio\/ma-vie-en-antarctique\/\" rel=\"nofollow noopener\" target=\"_blank\">Antarctique<\/a>. Les restes d&rsquo;un chercheur britannique ont \u00e9t\u00e9 retrouv\u00e9s en 2025 \u00e0 la faveur de la fonte des glaces et rendus \u00e0 sa famille, a r\u00e9v\u00e9l\u00e9 lundi 11 ao\u00fbt l&rsquo;institut de recherche British Antarctic Survey (BAS).<\/p>\n<p>Dennis Bell, jeune m\u00e9t\u00e9orologue de 25 ans, \u00e9tait tomb\u00e9 dans une crevasse sur un glacier de l&rsquo;Ile du Roi-George, plus grande \u00eele de l&rsquo;archipel des Shetland du Sud, le 26 juillet 1959. Ses restes ont \u00e9t\u00e9 retrouv\u00e9s cette ann\u00e9e par une \u00e9quipe de scientifiques polonais. Ils ont refait surface au milieu de rochers, \u00e0 la faveur du recul des glaces en Antarctique, a rapport\u00e9 le BAS.<\/p>\n<p>Des tests ADN, compar\u00e9s \u00e0 des \u00e9chantillons pr\u00e9lev\u00e9s sur le fr\u00e8re et la s\u0153ur de Dennis Bell, ont confirm\u00e9 qu&rsquo;il s&rsquo;agissait bien du jeune Britannique. \u00ab\u00a0Quand ma s\u0153ur Valerie et moi avons \u00e9t\u00e9 inform\u00e9s que notre fr\u00e8re Dennis avait \u00e9t\u00e9 retrouv\u00e9 apr\u00e8s soixante-six ans, nous \u00e9tions sous le choc\u00a0\u00bb, a racont\u00e9 David Bell, cit\u00e9 dans le communiqu\u00e9 du British Antartic Survey.<\/p>\n<p>Dennis a fait partie de ceux qui ont \u00ab\u00a0contribu\u00e9 aux d\u00e9buts de l&rsquo;exploration et des recherches sur l&rsquo;Antarctique, dans des conditions incroyablement dures\u00a0\u00bb, a comment\u00e9 la professeure Jane Francis, directrice du BAS. Cette d\u00e9couverte \u00ab\u00a0met fin \u00e0 un myst\u00e8re vieux de plusieurs d\u00e9cennies et nous rappelle les parcours humains attach\u00e9s \u00e0 l&rsquo;histoire de la recherche en Antarctique\u00a0\u00bb, a-t-elle ajout\u00e9.<\/p>\n<p class=\"related-tags__title\" role=\"heading\" aria-level=\"2\">les mots-cl\u00e9s associ\u00e9s \u00e0 cet article\n    <\/p>\n","protected":false},"excerpt":{"rendered":"Dennis Bell, jeune m\u00e9t\u00e9orologue de 25 ans, \u00e9tait tomb\u00e9 dans une crevasse sur un glacier de l&rsquo;Ile du&hellip;\n","protected":false},"author":2,"featured_media":313039,"comment_status":"","ping_status":"","sticky":false,"template":"","format":"standard","meta":{"footnotes":""},"categories":[1888],"tags":[1111,1928,11,1927,1777,674,1011,27,12,1926,626,1925,25],"class_list":{"0":"post-313038","1":"post","2":"type-post","3":"status-publish","4":"format-standard","5":"has-post-thumbnail","7":"category-paris","8":"tag-actu","9":"tag-actu-paris","10":"tag-actualites","11":"tag-actualites-paris","12":"tag-eu","13":"tag-europe","14":"tag-fr","15":"tag-france","16":"tag-news","17":"tag-news-paris","18":"tag-paris","19":"tag-paris-news","20":"tag-republique-francaise"},"share_on_mastodon":{"url":"https:\/\/pubeurope.com\/@fr\/115013706294202965","error":""},"_links":{"self":[{"href":"https:\/\/www.europesays.com\/fr\/wp-json\/wp\/v2\/posts\/313038","targetHints":{"allow":["GET"]}}],"collection":[{"href":"https:\/\/www.europesays.com\/fr\/wp-json\/wp\/v2\/posts"}],"about":[{"href":"https:\/\/www.europesays.com\/fr\/wp-json\/wp\/v2\/types\/post"}],"author":[{"embeddable":true,"href":"https:\/\/www.europesays.com\/fr\/wp-json\/wp\/v2\/users\/2"}],"replies":[{"embeddable":true,"href":"https:\/\/www.europesays.com\/fr\/wp-json\/wp\/v2\/comments?post=313038"}],"version-history":[{"count":0,"href":"https:\/\/www.europesays.com\/fr\/wp-json\/wp\/v2\/posts\/313038\/revisions"}],"wp:featuredmedia":[{"embeddable":true,"href":"https:\/\/www.europesays.com\/fr\/wp-json\/wp\/v2\/media\/313039"}],"wp:attachment":[{"href":"https:\/\/www.europesays.com\/fr\/wp-json\/wp\/v2\/media?parent=313038"}],"wp:term":[{"taxonomy":"category","embeddable":true,"href":"https:\/\/www.europesays.com\/fr\/wp-json\/wp\/v2\/categories?post=313038"},{"taxonomy":"post_tag","embeddable":true,"href":"https:\/\/www.europesays.com\/fr\/wp-json\/wp\/v2\/tags?post=313038"}],"curies":[{"name":"wp","href":"https:\/\/api.w.org\/{rel}","templated":true}]}}