{"id":313040,"date":"2025-08-12T03:37:11","date_gmt":"2025-08-12T03:37:11","guid":{"rendered":"https:\/\/www.europesays.com\/fr\/313040\/"},"modified":"2025-08-12T03:37:11","modified_gmt":"2025-08-12T03:37:11","slug":"acheminement-des-valises-diplomatiques-lalgerie-rejette-categoriquement-les-mesures-prises-par-paris","status":"publish","type":"post","link":"https:\/\/www.europesays.com\/fr\/313040\/","title":{"rendered":"Acheminement des valises diplomatiques\u00a0: l\u2019Alg\u00e9rie rejette cat\u00e9goriquement les mesures prises par Paris"},"content":{"rendered":"<p><strong>Acheminement des valises diplomatiques\u00a0: l\u2019Alg\u00e9rie rejette cat\u00e9goriquement les mesures prises par Paris<\/strong><\/p>\n<p>Un pas qui n\u2019a jamais \u00e9t\u00e9 franchi par aucun pays, m\u00eame au cours de la guerre froide o\u00f9 tous les coups \u00e9taient permis\u00a0: la valise diplomatique avait, et a toujours, un statut particulier entrant dans le cadre de la jurisprudence diplomatique et personne n\u2019avait os\u00e9, jusqu\u2019\u00e0 r\u00e9cemment, remettre en cause cet accord la concernant.<\/p>\n<p>Contrairement \u00e0 toutes ces pratiques ancr\u00e9es dans les annales diplomatiques, le minist\u00e8re fran\u00e7ais de l\u2019Europe et des Affaires \u00e9trang\u00e8res\u00a0vient de proposer des mesures \u2018temporaires\u2019 qui sont, pour le moins qu\u2019on puisse dire, contraire \u00e0 tous les accords internationaux en la mati\u00e8re\u00a0: les diplomates alg\u00e9riens seront soumis \u00e0 des mesures drastiques et discriminatoires pour p\u00e9n\u00e9trer dans les zones a\u00e9roportuaires r\u00e9serv\u00e9es afin de r\u00e9cup\u00e9rer ou de d\u00e9poser les valises diplomatiques de leur pays\u00a0!<\/p>\n<p>Ces mesures, qui ne sont appliqu\u00e9es pour aucune autre repr\u00e9sentation diplomatique en France, sauf pour les alg\u00e9riens, constitueraient un pr\u00e9c\u00e9dent grave dans les relations entre les pays et une violation flagrante des accords internationaux et bilat\u00e9raux.<\/p>\n<p>En outre, et selon des sources au fait du dossier, ces mesures ne constituent pas seulement une violation des accords mais vont jusqu\u2019\u00e0 la provocation et touchent la souverainet\u00e9 de l\u2019Alg\u00e9rie.<\/p>\n<p>Devant cet \u00e9tat de fait, l\u2019Alg\u00e9rie estime que c\u2019est non seulement une violation des accords internationaux de Vienne sur les relations diplomatiques et consulaires dans son article 27 qui stipule que le consulat agr\u00e9\u00e9 dans un pays quelconque a le droit d\u2019envoyer l\u2019un de ses repr\u00e9sentants pour retirer ou d\u00e9poser la valise diplomatique de son pays sans aucune restriction,mais aussi des accords bilat\u00e9raux, notamment l\u2019accord consulaire alg\u00e9ro-fran\u00e7ais de 1974.<\/p>\n<p>Contrairement \u00e0 ce qui est stipul\u00e9 dans ces accords, Paris a sciemment ignor\u00e9 les pratiques diplomatiques en cours depuis des d\u00e9cennies, mais envisage de prendre d\u2019autres mesures attentatoires en imposant aux diplomates alg\u00e9riens une pr\u00e9sence s\u00e9curitaire lors de la r\u00e9ception ou du d\u00e9p\u00f4t de la valise diplomatique, en sus d\u2019un d\u00e9lai d\u2019annonce de 48 h pour \u00eatre autoris\u00e9 \u00e0 se d\u00e9placer dans ce cadre. Face \u00e0 ces mesures discriminatoires, l\u2019Alg\u00e9rie a le droit de penser qu\u2019elles touchent directement \u00e0 sa souverainet\u00e9.<\/p>\n<p>En plus, cette proposition attire l\u2019attention, selon les m\u00eames sources, par le fait que seule l\u2019ambassade d\u2019Alg\u00e9rie \u00e0 Paris est cit\u00e9e alors que les consulats r\u00e9partis \u00e0 travers le territoire fran\u00e7ais ont \u00e9t\u00e9 ignor\u00e9s, bien qu\u2019ils souffrent de m\u00eames similaires.<\/p>\n<p>Ainsi, l\u2019Alg\u00e9rie estime qu\u2019il n\u2019y a pas d\u2019autre issue que de rendre aux diplomates alg\u00e9riens les cartes qui leur permettaient de p\u00e9n\u00e9trer dans les zones \u00e0 entr\u00e9e r\u00e9glement\u00e9e dans les a\u00e9roports et d\u00e9poser ou retirer les valises diplomatiques, ce qui se traduira par l\u2019annulation des mesures similaires prises par l\u2019Alg\u00e9rie \u00e0 l\u2019encontre des diplomates fran\u00e7ais.<\/p>\n<p>L\u2019Alg\u00e9rie, jalouse de sa souverainet\u00e9 et de son ind\u00e9pendance, n\u2019acceptera donc jamais de mesures qui touchent \u00e0 l\u2019un de ces piliers acquis tr\u00e8s ch\u00e8rement par nos chouhadas et nos moudjahidine, elle n\u2019accepte pas, non plus, que ses diplomates subissent des mesures discriminatoires ou qui touchent \u00e0 leur dignit\u00e9.<\/p>\n<p><strong>Tahar Mansour<\/strong><\/p>\n<p>\u00a0<\/p>\n","protected":false},"excerpt":{"rendered":"Acheminement des valises diplomatiques\u00a0: l\u2019Alg\u00e9rie rejette cat\u00e9goriquement les mesures prises par Paris Un pas qui n\u2019a jamais \u00e9t\u00e9&hellip;\n","protected":false},"author":2,"featured_media":313041,"comment_status":"","ping_status":"","sticky":false,"template":"","format":"standard","meta":{"footnotes":""},"categories":[1888],"tags":[1111,1928,11,1927,1777,674,1011,27,12,1926,626,1925,25],"class_list":{"0":"post-313040","1":"post","2":"type-post","3":"status-publish","4":"format-standard","5":"has-post-thumbnail","7":"category-paris","8":"tag-actu","9":"tag-actu-paris","10":"tag-actualites","11":"tag-actualites-paris","12":"tag-eu","13":"tag-europe","14":"tag-fr","15":"tag-france","16":"tag-news","17":"tag-news-paris","18":"tag-paris","19":"tag-paris-news","20":"tag-republique-francaise"},"share_on_mastodon":{"url":"https:\/\/pubeurope.com\/@fr\/115013710182586185","error":""},"_links":{"self":[{"href":"https:\/\/www.europesays.com\/fr\/wp-json\/wp\/v2\/posts\/313040","targetHints":{"allow":["GET"]}}],"collection":[{"href":"https:\/\/www.europesays.com\/fr\/wp-json\/wp\/v2\/posts"}],"about":[{"href":"https:\/\/www.europesays.com\/fr\/wp-json\/wp\/v2\/types\/post"}],"author":[{"embeddable":true,"href":"https:\/\/www.europesays.com\/fr\/wp-json\/wp\/v2\/users\/2"}],"replies":[{"embeddable":true,"href":"https:\/\/www.europesays.com\/fr\/wp-json\/wp\/v2\/comments?post=313040"}],"version-history":[{"count":0,"href":"https:\/\/www.europesays.com\/fr\/wp-json\/wp\/v2\/posts\/313040\/revisions"}],"wp:featuredmedia":[{"embeddable":true,"href":"https:\/\/www.europesays.com\/fr\/wp-json\/wp\/v2\/media\/313041"}],"wp:attachment":[{"href":"https:\/\/www.europesays.com\/fr\/wp-json\/wp\/v2\/media?parent=313040"}],"wp:term":[{"taxonomy":"category","embeddable":true,"href":"https:\/\/www.europesays.com\/fr\/wp-json\/wp\/v2\/categories?post=313040"},{"taxonomy":"post_tag","embeddable":true,"href":"https:\/\/www.europesays.com\/fr\/wp-json\/wp\/v2\/tags?post=313040"}],"curies":[{"name":"wp","href":"https:\/\/api.w.org\/{rel}","templated":true}]}}