{"id":313046,"date":"2025-08-12T03:40:13","date_gmt":"2025-08-12T03:40:13","guid":{"rendered":"https:\/\/www.europesays.com\/fr\/313046\/"},"modified":"2025-08-12T03:40:13","modified_gmt":"2025-08-12T03:40:13","slug":"ces-journalistes-russes-de-la-bbc-contraints-a-lexil","status":"publish","type":"post","link":"https:\/\/www.europesays.com\/fr\/313046\/","title":{"rendered":"ces journalistes russes de la BBC contraints \u00e0 l\u2019exil"},"content":{"rendered":"\n<p>[Cet article est issu <a href=\"https:\/\/www.courrierinternational.com\/magazine\/2025\/1812-13-14-supplement\" target=\"_blank\" rel=\"noopener\">du suppl\u00e9ment Courrier ados<\/a>, propos\u00e9 avec <a href=\"https:\/\/www.courrierinternational.com\/magazine\/2025\/1812-13-14-magazine\" target=\"_blank\" rel=\"noopener\">le num\u00e9ro 1812-13-14\u00a0de\u00a0Courrier international<\/a>,\u00a0en vente du 24\u00a0juillet au 13\u00a0ao\u00fbt 2025]<\/p>\n<p>Les autorit\u00e9s russes ont d\u00e9sormais r\u00e9guli\u00e8rement pour tactique de qualifier les journalistes d\u2019\u201cagents de l\u2019\u00e9tranger\u201d. Sept journalistes de la BBC sont concern\u00e9s par cette mesure, pour la plupart depuis le mois de janvier 2025. Cinq d\u2019entre eux ont donn\u00e9 une interview au Guardian. Ils vivent maintenant en dehors de la Russie, la BBC ayant transf\u00e9r\u00e9 ses activit\u00e9s hors du pays apr\u00e8s l\u2019invasion de l\u2019Ukraine, en 2022.<\/p>\n<p>Ilia Abichev confie que son \u201cgros probl\u00e8me personnel\u201d est qu\u2019il ne peut pas voir ses enfants adultes, car ils n\u2019ont pas automatiquement le droit de s\u2019installer dans l\u2019UE, \u201ctandis que moi je ne peux pas aller en Russie, parce que c\u2019est assez dangereux\u201d.<\/p>\n<p>\u201cIl n\u2019est pas exclu que, dans un avenir proche, mes enfants aient des probl\u00e8mes en Russie. Leur p\u00e8re est un\u00a0\u2018ennemi du peuple\u2019, pour utiliser l\u2019expression sovi\u00e9tique [l\u2019\u00e9quivalent d\u2019\u2018agent de l\u2019\u00e9tranger\u2019 aujourd\u2019hui], note-t-il. Je dois aussi r\u00e9soudre le probl\u00e8me de mes biens personnels rest\u00e9s en Russie, parce qu\u2019ils peuvent \u00eatre confisqu\u00e9s \u00e0 tout moment.\u201d<\/p>\n<p> La \u201ccrainte de repr\u00e9sailles\u201d de l\u2019\u00c9tat <\/p>\n<p>Les cons\u00e9quences pratiques, Anastasia Lotarieva les subit elle aussi. \u201cJe n\u2019ai<\/p>\n<p> <strong>La\u00a0suite est r\u00e9serv\u00e9e aux abonn\u00e9s\u2026<\/strong>  <\/p>\n<p class=\"article-authors\">                         <a href=\"https:\/\/www.courrierinternational.com\/auteur\/michael-savage\" target=\"_blank\" rel=\"noopener\">Michael Savage<\/a>    <\/p>\n<p class=\"article-vo\"><a href=\"https:\/\/www.theguardian.com\/world\/2025\/apr\/04\/russian-bbc-journalists-foreign-agents-label\" rel=\"noopener\" target=\"_blank\">Lire l\u2019article original<\/a><\/p>\n<p>Source de l\u2019article<\/p>\n<p>   <img decoding=\"async\" class=\"source-logo\" src=\"https:\/\/www.europesays.com\/fr\/wp-content\/uploads\/2025\/05\/0f62b92_1643653451193-the-guardian-logo-0.jpg\"  alt=\"Logo\" loading=\"lazy\" width=\"32\" height=\"32\"\/>  The Guardian  (Londres)       <\/p>\n<p>L\u2019ind\u00e9pendance et la qualit\u00e9 caract\u00e9risent ce titre n\u00e9 en 1821, qui compte dans ses rangs certains des chroniqueurs les plus respect\u00e9s du pays.\u00a0De centre gauche, proeurop\u00e9en, The Guardian est le journal de r\u00e9f\u00e9rence de l\u2019intelligentsia, des enseignants et des syndicalistes.<\/p>\n<p>Contrairement aux autres quotidiens de r\u00e9f\u00e9rence britanniques, le journal a fait le choix d\u2019un site en acc\u00e8s libre.\u00a0Il est pass\u00e9 au format tablo\u00efd en 2018. Cette d\u00e9cision s\u2019inscrivait dans une logique de r\u00e9duction des co\u00fbts, alors que The Guardian perdait de l\u2019argent sans discontinuer depuis vingt ans. Une strat\u00e9gie payante\u00a0: en mai 2019, la directrice de la r\u00e9daction, Katharine Viner, a annonc\u00e9 que le journal \u00e9tait b\u00e9n\u00e9ficiaire, une premi\u00e8re depuis\u00a01998.<\/p>\n<p>        <a href=\"https:\/\/www.courrierinternational.com\/notule-source\/the-guardian\" class=\"source-link\" target=\"_blank\" rel=\"noopener\">Lire la suite<\/a>                 <\/p>\n<p>Nos services<\/p>\n","protected":false},"excerpt":{"rendered":"[Cet article est issu du suppl\u00e9ment Courrier ados, propos\u00e9 avec le num\u00e9ro 1812-13-14\u00a0de\u00a0Courrier international,\u00a0en vente du 24\u00a0juillet au&hellip;\n","protected":false},"author":2,"featured_media":313047,"comment_status":"","ping_status":"","sticky":false,"template":"","format":"standard","meta":{"footnotes":""},"categories":[1591],"tags":[11,251,674,1887,2534,2533,12,1885,1886,132],"class_list":{"0":"post-313046","1":"post","2":"type-post","3":"status-publish","4":"format-standard","5":"has-post-thumbnail","7":"category-russie","8":"tag-actualites","9":"tag-culture","10":"tag-europe","11":"tag-federation-de-russie","12":"tag-libertu00e9-de-la-presse","13":"tag-mu00e9dias","14":"tag-news","15":"tag-russia","16":"tag-russian-federation","17":"tag-russie"},"share_on_mastodon":{"url":"https:\/\/pubeurope.com\/@fr\/115013722072700235","error":""},"_links":{"self":[{"href":"https:\/\/www.europesays.com\/fr\/wp-json\/wp\/v2\/posts\/313046","targetHints":{"allow":["GET"]}}],"collection":[{"href":"https:\/\/www.europesays.com\/fr\/wp-json\/wp\/v2\/posts"}],"about":[{"href":"https:\/\/www.europesays.com\/fr\/wp-json\/wp\/v2\/types\/post"}],"author":[{"embeddable":true,"href":"https:\/\/www.europesays.com\/fr\/wp-json\/wp\/v2\/users\/2"}],"replies":[{"embeddable":true,"href":"https:\/\/www.europesays.com\/fr\/wp-json\/wp\/v2\/comments?post=313046"}],"version-history":[{"count":0,"href":"https:\/\/www.europesays.com\/fr\/wp-json\/wp\/v2\/posts\/313046\/revisions"}],"wp:featuredmedia":[{"embeddable":true,"href":"https:\/\/www.europesays.com\/fr\/wp-json\/wp\/v2\/media\/313047"}],"wp:attachment":[{"href":"https:\/\/www.europesays.com\/fr\/wp-json\/wp\/v2\/media?parent=313046"}],"wp:term":[{"taxonomy":"category","embeddable":true,"href":"https:\/\/www.europesays.com\/fr\/wp-json\/wp\/v2\/categories?post=313046"},{"taxonomy":"post_tag","embeddable":true,"href":"https:\/\/www.europesays.com\/fr\/wp-json\/wp\/v2\/tags?post=313046"}],"curies":[{"name":"wp","href":"https:\/\/api.w.org\/{rel}","templated":true}]}}