{"id":313048,"date":"2025-08-12T03:41:13","date_gmt":"2025-08-12T03:41:13","guid":{"rendered":"https:\/\/www.europesays.com\/fr\/313048\/"},"modified":"2025-08-12T03:41:13","modified_gmt":"2025-08-12T03:41:13","slug":"oleksandr-venu-dukraine-a-bruxelles-pour-suivre-un-master-a-solvay-a-transforme-un-refus-en-opportunite","status":"publish","type":"post","link":"https:\/\/www.europesays.com\/fr\/313048\/","title":{"rendered":"Oleksandr, venu d&rsquo;Ukraine \u00e0 Bruxelles pour suivre un Master \u00e0 Solvay, a transform\u00e9 un refus en opportunit\u00e9"},"content":{"rendered":"<p class=\"ap-StoryElement ap-StoryElement--mb js-paywall-target ap-StoryText\">Ce titulaire d&rsquo;une Ma\u00eetrise en \u00c9conomie de l&rsquo;Universit\u00e9 de Kiev se tourne vers le m\u00e9tier de taximan apr\u00e8s avoir fait des petits boulots. \u00ab\u00a0Lorsque j&rsquo;\u00e9tais \u00e9tudiant, je conduisais un taxi pendant les vacances d&rsquo;\u00e9t\u00e9 pour me faire de l&rsquo;argent\u00a0\u00bb. Il aimait le job, m\u00eame si ce n&rsquo;\u00e9tait pas de tout repos. \u00ab\u00a0Les clients \u00e9taient agressifs, ils fumaient alors que c&rsquo;\u00e9tait interdit, ils partaient sans payer\u00a0\u00bb, se souvient-il, lui qui a pu suivre des \u00e9tudes universitaires gr\u00e2ce \u00e0 une Bourse d&rsquo;\u00c9tat.<\/p>\n<p class=\"ap-StoryElement ap-StoryElement--mb ap-StoryText\">\u00ab\u00a0Je me suis install\u00e9 comme ind\u00e9pendant\u00a0\u00bb. Il d\u00e9m\u00e9nage de Ganshoren (r\u00e9gion de Bruxelles-Capitale) \u00e0 Wemmel, en R\u00e9gion flamande. \u00ab\u00a0C&rsquo;\u00e9tait plus facile pour obtenir les documents n\u00e9cessaires\u00a0\u00bb. Cela prendra toutefois 9 mois pour boucler le dossier et obtenir sa plaque. Nous sommes en 2019. Il travaille pour Uber.\u00a0\u00bb Je n&rsquo;ai jamais eu de probl\u00e8me\u00a0\u00bb. Il est tr\u00e8s bien not\u00e9 par les clients.<\/p>\n<p class=\"ap-StoryElement ap-StoryElement--mb ap-StoryText\">\u00ab\u00a0Apr\u00e8s deux ans, le moteur de ma voiture m&rsquo;a l\u00e2ch\u00e9. C&rsquo;\u00e9tait une Mercedes. Pour le r\u00e9parer, on me demandait entre 13 et 14000 euros\u00a0\u00bb. Une somme qu&rsquo;Oleksandr ne peut tout simplement pas d\u00e9bourser.<\/p>\n<blockquote class=\"ap-StoryQuote ap-StoryQuote--blockquote\">\n<p class=\"ap-StoryQuote-text\">. \u00ab\u00a0J&rsquo;utilise presque tout mon argent pour acheter des voitures. Je re\u00e7ois un acompte et les voitures partent pour l&rsquo;Ukraine\u00a0\u00bb<\/p>\n<\/blockquote>\n<p>Opportunit\u00e9<\/p>\n<p class=\"ap-StoryElement ap-StoryElement--mb ap-StoryText\">Il change alors d&rsquo;activit\u00e9 et se lance dans l&rsquo;achat et la vente de voitures, notamment vers son pays natal. Il collabore pendant quelques mois avec une autre personne, \u00e9galement originaire d&rsquo;Ukraine. \u00ab\u00a0Il m&rsquo;annonce qu&rsquo;il a trouv\u00e9 un client en Ukraine qui veut acheter au minimum dix voitures\u00a0\u00bb. La bonne affaire, apparemment. \u00ab\u00a0J&rsquo;utilise presque tout mon argent pour acheter des voitures. Je re\u00e7ois un acompte et les voitures partent pour l&rsquo;Ukraine\u00a0\u00bb. Il ne sera jamais pay\u00e9 de la totalit\u00e9. \u00ab\u00a0J&rsquo;ai perdu beaucoup d&rsquo;argent\u00a0\u00bb.<\/p>\n<p class=\"ap-StoryElement ap-StoryElement--mb ap-StoryText\">Il reprend son activit\u00e9 au volant d&rsquo;un taxi en 2024. \u00ab\u00a0J&rsquo;aime ce travail, proposer un bon service, servir le client\u00a0\u00bb. Surtout, il n&rsquo;a jamais \u00e9t\u00e9 accident\u00e9. Il rejoint une compagnie qui poss\u00e8de quelques taxis. Oleksandr se retrouve ensuite dans une autre soci\u00e9t\u00e9, qui assure cette fois le transport de ses clients VIP dans des limousines de luxe.<\/p>\n<p><a href=\"https:\/\/www.lalibre.be\/lalibre.be\/economie\/entreprises-startup\/2025\/04\/10\/lukraine-aura-besoin-de-plus-de-500-milliards-deuros-pour-se-reconstruire-cest-le-moment-ou-jamais-dinvestir-dans-notre-pays-FG3YIRHA6ND5ROFMR7D4CS6ERY\/\" target=\"_blank\" rel=\"noopener noreferrer\" class=\"ap-StoryInterstitialLink ap-StoryElement ap-StoryElement--mb\">L&rsquo;Ukraine aura besoin de plus de 500 milliards d&rsquo;euros pour se reconstruire : \u00ab\u00a0C&rsquo;est le moment ou jamais d&rsquo;investir dans notre pays\u00a0\u00bb<\/a><\/p>\n<p class=\"ap-StoryElement ap-StoryElement--mb ap-StoryText\">\u00ab\u00a0Le patron recherche un chauffeur qui parle anglais, fran\u00e7ais, n\u00e9erlandais et qui n&rsquo;a jamais \u00e9t\u00e9 accident\u00e9\u00a0\u00bb. Un chauffeur qui est \u00e9galement pr\u00eat \u00e0 faire de longues distances, vers des a\u00e9roports ou des villes \u00e9trang\u00e8res, au volant d&rsquo;une Mercedes Classe S. \u00ab\u00a0Cela fait maintenant plus d&rsquo;un an que j&rsquo;y travaille\u00a0\u00bb<\/p>\n<p class=\"ap-StoryElement ap-StoryElement--mb ap-StoryText\">D\u00e9but 2025, il a la possibilit\u00e9 d&rsquo;avoir une licence pour un taxi pour la R\u00e9gion Bruxelloise. Une tr\u00e8s belle opportunit\u00e9 qu&rsquo;il peut g\u00e9rer en parall\u00e8le de son activit\u00e9 d&rsquo;ind\u00e9pendant. \u00ab\u00a0Je peux commencer mon business si je trouve une voiture et un chauffeur\u00a0\u00bb. Il cr\u00e9e la compagnie, la Belgium Royal Ride. Il trouve au chauffeur, un Ukrainien. \u00ab\u00a0Je sais qu&rsquo;il est tr\u00e8s difficile pour eux de d\u00e9crocher un job en Belgique. Je suis pass\u00e9 par les sites et groupes ukrainiens actifs en Belgique\u00a0\u00bb.<\/p>\n<p>Cr\u00e9dit pour une Tesla<\/p>\n<p class=\"ap-StoryElement ap-StoryElement--mb ap-StoryText\">Il ne reste plus qu&rsquo;\u00e0 trouver la voiture et surtout \u00e0 la payer. \u00ab\u00a0C&rsquo;est l\u00e0 que le probl\u00e8me commence\u00a0\u00bb. Il se rend d&rsquo;abord chez BNP Paribas Fortis pour obtenir un cr\u00e9dit. Il essuie un refus. \u00ab\u00a0C&rsquo;\u00e9tait une nouvelle compagnie et je n&rsquo;avais pas d&rsquo;exp\u00e9rience\u00a0\u00bb. La banque l&rsquo;oriente vers Microstart. \u00ab\u00a0Ma m\u00e8re se porte garante pour le cr\u00e9dit\u00a0\u00bb. Il obtient les 25 000 euros demand\u00e9s. Il ajoute 5 000 euros de sa poche.<\/p>\n<p class=\"ap-StoryElement ap-StoryElement--mb ap-StoryText\">Le choix s&rsquo;est port\u00e9 sur une Tesla. \u00ab\u00a0C&rsquo;est une voiture \u00e9lectrique. C&rsquo;est \u00e9cologique et l&rsquo;utilisation est moins ch\u00e8re qu&rsquo;une voiture diesel\u00a0\u00bb, explique-t-il. Le gros avantage, c&rsquo;est la s\u00e9curit\u00e9. \u00ab\u00a0Les passagers d&rsquo;un taxi n&rsquo;aiment pas mettre leur ceinture de s\u00e9curit\u00e9. En Tesla, chaque passager est oblig\u00e9 d&rsquo;attacher sa ceinture, sinon, il y a une alarme\u00a0\u00bb. Cela permet aussi de faire tourner la voiture quasiment 24 heures sur 24. \u00ab\u00a0La batterie peut \u00eatre recharg\u00e9e tr\u00e8s rapidement. Il y a un chauffeur le jour et un autre la nuit\u00a0\u00bb. Aujourd&rsquo;hui, il est \u00e0 la recherche d&rsquo;une autre voiture Tesla, qui fera aussi le taxi pour le compte d&rsquo;Uber. \u00ab\u00a0Cela me permet de donner du travail \u00e0 des Ukrainiens\u00a0\u00bb.<\/p>\n<p><a href=\"https:\/\/www.lalibre.be\/economie\/entreprises-startup\/2025\/07\/22\/tesla-est-une-bonne-affaire-sur-le-marche-de-loccasion-NNYHJEBNMVFGZBR6ATOSAGQHHM\/\" target=\"_blank\" rel=\"noopener noreferrer\" class=\"ap-StoryInterstitialLink ap-StoryElement ap-StoryElement--mb\">Tesla massacr\u00e9e sur le neuf, mais sauv\u00e9e sur l&rsquo;occasion ?<\/a>Retour en Ukraine ?<\/p>\n<p class=\"ap-StoryElement ap-StoryElement--mb ap-StoryText\">Lui reste chauffeur dans la compagnie de transports pour VIP. Dans son planning, un d\u00e9placement sur Dijon quelques jours plus tard. C&rsquo;est 519 kilom\u00e8tres le trajet. Des journ\u00e9es avec des itin\u00e9raires de 1 000 kilom\u00e8tres, ce n&rsquo;est pas rare. La course la plus longue a \u00e9t\u00e9 un aller-retour vers Berlin.<\/p>\n<p class=\"ap-StoryElement ap-StoryElement--mb ap-StoryText\">De retour en Ukraine, il n&rsquo;en est pas question. \u00ab\u00a0Malheureusement non. Presque tous mes amis ont quitt\u00e9 l&rsquo;Ukraine. Pour ma fille de 6 ans, son pays, c&rsquo;est la Belgique. Ma femme est assistante comptable. On paye beaucoup de taxes en Belgique, mais on y est tr\u00e8s bien. Et puis, l&rsquo;Ukraine a chang\u00e9 depuis que je suis parti, ce n&rsquo;est plus le m\u00eame pays. Je suis Ukrainien, je connais la langue ukrainienne, mais j&rsquo;ai toujours parl\u00e9 russe dans la famille et je pr\u00e9f\u00e8re parler russe. Si vous dites bonjour en Russe en Ukraine, c&rsquo;est tr\u00e8s mal vu\u00a0\u00bb.<\/p>\n","protected":false},"excerpt":{"rendered":"Ce titulaire d&rsquo;une Ma\u00eetrise en \u00c9conomie de l&rsquo;Universit\u00e9 de Kiev se tourne vers le m\u00e9tier de taximan apr\u00e8s&hellip;\n","protected":false},"author":2,"featured_media":313049,"comment_status":"","ping_status":"","sticky":false,"template":"","format":"standard","meta":{"footnotes":""},"categories":[1590],"tags":[11,2122,45271,1777,674,45270,12,220,45272],"class_list":{"0":"post-313048","1":"post","2":"type-post","3":"status-publish","4":"format-standard","5":"has-post-thumbnail","7":"category-ukraine","8":"tag-actualites","9":"tag-conflit-russie-ukraine","10":"tag-elections-bruxelles","11":"tag-eu","12":"tag-europe","13":"tag-ganshoren","14":"tag-news","15":"tag-ukraine","16":"tag-wemmel"},"share_on_mastodon":{"url":"https:\/\/pubeurope.com\/@fr\/115013725934494493","error":""},"_links":{"self":[{"href":"https:\/\/www.europesays.com\/fr\/wp-json\/wp\/v2\/posts\/313048","targetHints":{"allow":["GET"]}}],"collection":[{"href":"https:\/\/www.europesays.com\/fr\/wp-json\/wp\/v2\/posts"}],"about":[{"href":"https:\/\/www.europesays.com\/fr\/wp-json\/wp\/v2\/types\/post"}],"author":[{"embeddable":true,"href":"https:\/\/www.europesays.com\/fr\/wp-json\/wp\/v2\/users\/2"}],"replies":[{"embeddable":true,"href":"https:\/\/www.europesays.com\/fr\/wp-json\/wp\/v2\/comments?post=313048"}],"version-history":[{"count":0,"href":"https:\/\/www.europesays.com\/fr\/wp-json\/wp\/v2\/posts\/313048\/revisions"}],"wp:featuredmedia":[{"embeddable":true,"href":"https:\/\/www.europesays.com\/fr\/wp-json\/wp\/v2\/media\/313049"}],"wp:attachment":[{"href":"https:\/\/www.europesays.com\/fr\/wp-json\/wp\/v2\/media?parent=313048"}],"wp:term":[{"taxonomy":"category","embeddable":true,"href":"https:\/\/www.europesays.com\/fr\/wp-json\/wp\/v2\/categories?post=313048"},{"taxonomy":"post_tag","embeddable":true,"href":"https:\/\/www.europesays.com\/fr\/wp-json\/wp\/v2\/tags?post=313048"}],"curies":[{"name":"wp","href":"https:\/\/api.w.org\/{rel}","templated":true}]}}