{"id":313054,"date":"2025-08-12T03:44:14","date_gmt":"2025-08-12T03:44:14","guid":{"rendered":"https:\/\/www.europesays.com\/fr\/313054\/"},"modified":"2025-08-12T03:44:14","modified_gmt":"2025-08-12T03:44:14","slug":"lallemagne-invite-trump-zelensky-lotan-et-lue-a-une-reunion-virtuelle","status":"publish","type":"post","link":"https:\/\/www.europesays.com\/fr\/313054\/","title":{"rendered":"L&rsquo;Allemagne invite Trump, Zelensky, l&rsquo;OTAN et l&rsquo;UE \u00e0 une r\u00e9union virtuelle"},"content":{"rendered":"<p>Le chancelier allemand Friedrich Merz a invit\u00e9 lundi le pr\u00e9sident am\u00e9ricain Donald Trump, le pr\u00e9sident ukrainien Volodymyr Zelensky, le secr\u00e9taire g\u00e9n\u00e9ral de l\u2019OTAN et plusieurs dirigeants europ\u00e9ens \u00e0 des r\u00e9unions virtuelles mercredi, en amont du sommet am\u00e9ricano-russe, l\u2019Europe et Kyiv craignant qu\u2019un accord ne soit conclu sans eux.<\/p>\n<p>Ni M.\u00a0Zelensky ni les dirigeants europ\u00e9ens n\u2019ont \u00e9t\u00e9 invit\u00e9s au sommet de vendredi entre Donald Trump et le pr\u00e9sident russe Vladimir Poutine en Alaska.<\/p>\n<p>M.\u00a0Merz a d\u00e9clar\u00e9 dans un communiqu\u00e9 de presse que les discussions virtuelles porteront sur \u00abd\u2019autres options pour faire pression sur la Russie\u00bb, ainsi que sur \u00abla pr\u00e9paration d\u2019\u00e9ventuelles n\u00e9gociations de paix et les questions connexes de revendications territoriales et de s\u00e9curit\u00e9\u00bb.<\/p>\n<p>La Commission europ\u00e9enne a confirm\u00e9 que la pr\u00e9sidente Ursula von der Leyen participerait aux \u00abappels t\u00e9l\u00e9phoniques organis\u00e9s par le chancelier Merz\u00bb en amont du sommet.<\/p>\n<p>Les dirigeants britannique, finlandais, fran\u00e7ais, italien et polonais devraient \u00e9galement se joindre aux \u00abdivers groupes de discussion\u00bb, a indiqu\u00e9 la chancellerie \u00e0 Berlin. <\/p>\n<p>L\u2019Ukraine et ses alli\u00e9s europ\u00e9ens insistent sur le fait que MM.\u00a0Trump et Poutine ne peuvent pas d\u00e9cider d\u2019\u00e9changes de territoires \u00e0 leur insu lors du sommet, mais les Europ\u00e9ens conc\u00e8dent qu\u2019il est peu probable que Moscou renonce au contr\u00f4le des territoires ukrainiens qu\u2019elle d\u00e9tient.<\/p>\n<p>M.\u00a0Trump a sugg\u00e9r\u00e9 qu\u2019un accord de paix pourrait inclure \u00abcertains \u00e9changes de territoires\u00bb, mais les Europ\u00e9ens ne voient aucun signe que la Russie propose quoi que ce soit en \u00e9change.<\/p>\n<p>Les ministres des Affaires \u00e9trang\u00e8res de l\u2019Union europ\u00e9enne se sont r\u00e9unis lundi apr\u00e8s les discussions sur l\u2019Ukraine entre les conseillers \u00e0 la s\u00e9curit\u00e9 am\u00e9ricains et europ\u00e9ens ce week-end. Ils craignent que M.\u00a0Poutine ne tente de revendiquer une victoire politique en pr\u00e9sentant l\u2019Ukraine comme inflexible.<\/p>\n<p>L\u2019inqui\u00e9tude grandit en Europe et en Ukraine quant \u00e0 la possibilit\u00e9 que Kyiv soit contrainte de c\u00e9der des territoires ou d\u2019accepter d\u2019autres restrictions \u00e0 sa souverainet\u00e9. L\u2019Ukraine et ses alli\u00e9s europ\u00e9ens rejettent l\u2019id\u00e9e que la Russie puisse revendiquer un territoire avant m\u00eame d\u2019avoir accept\u00e9 un cessez-le-feu.<\/p>\n<p>\u00abAlors que nous \u0153uvrons pour une paix durable et juste, le droit international est clair: tous les territoires temporairement occup\u00e9s appartiennent \u00e0 l\u2019Ukraine\u00bb, a d\u00e9clar\u00e9 la haute repr\u00e9sentante de l\u2019UE pour la politique \u00e9trang\u00e8re, Kaja Kallas, avant la r\u00e9union minist\u00e9rielle.<\/p>\n<p>\u00abUne paix durable signifie \u00e9galement que l\u2019agression ne peut \u00eatre r\u00e9compens\u00e9e\u00bb, a ajout\u00e9 Mme\u00a0Kallas.<\/p>\n<p>Le premier ministre polonais, Donald Tusk, a affirm\u00e9 qu\u2019il est \u00ab\u00e9vident pour la Pologne et nos partenaires europ\u00e9ens \u2013 et, je l\u2019esp\u00e8re, pour l\u2019ensemble de l\u2019OTAN \u2013 que les fronti\u00e8res des \u00c9tats ne peuvent \u00eatre modifi\u00e9es par la force\u00bb. Tout \u00e9change de territoires ou accord de paix \u00abdoit \u00eatre convenu avec la participation de l\u2019Ukraine\u00bb, a-t-il ajout\u00e9 en entrevue avec l\u2019agence de presse polonaise PAP.<\/p>\n<p>Pourtant, il est difficile d\u2019ignorer la r\u00e9alit\u00e9 sur le terrain. En 2022, la Russie a annex\u00e9 ill\u00e9galement les r\u00e9gions de Donetsk et de Louhansk, \u00e0 l\u2019est de l\u2019Ukraine, ainsi que Kherson et Zaporijia, au sud, m\u00eame si elle ne les contr\u00f4le pas totalement. Elle occupe \u00e9galement la p\u00e9ninsule de Crim\u00e9e, dont elle s\u2019est empar\u00e9e en 2014.<\/p>\n<p>Sur la ligne de front de 1000 kilom\u00e8tres, l\u2019arm\u00e9e russe, plus importante, a progress\u00e9 lentement, mais de mani\u00e8re co\u00fbteuse, avec son offensive estivale. Le pilonnage incessant des zones urbaines a tu\u00e9 plus de 12\u00a0000\u00a0civils ukrainiens, selon les estimations de l\u2019ONU. <\/p>\n<p>\u00abLa question du contr\u00f4le actuel par les Russes d\u2019une partie de l\u2019Ukraine doit \u00eatre abord\u00e9e dans toute n\u00e9gociation de paix apr\u00e8s le sommet de l\u2019Alaska\u00bb, a d\u00e9clar\u00e9 dimanche le secr\u00e9taire g\u00e9n\u00e9ral de l\u2019OTAN, Mark Rutte, sur les ondes de CBS.<\/p>\n","protected":false},"excerpt":{"rendered":"Le chancelier allemand Friedrich Merz a invit\u00e9 lundi le pr\u00e9sident am\u00e9ricain Donald Trump, le pr\u00e9sident ukrainien Volodymyr Zelensky,&hellip;\n","protected":false},"author":2,"featured_media":313055,"comment_status":"","ping_status":"","sticky":false,"template":"","format":"standard","meta":{"footnotes":""},"categories":[1587],"tags":[11,672,1804,1805,1803,1777,674,1801,1854,4576,12,1802],"class_list":{"0":"post-313054","1":"post","2":"type-post","3":"status-publish","4":"format-standard","5":"has-post-thumbnail","7":"category-allemagne","8":"tag-actualites","9":"tag-allemagne","10":"tag-bundesrepublik-deutschland","11":"tag-de","12":"tag-deutschland","13":"tag-eu","14":"tag-europe","15":"tag-germany","16":"tag-https-lactualite-com-sujet-international","17":"tag-https-lactualite-com-sujet-politique","18":"tag-news","19":"tag-republique-federale-dallemagne"},"share_on_mastodon":{"url":"https:\/\/pubeurope.com\/@fr\/115013737700236042","error":""},"_links":{"self":[{"href":"https:\/\/www.europesays.com\/fr\/wp-json\/wp\/v2\/posts\/313054","targetHints":{"allow":["GET"]}}],"collection":[{"href":"https:\/\/www.europesays.com\/fr\/wp-json\/wp\/v2\/posts"}],"about":[{"href":"https:\/\/www.europesays.com\/fr\/wp-json\/wp\/v2\/types\/post"}],"author":[{"embeddable":true,"href":"https:\/\/www.europesays.com\/fr\/wp-json\/wp\/v2\/users\/2"}],"replies":[{"embeddable":true,"href":"https:\/\/www.europesays.com\/fr\/wp-json\/wp\/v2\/comments?post=313054"}],"version-history":[{"count":0,"href":"https:\/\/www.europesays.com\/fr\/wp-json\/wp\/v2\/posts\/313054\/revisions"}],"wp:featuredmedia":[{"embeddable":true,"href":"https:\/\/www.europesays.com\/fr\/wp-json\/wp\/v2\/media\/313055"}],"wp:attachment":[{"href":"https:\/\/www.europesays.com\/fr\/wp-json\/wp\/v2\/media?parent=313054"}],"wp:term":[{"taxonomy":"category","embeddable":true,"href":"https:\/\/www.europesays.com\/fr\/wp-json\/wp\/v2\/categories?post=313054"},{"taxonomy":"post_tag","embeddable":true,"href":"https:\/\/www.europesays.com\/fr\/wp-json\/wp\/v2\/tags?post=313054"}],"curies":[{"name":"wp","href":"https:\/\/api.w.org\/{rel}","templated":true}]}}